{"id":2491,"date":"2017-03-09T22:52:10","date_gmt":"2017-03-09T22:52:10","guid":{"rendered":"https:\/\/laprensacristiana.com\/?p=2491"},"modified":"2020-07-02T01:03:11","modified_gmt":"2020-07-02T01:03:11","slug":"momentos-2","status":"publish","type":"post","link":"https:\/\/laprensacristiana.com\/?p=2491","title":{"rendered":"\u00abMomentos\u00bb"},"content":{"rendered":"<h4>Bajo un g\u00e9nero diferente, pero con el mismo deseo de cantarle al Se\u00f1or.<\/h4>\n<p>El cantante de m\u00fasica cristiana Alex Campos, lanz\u00f3 su nuevo \u00e1lbum bajo el t\u00edtulo \u201cMomentos\u201d, esta vez presenta un disco en el g\u00e9nero ranchero.<\/p>\n<p>El disco que est\u00e1 ya disponible tanto en formato f\u00edsico y digital. En esta ocasi\u00f3n, Campos, conto con la colaboraci\u00f3n de Christine D\u2019Clario, Coalo Zamorano, Karina Moreno, Gadiel Espinoza y Ver\u00f3nica Leal.<\/p>\n<p>La mayor\u00eda de las letras que hacen posible este material, est\u00e1n basadas en situaciones de la vida de Alex, que la han dejado una huella en cuanto su relaci\u00f3n con Dios, en aspectos familiares y art\u00edsticos.\u00a0<a href=\"https:\/\/alexc.lnk.to\/Momentos\">Ver \u00e1lbum.<\/a><\/p>\n","protected":false},"excerpt":{"rendered":"<p>Bajo un g\u00e9nero diferente, pero con el mismo deseo de cantarle al Se\u00f1or. El cantante de m\u00fasica cristiana Alex Campos, lanz\u00f3 su nuevo \u00e1lbum bajo el t\u00edtulo \u201cMomentos\u201d, esta vez presenta un disco en el g\u00e9nero ranchero. El disco que est\u00e1 ya disponible tanto en formato f\u00edsico y digital. En esta ocasi\u00f3n, Campos, conto con [&hellip;]<\/p>\n","protected":false},"author":3,"featured_media":2487,"comment_status":"open","ping_status":"open","sticky":false,"template":"","format":"standard","meta":[],"categories":[36],"tags":[],"yoast_head":"<!-- This site is optimized with the Yoast SEO plugin v20.8 - https:\/\/yoast.com\/wordpress\/plugins\/seo\/ -->\n<title>&quot;Momentos&quot; - La Prensa Cristiana<\/title>\n<meta name=\"robots\" content=\"index, follow, max-snippet:-1, max-image-preview:large, max-video-preview:-1\" \/>\n<link rel=\"canonical\" href=\"https:\/\/laprensacristiana.com\/?p=2491\" \/>\n<meta property=\"og:locale\" content=\"es_ES\" \/>\n<meta property=\"og:type\" content=\"article\" \/>\n<meta property=\"og:title\" content=\"&quot;Momentos&quot; - La Prensa Cristiana\" \/>\n<meta property=\"og:description\" content=\"Bajo un g\u00e9nero diferente, pero con el mismo deseo de cantarle al Se\u00f1or. El cantante de m\u00fasica cristiana Alex Campos, lanz\u00f3 su nuevo \u00e1lbum bajo el t\u00edtulo \u201cMomentos\u201d, esta vez presenta un disco en el g\u00e9nero ranchero. El disco que est\u00e1 ya disponible tanto en formato f\u00edsico y digital. En esta ocasi\u00f3n, Campos, conto con [&hellip;]\" \/>\n<meta property=\"og:url\" content=\"https:\/\/laprensacristiana.com\/?p=2491\" \/>\n<meta property=\"og:site_name\" content=\"La Prensa Cristiana\" \/>\n<meta property=\"article:published_time\" content=\"2017-03-09T22:52:10+00:00\" \/>\n<meta property=\"article:modified_time\" content=\"2020-07-02T01:03:11+00:00\" \/>\n<meta property=\"og:image\" content=\"https:\/\/laprensacristiana.com\/wp-content\/uploads\/2017\/03\/ALEX.jpg\" \/>\n\t<meta property=\"og:image:width\" content=\"922\" \/>\n\t<meta property=\"og:image:height\" content=\"746\" \/>\n\t<meta property=\"og:image:type\" content=\"image\/jpeg\" \/>\n<meta name=\"author\" content=\"EDITOR\" \/>\n<meta name=\"twitter:card\" content=\"summary_large_image\" \/>\n<meta name=\"twitter:label1\" content=\"Escrito por\" \/>\n\t<meta name=\"twitter:data1\" content=\"EDITOR\" \/>\n\t<meta name=\"twitter:label2\" content=\"Tiempo de lectura\" \/>\n\t<meta name=\"twitter:data2\" content=\"1 minuto\" \/>\n<script type=\"application\/ld+json\" class=\"yoast-schema-graph\">{\"@context\":\"https:\/\/schema.org\",\"@graph\":[{\"@type\":\"WebPage\",\"@id\":\"https:\/\/laprensacristiana.com\/?p=2491\",\"url\":\"https:\/\/laprensacristiana.com\/?p=2491\",\"name\":\"\\\"Momentos\\\" - La Prensa Cristiana\",\"isPartOf\":{\"@id\":\"https:\/\/laprensacristiana.com\/#website\"},\"datePublished\":\"2017-03-09T22:52:10+00:00\",\"dateModified\":\"2020-07-02T01:03:11+00:00\",\"author\":{\"@id\":\"https:\/\/laprensacristiana.com\/#\/schema\/person\/3e7d82c6bfd6b1fa67010f8f7cd5256e\"},\"breadcrumb\":{\"@id\":\"https:\/\/laprensacristiana.com\/?p=2491#breadcrumb\"},\"inLanguage\":\"es\",\"potentialAction\":[{\"@type\":\"ReadAction\",\"target\":[\"https:\/\/laprensacristiana.com\/?p=2491\"]}]},{\"@type\":\"BreadcrumbList\",\"@id\":\"https:\/\/laprensacristiana.com\/?p=2491#breadcrumb\",\"itemListElement\":[{\"@type\":\"ListItem\",\"position\":1,\"name\":\"Portada\",\"item\":\"https:\/\/laprensacristiana.com\/\"},{\"@type\":\"ListItem\",\"position\":2,\"name\":\"\u00abMomentos\u00bb\"}]},{\"@type\":\"WebSite\",\"@id\":\"https:\/\/laprensacristiana.com\/#website\",\"url\":\"https:\/\/laprensacristiana.com\/\",\"name\":\"La Prensa Cristiana\",\"description\":\"Anunciando Las Buenas Nuevas\",\"potentialAction\":[{\"@type\":\"SearchAction\",\"target\":{\"@type\":\"EntryPoint\",\"urlTemplate\":\"https:\/\/laprensacristiana.com\/?s={search_term_string}\"},\"query-input\":\"required name=search_term_string\"}],\"inLanguage\":\"es\"},{\"@type\":\"Person\",\"@id\":\"https:\/\/laprensacristiana.com\/#\/schema\/person\/3e7d82c6bfd6b1fa67010f8f7cd5256e\",\"name\":\"EDITOR\",\"image\":{\"@type\":\"ImageObject\",\"inLanguage\":\"es\",\"@id\":\"https:\/\/laprensacristiana.com\/#\/schema\/person\/image\/\",\"url\":\"https:\/\/secure.gravatar.com\/avatar\/72069dfb6c13772d9e8381e3638666d2?s=96&d=mm&r=g\",\"contentUrl\":\"https:\/\/secure.gravatar.com\/avatar\/72069dfb6c13772d9e8381e3638666d2?s=96&d=mm&r=g\",\"caption\":\"EDITOR\"},\"url\":\"https:\/\/laprensacristiana.com\/?author=3\"}]}<\/script>\n<!-- \/ Yoast SEO plugin. -->","yoast_head_json":{"title":"\"Momentos\" - La Prensa Cristiana","robots":{"index":"index","follow":"follow","max-snippet":"max-snippet:-1","max-image-preview":"max-image-preview:large","max-video-preview":"max-video-preview:-1"},"canonical":"https:\/\/laprensacristiana.com\/?p=2491","og_locale":"es_ES","og_type":"article","og_title":"\"Momentos\" - La Prensa Cristiana","og_description":"Bajo un g\u00e9nero diferente, pero con el mismo deseo de cantarle al Se\u00f1or. El cantante de m\u00fasica cristiana Alex Campos, lanz\u00f3 su nuevo \u00e1lbum bajo el t\u00edtulo \u201cMomentos\u201d, esta vez presenta un disco en el g\u00e9nero ranchero. El disco que est\u00e1 ya disponible tanto en formato f\u00edsico y digital. En esta ocasi\u00f3n, Campos, conto con [&hellip;]","og_url":"https:\/\/laprensacristiana.com\/?p=2491","og_site_name":"La Prensa Cristiana","article_published_time":"2017-03-09T22:52:10+00:00","article_modified_time":"2020-07-02T01:03:11+00:00","og_image":[{"width":922,"height":746,"url":"https:\/\/laprensacristiana.com\/wp-content\/uploads\/2017\/03\/ALEX.jpg","type":"image\/jpeg"}],"author":"EDITOR","twitter_card":"summary_large_image","twitter_misc":{"Escrito por":"EDITOR","Tiempo de lectura":"1 minuto"},"schema":{"@context":"https:\/\/schema.org","@graph":[{"@type":"WebPage","@id":"https:\/\/laprensacristiana.com\/?p=2491","url":"https:\/\/laprensacristiana.com\/?p=2491","name":"\"Momentos\" - La Prensa Cristiana","isPartOf":{"@id":"https:\/\/laprensacristiana.com\/#website"},"datePublished":"2017-03-09T22:52:10+00:00","dateModified":"2020-07-02T01:03:11+00:00","author":{"@id":"https:\/\/laprensacristiana.com\/#\/schema\/person\/3e7d82c6bfd6b1fa67010f8f7cd5256e"},"breadcrumb":{"@id":"https:\/\/laprensacristiana.com\/?p=2491#breadcrumb"},"inLanguage":"es","potentialAction":[{"@type":"ReadAction","target":["https:\/\/laprensacristiana.com\/?p=2491"]}]},{"@type":"BreadcrumbList","@id":"https:\/\/laprensacristiana.com\/?p=2491#breadcrumb","itemListElement":[{"@type":"ListItem","position":1,"name":"Portada","item":"https:\/\/laprensacristiana.com\/"},{"@type":"ListItem","position":2,"name":"\u00abMomentos\u00bb"}]},{"@type":"WebSite","@id":"https:\/\/laprensacristiana.com\/#website","url":"https:\/\/laprensacristiana.com\/","name":"La Prensa Cristiana","description":"Anunciando Las Buenas Nuevas","potentialAction":[{"@type":"SearchAction","target":{"@type":"EntryPoint","urlTemplate":"https:\/\/laprensacristiana.com\/?s={search_term_string}"},"query-input":"required name=search_term_string"}],"inLanguage":"es"},{"@type":"Person","@id":"https:\/\/laprensacristiana.com\/#\/schema\/person\/3e7d82c6bfd6b1fa67010f8f7cd5256e","name":"EDITOR","image":{"@type":"ImageObject","inLanguage":"es","@id":"https:\/\/laprensacristiana.com\/#\/schema\/person\/image\/","url":"https:\/\/secure.gravatar.com\/avatar\/72069dfb6c13772d9e8381e3638666d2?s=96&d=mm&r=g","contentUrl":"https:\/\/secure.gravatar.com\/avatar\/72069dfb6c13772d9e8381e3638666d2?s=96&d=mm&r=g","caption":"EDITOR"},"url":"https:\/\/laprensacristiana.com\/?author=3"}]}},"_links":{"self":[{"href":"https:\/\/laprensacristiana.com\/index.php?rest_route=\/wp\/v2\/posts\/2491"}],"collection":[{"href":"https:\/\/laprensacristiana.com\/index.php?rest_route=\/wp\/v2\/posts"}],"about":[{"href":"https:\/\/laprensacristiana.com\/index.php?rest_route=\/wp\/v2\/types\/post"}],"author":[{"embeddable":true,"href":"https:\/\/laprensacristiana.com\/index.php?rest_route=\/wp\/v2\/users\/3"}],"replies":[{"embeddable":true,"href":"https:\/\/laprensacristiana.com\/index.php?rest_route=%2Fwp%2Fv2%2Fcomments&post=2491"}],"version-history":[{"count":1,"href":"https:\/\/laprensacristiana.com\/index.php?rest_route=\/wp\/v2\/posts\/2491\/revisions"}],"predecessor-version":[{"id":2492,"href":"https:\/\/laprensacristiana.com\/index.php?rest_route=\/wp\/v2\/posts\/2491\/revisions\/2492"}],"wp:featuredmedia":[{"embeddable":true,"href":"https:\/\/laprensacristiana.com\/index.php?rest_route=\/wp\/v2\/media\/2487"}],"wp:attachment":[{"href":"https:\/\/laprensacristiana.com\/index.php?rest_route=%2Fwp%2Fv2%2Fmedia&parent=2491"}],"wp:term":[{"taxonomy":"category","embeddable":true,"href":"https:\/\/laprensacristiana.com\/index.php?rest_route=%2Fwp%2Fv2%2Fcategories&post=2491"},{"taxonomy":"post_tag","embeddable":true,"href":"https:\/\/laprensacristiana.com\/index.php?rest_route=%2Fwp%2Fv2%2Ftags&post=2491"}],"curies":[{"name":"wp","href":"https:\/\/api.w.org\/{rel}","templated":true}]}}