{"id":2501,"date":"2017-03-10T22:38:19","date_gmt":"2017-03-10T22:38:19","guid":{"rendered":"https:\/\/laprensacristiana.com\/?p=2501"},"modified":"2020-07-02T01:02:57","modified_gmt":"2020-07-02T01:02:57","slug":"2501","status":"publish","type":"post","link":"https:\/\/laprensacristiana.com\/?p=2501","title":{"rendered":"Pastor es reconocido por su labor"},"content":{"rendered":"<h4>Por su entrega y lucha para alcanzar la paz<\/h4>\n<p>El Doctor Mauricio Navas, Pastor general de la Iglesia Del Camino, fue enaltecido con un reconocimiento en el pa\u00eds de Israel como \u201cEmbajador de Buena Voluntad del Camino para la Paz\u201d gracias al aporte que ha hecho en El Salvador a trav\u00e9s de sus proyectos: \u201cNo Matar\u00e1s y Tomando Mi Naci\u00f3n\u201d, que van en busca de prevenir la violencia.<\/p>\n<p><strong><em>\u201cEste reconocimiento se lo dedico a Dios, y a todos los salvadore\u00f1os que han cre\u00eddo que El Salvador puede recibir un cambio\u201d,<\/em><\/strong> dijo el Pastor Navas en el momento de su participaci\u00f3n en el congreso por la paz, que es realizado por la Women Add Value, organizaci\u00f3n cristiana que entreg\u00f3 el reconocimiento.<\/p>\n<p>Junto a otras personalidades que trabajan por la paz, el Pastor Navas comparti\u00f3 sobre la labor que realiza por medio de la palabra de Dios, y que de esta manera es posible el cambio en una naci\u00f3n. Debido a que en muchos eventos donde el pastor ha tenido la oportunidad de expresar su testimonio, pone en manifiesto el cambio que se logra en la sociedad cuando el principal camino es hacia Dios.<\/p>\n","protected":false},"excerpt":{"rendered":"<p>Por su entrega y lucha para alcanzar la paz El Doctor Mauricio Navas, Pastor general de la Iglesia Del Camino, fue enaltecido con un reconocimiento en el pa\u00eds de Israel como \u201cEmbajador de Buena Voluntad del Camino para la Paz\u201d gracias al aporte que ha hecho en El Salvador a trav\u00e9s de sus proyectos: \u201cNo [&hellip;]<\/p>\n","protected":false},"author":3,"featured_media":2502,"comment_status":"open","ping_status":"open","sticky":false,"template":"","format":"standard","meta":[],"categories":[56],"tags":[],"yoast_head":"<!-- This site is optimized with the Yoast SEO plugin v20.8 - https:\/\/yoast.com\/wordpress\/plugins\/seo\/ -->\n<title>Pastor es reconocido por su labor - La Prensa Cristiana<\/title>\n<meta name=\"robots\" content=\"index, follow, max-snippet:-1, max-image-preview:large, max-video-preview:-1\" \/>\n<link rel=\"canonical\" href=\"https:\/\/laprensacristiana.com\/?p=2501\" \/>\n<meta property=\"og:locale\" content=\"es_ES\" \/>\n<meta property=\"og:type\" content=\"article\" \/>\n<meta property=\"og:title\" content=\"Pastor es reconocido por su labor - La Prensa Cristiana\" \/>\n<meta property=\"og:description\" content=\"Por su entrega y lucha para alcanzar la paz El Doctor Mauricio Navas, Pastor general de la Iglesia Del Camino, fue enaltecido con un reconocimiento en el pa\u00eds de Israel como \u201cEmbajador de Buena Voluntad del Camino para la Paz\u201d gracias al aporte que ha hecho en El Salvador a trav\u00e9s de sus proyectos: \u201cNo [&hellip;]\" \/>\n<meta property=\"og:url\" content=\"https:\/\/laprensacristiana.com\/?p=2501\" \/>\n<meta property=\"og:site_name\" content=\"La Prensa Cristiana\" \/>\n<meta property=\"article:published_time\" content=\"2017-03-10T22:38:19+00:00\" \/>\n<meta property=\"article:modified_time\" content=\"2020-07-02T01:02:57+00:00\" \/>\n<meta property=\"og:image\" content=\"https:\/\/laprensacristiana.com\/wp-content\/uploads\/2017\/03\/PATOR-NAVAS.jpg\" \/>\n\t<meta property=\"og:image:width\" content=\"1082\" \/>\n\t<meta property=\"og:image:height\" content=\"624\" \/>\n\t<meta property=\"og:image:type\" content=\"image\/jpeg\" \/>\n<meta name=\"author\" content=\"EDITOR\" \/>\n<meta name=\"twitter:card\" content=\"summary_large_image\" \/>\n<meta name=\"twitter:label1\" content=\"Escrito por\" \/>\n\t<meta name=\"twitter:data1\" content=\"EDITOR\" \/>\n\t<meta name=\"twitter:label2\" content=\"Tiempo de lectura\" \/>\n\t<meta name=\"twitter:data2\" content=\"1 minuto\" \/>\n<script type=\"application\/ld+json\" class=\"yoast-schema-graph\">{\"@context\":\"https:\/\/schema.org\",\"@graph\":[{\"@type\":\"WebPage\",\"@id\":\"https:\/\/laprensacristiana.com\/?p=2501\",\"url\":\"https:\/\/laprensacristiana.com\/?p=2501\",\"name\":\"Pastor es reconocido por su labor - La Prensa Cristiana\",\"isPartOf\":{\"@id\":\"https:\/\/laprensacristiana.com\/#website\"},\"datePublished\":\"2017-03-10T22:38:19+00:00\",\"dateModified\":\"2020-07-02T01:02:57+00:00\",\"author\":{\"@id\":\"https:\/\/laprensacristiana.com\/#\/schema\/person\/3e7d82c6bfd6b1fa67010f8f7cd5256e\"},\"breadcrumb\":{\"@id\":\"https:\/\/laprensacristiana.com\/?p=2501#breadcrumb\"},\"inLanguage\":\"es\",\"potentialAction\":[{\"@type\":\"ReadAction\",\"target\":[\"https:\/\/laprensacristiana.com\/?p=2501\"]}]},{\"@type\":\"BreadcrumbList\",\"@id\":\"https:\/\/laprensacristiana.com\/?p=2501#breadcrumb\",\"itemListElement\":[{\"@type\":\"ListItem\",\"position\":1,\"name\":\"Portada\",\"item\":\"https:\/\/laprensacristiana.com\/\"},{\"@type\":\"ListItem\",\"position\":2,\"name\":\"Pastor es reconocido por su labor\"}]},{\"@type\":\"WebSite\",\"@id\":\"https:\/\/laprensacristiana.com\/#website\",\"url\":\"https:\/\/laprensacristiana.com\/\",\"name\":\"La Prensa Cristiana\",\"description\":\"Anunciando Las Buenas Nuevas\",\"potentialAction\":[{\"@type\":\"SearchAction\",\"target\":{\"@type\":\"EntryPoint\",\"urlTemplate\":\"https:\/\/laprensacristiana.com\/?s={search_term_string}\"},\"query-input\":\"required name=search_term_string\"}],\"inLanguage\":\"es\"},{\"@type\":\"Person\",\"@id\":\"https:\/\/laprensacristiana.com\/#\/schema\/person\/3e7d82c6bfd6b1fa67010f8f7cd5256e\",\"name\":\"EDITOR\",\"image\":{\"@type\":\"ImageObject\",\"inLanguage\":\"es\",\"@id\":\"https:\/\/laprensacristiana.com\/#\/schema\/person\/image\/\",\"url\":\"https:\/\/secure.gravatar.com\/avatar\/72069dfb6c13772d9e8381e3638666d2?s=96&d=mm&r=g\",\"contentUrl\":\"https:\/\/secure.gravatar.com\/avatar\/72069dfb6c13772d9e8381e3638666d2?s=96&d=mm&r=g\",\"caption\":\"EDITOR\"},\"url\":\"https:\/\/laprensacristiana.com\/?author=3\"}]}<\/script>\n<!-- \/ Yoast SEO plugin. -->","yoast_head_json":{"title":"Pastor es reconocido por su labor - La Prensa Cristiana","robots":{"index":"index","follow":"follow","max-snippet":"max-snippet:-1","max-image-preview":"max-image-preview:large","max-video-preview":"max-video-preview:-1"},"canonical":"https:\/\/laprensacristiana.com\/?p=2501","og_locale":"es_ES","og_type":"article","og_title":"Pastor es reconocido por su labor - La Prensa Cristiana","og_description":"Por su entrega y lucha para alcanzar la paz El Doctor Mauricio Navas, Pastor general de la Iglesia Del Camino, fue enaltecido con un reconocimiento en el pa\u00eds de Israel como \u201cEmbajador de Buena Voluntad del Camino para la Paz\u201d gracias al aporte que ha hecho en El Salvador a trav\u00e9s de sus proyectos: \u201cNo [&hellip;]","og_url":"https:\/\/laprensacristiana.com\/?p=2501","og_site_name":"La Prensa Cristiana","article_published_time":"2017-03-10T22:38:19+00:00","article_modified_time":"2020-07-02T01:02:57+00:00","og_image":[{"width":1082,"height":624,"url":"https:\/\/laprensacristiana.com\/wp-content\/uploads\/2017\/03\/PATOR-NAVAS.jpg","type":"image\/jpeg"}],"author":"EDITOR","twitter_card":"summary_large_image","twitter_misc":{"Escrito por":"EDITOR","Tiempo de lectura":"1 minuto"},"schema":{"@context":"https:\/\/schema.org","@graph":[{"@type":"WebPage","@id":"https:\/\/laprensacristiana.com\/?p=2501","url":"https:\/\/laprensacristiana.com\/?p=2501","name":"Pastor es reconocido por su labor - La Prensa Cristiana","isPartOf":{"@id":"https:\/\/laprensacristiana.com\/#website"},"datePublished":"2017-03-10T22:38:19+00:00","dateModified":"2020-07-02T01:02:57+00:00","author":{"@id":"https:\/\/laprensacristiana.com\/#\/schema\/person\/3e7d82c6bfd6b1fa67010f8f7cd5256e"},"breadcrumb":{"@id":"https:\/\/laprensacristiana.com\/?p=2501#breadcrumb"},"inLanguage":"es","potentialAction":[{"@type":"ReadAction","target":["https:\/\/laprensacristiana.com\/?p=2501"]}]},{"@type":"BreadcrumbList","@id":"https:\/\/laprensacristiana.com\/?p=2501#breadcrumb","itemListElement":[{"@type":"ListItem","position":1,"name":"Portada","item":"https:\/\/laprensacristiana.com\/"},{"@type":"ListItem","position":2,"name":"Pastor es reconocido por su labor"}]},{"@type":"WebSite","@id":"https:\/\/laprensacristiana.com\/#website","url":"https:\/\/laprensacristiana.com\/","name":"La Prensa Cristiana","description":"Anunciando Las Buenas Nuevas","potentialAction":[{"@type":"SearchAction","target":{"@type":"EntryPoint","urlTemplate":"https:\/\/laprensacristiana.com\/?s={search_term_string}"},"query-input":"required name=search_term_string"}],"inLanguage":"es"},{"@type":"Person","@id":"https:\/\/laprensacristiana.com\/#\/schema\/person\/3e7d82c6bfd6b1fa67010f8f7cd5256e","name":"EDITOR","image":{"@type":"ImageObject","inLanguage":"es","@id":"https:\/\/laprensacristiana.com\/#\/schema\/person\/image\/","url":"https:\/\/secure.gravatar.com\/avatar\/72069dfb6c13772d9e8381e3638666d2?s=96&d=mm&r=g","contentUrl":"https:\/\/secure.gravatar.com\/avatar\/72069dfb6c13772d9e8381e3638666d2?s=96&d=mm&r=g","caption":"EDITOR"},"url":"https:\/\/laprensacristiana.com\/?author=3"}]}},"_links":{"self":[{"href":"https:\/\/laprensacristiana.com\/index.php?rest_route=\/wp\/v2\/posts\/2501"}],"collection":[{"href":"https:\/\/laprensacristiana.com\/index.php?rest_route=\/wp\/v2\/posts"}],"about":[{"href":"https:\/\/laprensacristiana.com\/index.php?rest_route=\/wp\/v2\/types\/post"}],"author":[{"embeddable":true,"href":"https:\/\/laprensacristiana.com\/index.php?rest_route=\/wp\/v2\/users\/3"}],"replies":[{"embeddable":true,"href":"https:\/\/laprensacristiana.com\/index.php?rest_route=%2Fwp%2Fv2%2Fcomments&post=2501"}],"version-history":[{"count":3,"href":"https:\/\/laprensacristiana.com\/index.php?rest_route=\/wp\/v2\/posts\/2501\/revisions"}],"predecessor-version":[{"id":2505,"href":"https:\/\/laprensacristiana.com\/index.php?rest_route=\/wp\/v2\/posts\/2501\/revisions\/2505"}],"wp:featuredmedia":[{"embeddable":true,"href":"https:\/\/laprensacristiana.com\/index.php?rest_route=\/wp\/v2\/media\/2502"}],"wp:attachment":[{"href":"https:\/\/laprensacristiana.com\/index.php?rest_route=%2Fwp%2Fv2%2Fmedia&parent=2501"}],"wp:term":[{"taxonomy":"category","embeddable":true,"href":"https:\/\/laprensacristiana.com\/index.php?rest_route=%2Fwp%2Fv2%2Fcategories&post=2501"},{"taxonomy":"post_tag","embeddable":true,"href":"https:\/\/laprensacristiana.com\/index.php?rest_route=%2Fwp%2Fv2%2Ftags&post=2501"}],"curies":[{"name":"wp","href":"https:\/\/api.w.org\/{rel}","templated":true}]}}