{"id":2506,"date":"2017-03-11T00:02:19","date_gmt":"2017-03-11T00:02:19","guid":{"rendered":"https:\/\/laprensacristiana.com\/?p=2506"},"modified":"2020-07-02T01:02:44","modified_gmt":"2020-07-02T01:02:44","slug":"40-semanas-de-clamor","status":"publish","type":"post","link":"https:\/\/laprensacristiana.com\/?p=2506","title":{"rendered":"\u00ab40 Semanas de clamor\u00bb"},"content":{"rendered":"<p>Es una iniciativa de Iglesias Evang\u00e9licas de diferentes denominaciones que pretenden una campa\u00f1a de oraci\u00f3n por el pa\u00eds, llev\u00e1ndose a cabo cada semana.<\/p>\n<p>Cada fin de semana estar\u00e1n llegando a cada cabecera departamental, en donde se har\u00e1 una convocatoria general a pastores y l\u00edderes de iglesias, esto para compartir la visi\u00f3n del programa y as\u00ed reunir a m\u00e1s personas. 40 semanas de clamor como tal, finalizar\u00e1 el 23 de noviembre que es el d\u00eda nacional de la Oraci\u00f3n en El Salvador.<\/p>\n<p>En un programa matutino del pa\u00eds, el Licenciado Hugo Ram\u00edrez presidente de la Universidad Evang\u00e9lica\u00a0de El Salvador y el Doctor Oscar Armando Dur\u00e1n presidente de la Universidad Global de las Asambleas de Dios; hicieron la atenta invitaci\u00f3n para unirse a la campa\u00f1a e informaron que a trav\u00e9s de la fanpage \u201cCuarenta Semanas de Clamor\u201d, las personas pueden estar al d\u00eda de lo que se estar\u00e1 haciendo.<\/p>\n<p><em><strong>\u201cLa oraci\u00f3n es lo \u00fanico que puede cambiar al pa\u00eds\u201d <\/strong><\/em>Expres\u00f3 el Licenciado Hugo Ram\u00edrez.<\/p>\n<p>A trav\u00e9s de esta actividad, se pretende que el pa\u00eds entero se una en oraci\u00f3n, para enfrentar cada problema por el que est\u00e9 pasando la naci\u00f3n.<\/p>\n<p><strong><em>\u201cTodos los que se quieran unir, todos los que amemos este pa\u00eds, porque la oraci\u00f3n no critica, no ofende. La oraci\u00f3n es un clamor.<\/em><\/strong>\u201d Dijo el Pastor Oscar Dur\u00e1n.<\/p>\n","protected":false},"excerpt":{"rendered":"<p>Es una iniciativa de Iglesias Evang\u00e9licas de diferentes denominaciones que pretenden una campa\u00f1a de oraci\u00f3n por el pa\u00eds, llev\u00e1ndose a cabo cada semana. Cada fin de semana estar\u00e1n llegando a cada cabecera departamental, en donde se har\u00e1 una convocatoria general a pastores y l\u00edderes de iglesias, esto para compartir la visi\u00f3n del programa y as\u00ed [&hellip;]<\/p>\n","protected":false},"author":3,"featured_media":2507,"comment_status":"open","ping_status":"open","sticky":false,"template":"","format":"standard","meta":[],"categories":[56],"tags":[],"yoast_head":"<!-- This site is optimized with the Yoast SEO plugin v20.8 - https:\/\/yoast.com\/wordpress\/plugins\/seo\/ -->\n<title>&quot;40 Semanas de clamor&quot; - La Prensa Cristiana<\/title>\n<meta name=\"robots\" content=\"index, follow, max-snippet:-1, max-image-preview:large, max-video-preview:-1\" \/>\n<link rel=\"canonical\" href=\"https:\/\/laprensacristiana.com\/?p=2506\" \/>\n<meta property=\"og:locale\" content=\"es_ES\" \/>\n<meta property=\"og:type\" content=\"article\" \/>\n<meta property=\"og:title\" content=\"&quot;40 Semanas de clamor&quot; - La Prensa Cristiana\" \/>\n<meta property=\"og:description\" content=\"Es una iniciativa de Iglesias Evang\u00e9licas de diferentes denominaciones que pretenden una campa\u00f1a de oraci\u00f3n por el pa\u00eds, llev\u00e1ndose a cabo cada semana. Cada fin de semana estar\u00e1n llegando a cada cabecera departamental, en donde se har\u00e1 una convocatoria general a pastores y l\u00edderes de iglesias, esto para compartir la visi\u00f3n del programa y as\u00ed [&hellip;]\" \/>\n<meta property=\"og:url\" content=\"https:\/\/laprensacristiana.com\/?p=2506\" \/>\n<meta property=\"og:site_name\" content=\"La Prensa Cristiana\" \/>\n<meta property=\"article:published_time\" content=\"2017-03-11T00:02:19+00:00\" \/>\n<meta property=\"article:modified_time\" content=\"2020-07-02T01:02:44+00:00\" \/>\n<meta property=\"og:image\" content=\"https:\/\/laprensacristiana.com\/wp-content\/uploads\/2017\/03\/40.jpg\" \/>\n\t<meta property=\"og:image:width\" content=\"833\" \/>\n\t<meta property=\"og:image:height\" content=\"833\" \/>\n\t<meta property=\"og:image:type\" content=\"image\/jpeg\" \/>\n<meta name=\"author\" content=\"EDITOR\" \/>\n<meta name=\"twitter:card\" content=\"summary_large_image\" \/>\n<meta name=\"twitter:label1\" content=\"Escrito por\" \/>\n\t<meta name=\"twitter:data1\" content=\"EDITOR\" \/>\n\t<meta name=\"twitter:label2\" content=\"Tiempo de lectura\" \/>\n\t<meta name=\"twitter:data2\" content=\"1 minuto\" \/>\n<script type=\"application\/ld+json\" class=\"yoast-schema-graph\">{\"@context\":\"https:\/\/schema.org\",\"@graph\":[{\"@type\":\"WebPage\",\"@id\":\"https:\/\/laprensacristiana.com\/?p=2506\",\"url\":\"https:\/\/laprensacristiana.com\/?p=2506\",\"name\":\"\\\"40 Semanas de clamor\\\" - La Prensa Cristiana\",\"isPartOf\":{\"@id\":\"https:\/\/laprensacristiana.com\/#website\"},\"datePublished\":\"2017-03-11T00:02:19+00:00\",\"dateModified\":\"2020-07-02T01:02:44+00:00\",\"author\":{\"@id\":\"https:\/\/laprensacristiana.com\/#\/schema\/person\/3e7d82c6bfd6b1fa67010f8f7cd5256e\"},\"breadcrumb\":{\"@id\":\"https:\/\/laprensacristiana.com\/?p=2506#breadcrumb\"},\"inLanguage\":\"es\",\"potentialAction\":[{\"@type\":\"ReadAction\",\"target\":[\"https:\/\/laprensacristiana.com\/?p=2506\"]}]},{\"@type\":\"BreadcrumbList\",\"@id\":\"https:\/\/laprensacristiana.com\/?p=2506#breadcrumb\",\"itemListElement\":[{\"@type\":\"ListItem\",\"position\":1,\"name\":\"Portada\",\"item\":\"https:\/\/laprensacristiana.com\/\"},{\"@type\":\"ListItem\",\"position\":2,\"name\":\"\u00ab40 Semanas de clamor\u00bb\"}]},{\"@type\":\"WebSite\",\"@id\":\"https:\/\/laprensacristiana.com\/#website\",\"url\":\"https:\/\/laprensacristiana.com\/\",\"name\":\"La Prensa Cristiana\",\"description\":\"Anunciando Las Buenas Nuevas\",\"potentialAction\":[{\"@type\":\"SearchAction\",\"target\":{\"@type\":\"EntryPoint\",\"urlTemplate\":\"https:\/\/laprensacristiana.com\/?s={search_term_string}\"},\"query-input\":\"required name=search_term_string\"}],\"inLanguage\":\"es\"},{\"@type\":\"Person\",\"@id\":\"https:\/\/laprensacristiana.com\/#\/schema\/person\/3e7d82c6bfd6b1fa67010f8f7cd5256e\",\"name\":\"EDITOR\",\"image\":{\"@type\":\"ImageObject\",\"inLanguage\":\"es\",\"@id\":\"https:\/\/laprensacristiana.com\/#\/schema\/person\/image\/\",\"url\":\"https:\/\/secure.gravatar.com\/avatar\/72069dfb6c13772d9e8381e3638666d2?s=96&d=mm&r=g\",\"contentUrl\":\"https:\/\/secure.gravatar.com\/avatar\/72069dfb6c13772d9e8381e3638666d2?s=96&d=mm&r=g\",\"caption\":\"EDITOR\"},\"url\":\"https:\/\/laprensacristiana.com\/?author=3\"}]}<\/script>\n<!-- \/ Yoast SEO plugin. -->","yoast_head_json":{"title":"\"40 Semanas de clamor\" - La Prensa Cristiana","robots":{"index":"index","follow":"follow","max-snippet":"max-snippet:-1","max-image-preview":"max-image-preview:large","max-video-preview":"max-video-preview:-1"},"canonical":"https:\/\/laprensacristiana.com\/?p=2506","og_locale":"es_ES","og_type":"article","og_title":"\"40 Semanas de clamor\" - La Prensa Cristiana","og_description":"Es una iniciativa de Iglesias Evang\u00e9licas de diferentes denominaciones que pretenden una campa\u00f1a de oraci\u00f3n por el pa\u00eds, llev\u00e1ndose a cabo cada semana. Cada fin de semana estar\u00e1n llegando a cada cabecera departamental, en donde se har\u00e1 una convocatoria general a pastores y l\u00edderes de iglesias, esto para compartir la visi\u00f3n del programa y as\u00ed [&hellip;]","og_url":"https:\/\/laprensacristiana.com\/?p=2506","og_site_name":"La Prensa Cristiana","article_published_time":"2017-03-11T00:02:19+00:00","article_modified_time":"2020-07-02T01:02:44+00:00","og_image":[{"width":833,"height":833,"url":"https:\/\/laprensacristiana.com\/wp-content\/uploads\/2017\/03\/40.jpg","type":"image\/jpeg"}],"author":"EDITOR","twitter_card":"summary_large_image","twitter_misc":{"Escrito por":"EDITOR","Tiempo de lectura":"1 minuto"},"schema":{"@context":"https:\/\/schema.org","@graph":[{"@type":"WebPage","@id":"https:\/\/laprensacristiana.com\/?p=2506","url":"https:\/\/laprensacristiana.com\/?p=2506","name":"\"40 Semanas de clamor\" - La Prensa Cristiana","isPartOf":{"@id":"https:\/\/laprensacristiana.com\/#website"},"datePublished":"2017-03-11T00:02:19+00:00","dateModified":"2020-07-02T01:02:44+00:00","author":{"@id":"https:\/\/laprensacristiana.com\/#\/schema\/person\/3e7d82c6bfd6b1fa67010f8f7cd5256e"},"breadcrumb":{"@id":"https:\/\/laprensacristiana.com\/?p=2506#breadcrumb"},"inLanguage":"es","potentialAction":[{"@type":"ReadAction","target":["https:\/\/laprensacristiana.com\/?p=2506"]}]},{"@type":"BreadcrumbList","@id":"https:\/\/laprensacristiana.com\/?p=2506#breadcrumb","itemListElement":[{"@type":"ListItem","position":1,"name":"Portada","item":"https:\/\/laprensacristiana.com\/"},{"@type":"ListItem","position":2,"name":"\u00ab40 Semanas de clamor\u00bb"}]},{"@type":"WebSite","@id":"https:\/\/laprensacristiana.com\/#website","url":"https:\/\/laprensacristiana.com\/","name":"La Prensa Cristiana","description":"Anunciando Las Buenas Nuevas","potentialAction":[{"@type":"SearchAction","target":{"@type":"EntryPoint","urlTemplate":"https:\/\/laprensacristiana.com\/?s={search_term_string}"},"query-input":"required name=search_term_string"}],"inLanguage":"es"},{"@type":"Person","@id":"https:\/\/laprensacristiana.com\/#\/schema\/person\/3e7d82c6bfd6b1fa67010f8f7cd5256e","name":"EDITOR","image":{"@type":"ImageObject","inLanguage":"es","@id":"https:\/\/laprensacristiana.com\/#\/schema\/person\/image\/","url":"https:\/\/secure.gravatar.com\/avatar\/72069dfb6c13772d9e8381e3638666d2?s=96&d=mm&r=g","contentUrl":"https:\/\/secure.gravatar.com\/avatar\/72069dfb6c13772d9e8381e3638666d2?s=96&d=mm&r=g","caption":"EDITOR"},"url":"https:\/\/laprensacristiana.com\/?author=3"}]}},"_links":{"self":[{"href":"https:\/\/laprensacristiana.com\/index.php?rest_route=\/wp\/v2\/posts\/2506"}],"collection":[{"href":"https:\/\/laprensacristiana.com\/index.php?rest_route=\/wp\/v2\/posts"}],"about":[{"href":"https:\/\/laprensacristiana.com\/index.php?rest_route=\/wp\/v2\/types\/post"}],"author":[{"embeddable":true,"href":"https:\/\/laprensacristiana.com\/index.php?rest_route=\/wp\/v2\/users\/3"}],"replies":[{"embeddable":true,"href":"https:\/\/laprensacristiana.com\/index.php?rest_route=%2Fwp%2Fv2%2Fcomments&post=2506"}],"version-history":[{"count":1,"href":"https:\/\/laprensacristiana.com\/index.php?rest_route=\/wp\/v2\/posts\/2506\/revisions"}],"predecessor-version":[{"id":2508,"href":"https:\/\/laprensacristiana.com\/index.php?rest_route=\/wp\/v2\/posts\/2506\/revisions\/2508"}],"wp:featuredmedia":[{"embeddable":true,"href":"https:\/\/laprensacristiana.com\/index.php?rest_route=\/wp\/v2\/media\/2507"}],"wp:attachment":[{"href":"https:\/\/laprensacristiana.com\/index.php?rest_route=%2Fwp%2Fv2%2Fmedia&parent=2506"}],"wp:term":[{"taxonomy":"category","embeddable":true,"href":"https:\/\/laprensacristiana.com\/index.php?rest_route=%2Fwp%2Fv2%2Fcategories&post=2506"},{"taxonomy":"post_tag","embeddable":true,"href":"https:\/\/laprensacristiana.com\/index.php?rest_route=%2Fwp%2Fv2%2Ftags&post=2506"}],"curies":[{"name":"wp","href":"https:\/\/api.w.org\/{rel}","templated":true}]}}