{"id":2509,"date":"2017-03-11T00:06:25","date_gmt":"2017-03-11T00:06:25","guid":{"rendered":"https:\/\/laprensacristiana.com\/?p=2509"},"modified":"2017-03-11T00:06:25","modified_gmt":"2017-03-11T00:06:25","slug":"escuelas-abiertas-para-la-paz","status":"publish","type":"post","link":"https:\/\/laprensacristiana.com\/?p=2509","title":{"rendered":"Escuelas abiertas para la paz"},"content":{"rendered":"<p>El programa de escuelas abiertas se considera uno de las m\u00e1s pertinentes y efectivos para la prevenci\u00f3n de la violencia en Latinoam\u00e9rica.<span id=\"more-8453\"><\/span> El mismo ha sido implementado en M\u00e9xico, Guatemala, Brasil, Argentina y Uruguay. Aunque cada uno de esos pa\u00edses posee condicionantes diferentes de la violencia, el m\u00e9todo ha resultado ser muy exitoso en todos ellos.<\/p>\n<p>La idea es bastante simple, pues consiste en abrir las escuelas los s\u00e1bados y domingos para ofrecer a los j\u00f3venes y sus familias actividades culturales, deportivas, art\u00edsticas, recreativas y de formaci\u00f3n profesional. El resultado es que se empodera a los j\u00f3venes, se fortalece el tejido comunitario y se potencia el rol de la escuela para la reducci\u00f3n de los \u00edndices de violencia, construyendo una cultura de paz.<\/p>\n<p>En una sociedad como la salvadore\u00f1a, en la cual se estigmatiza a los j\u00f3venes, el programa resulta vital para articular las relaciones din\u00e1micas que son claves en el plano local: los j\u00f3venes, las escuelas y las comunidades. El enlazar la escuela a la comunidad permite enriquecer los procesos pedag\u00f3gicos utilizando la riqueza del entorno, cosa que normalmente no se logra porque las escuelas suelen funcionar en total autonom\u00eda de sus localidades.<\/p>\n<p>Esa es una de las razones por las que los propios j\u00f3venes destruyen la infraestructura escolar, con la que no se sienten identificados. El programa se construye sobre la base de reconocer la falta de espacios e iniciativas para el deporte, la cultura y la recreaci\u00f3n como un factor de riesgo que asociado a otros genera expresiones violentas.<\/p>\n<p>En la misma l\u00ednea, el programa sostiene la convicci\u00f3n de que la educaci\u00f3n no es un proceso exclusivo de la escuela, sino que se extiende a diversas esferas sociales, por lo cual se puede ense\u00f1ar y aprender a trav\u00e9s del juego y de los esfuerzos de actores diversos como las familias, la comunidad, los medios de comunicaci\u00f3n, las iglesias, la empresa privada, etc.<\/p>\n<p>Por todo lo dicho, la iniciativa de escuelas abiertas es una acci\u00f3n fundamental del Plan El Salvador Seguro que se pretende establecer y mantener en los primeros 26 municipios priorizados. Para ello se necesita de una asignaci\u00f3n de 11.1 millones de d\u00f3lares para 2017.<\/p>\n<p>Con esa inversi\u00f3n, se podr\u00e1 atender a un estimado de 20,000 j\u00f3venes en el programa, un total de 148,000 estudiantes ser\u00e1n beneficiados por las mejoras en infraestructura y se estiman varias docenas de miles de maestros, padres y madres recibiendo apoyo psicol\u00f3gico.<\/p>\n<p>Para esa inversi\u00f3n no se necesita establecer un nuevo impuesto, pues la recaudaci\u00f3n de la Contribuci\u00f3n Especial para la Seguridad ha colectado los recursos suficientes para la puesta en marcha del programa. El retraso que se tiene ahora es la reorientaci\u00f3n de los recursos que se ha propuesto en la Asamblea Legislativa y que sugiere invertir mucho m\u00e1s en balas que en programas de educaci\u00f3n como el de las escuelas abiertas.<\/p>\n<p>Eso, a pesar de que la distribuci\u00f3n actual del fondo se encuentra ya desbalanceada, asignando un 61 % a la represi\u00f3n y solo un 39 % a la prevenci\u00f3n; rompiendo con ello el marco conceptual que inspir\u00f3 el Plan y que produjo la adhesi\u00f3n de las diversas expresiones sociales representadas en el Consejo Nacional de Seguridad.<\/p>\n<p>Que Dios ilumine a nuestros legisladores para que comprendan las razones que asisten al Consejo de Seguridad cuando solicita fondos para el programa de escuelas abiertas como m\u00e9todo probado de prevenci\u00f3n de la violencia.<\/p>\n","protected":false},"excerpt":{"rendered":"<p>El programa de escuelas abiertas se considera uno de las m\u00e1s pertinentes y efectivos para la prevenci\u00f3n de la violencia en Latinoam\u00e9rica. El mismo ha sido implementado en M\u00e9xico, Guatemala, Brasil, Argentina y Uruguay. Aunque cada uno de esos pa\u00edses posee condicionantes diferentes de la violencia, el m\u00e9todo ha resultado ser muy exitoso en todos [&hellip;]<\/p>\n","protected":false},"author":3,"featured_media":410,"comment_status":"open","ping_status":"open","sticky":false,"template":"","format":"standard","meta":[],"categories":[23],"tags":[],"yoast_head":"<!-- This site is optimized with the Yoast SEO plugin v20.8 - https:\/\/yoast.com\/wordpress\/plugins\/seo\/ -->\n<title>Escuelas abiertas para la paz - La Prensa Cristiana<\/title>\n<meta name=\"robots\" content=\"index, follow, max-snippet:-1, max-image-preview:large, max-video-preview:-1\" \/>\n<link rel=\"canonical\" href=\"https:\/\/laprensacristiana.com\/?p=2509\" \/>\n<meta property=\"og:locale\" content=\"es_ES\" \/>\n<meta property=\"og:type\" content=\"article\" \/>\n<meta property=\"og:title\" content=\"Escuelas abiertas para la paz - La Prensa Cristiana\" \/>\n<meta property=\"og:description\" content=\"El programa de escuelas abiertas se considera uno de las m\u00e1s pertinentes y efectivos para la prevenci\u00f3n de la violencia en Latinoam\u00e9rica. El mismo ha sido implementado en M\u00e9xico, Guatemala, Brasil, Argentina y Uruguay. Aunque cada uno de esos pa\u00edses posee condicionantes diferentes de la violencia, el m\u00e9todo ha resultado ser muy exitoso en todos [&hellip;]\" \/>\n<meta property=\"og:url\" content=\"https:\/\/laprensacristiana.com\/?p=2509\" \/>\n<meta property=\"og:site_name\" content=\"La Prensa Cristiana\" \/>\n<meta property=\"article:published_time\" content=\"2017-03-11T00:06:25+00:00\" \/>\n<meta property=\"og:image\" content=\"https:\/\/laprensacristiana.com\/wp-content\/uploads\/2016\/04\/OPINION-01-scaled.jpg\" \/>\n\t<meta property=\"og:image:width\" content=\"2560\" \/>\n\t<meta property=\"og:image:height\" content=\"1429\" \/>\n\t<meta property=\"og:image:type\" content=\"image\/jpeg\" \/>\n<meta name=\"author\" content=\"EDITOR\" \/>\n<meta name=\"twitter:card\" content=\"summary_large_image\" \/>\n<meta name=\"twitter:label1\" content=\"Escrito por\" \/>\n\t<meta name=\"twitter:data1\" content=\"EDITOR\" \/>\n\t<meta name=\"twitter:label2\" content=\"Tiempo de lectura\" \/>\n\t<meta name=\"twitter:data2\" content=\"3 minutos\" \/>\n<script type=\"application\/ld+json\" class=\"yoast-schema-graph\">{\"@context\":\"https:\/\/schema.org\",\"@graph\":[{\"@type\":\"WebPage\",\"@id\":\"https:\/\/laprensacristiana.com\/?p=2509\",\"url\":\"https:\/\/laprensacristiana.com\/?p=2509\",\"name\":\"Escuelas abiertas para la paz - La Prensa Cristiana\",\"isPartOf\":{\"@id\":\"https:\/\/laprensacristiana.com\/#website\"},\"datePublished\":\"2017-03-11T00:06:25+00:00\",\"dateModified\":\"2017-03-11T00:06:25+00:00\",\"author\":{\"@id\":\"https:\/\/laprensacristiana.com\/#\/schema\/person\/3e7d82c6bfd6b1fa67010f8f7cd5256e\"},\"breadcrumb\":{\"@id\":\"https:\/\/laprensacristiana.com\/?p=2509#breadcrumb\"},\"inLanguage\":\"es\",\"potentialAction\":[{\"@type\":\"ReadAction\",\"target\":[\"https:\/\/laprensacristiana.com\/?p=2509\"]}]},{\"@type\":\"BreadcrumbList\",\"@id\":\"https:\/\/laprensacristiana.com\/?p=2509#breadcrumb\",\"itemListElement\":[{\"@type\":\"ListItem\",\"position\":1,\"name\":\"Portada\",\"item\":\"https:\/\/laprensacristiana.com\/\"},{\"@type\":\"ListItem\",\"position\":2,\"name\":\"Escuelas abiertas para la paz\"}]},{\"@type\":\"WebSite\",\"@id\":\"https:\/\/laprensacristiana.com\/#website\",\"url\":\"https:\/\/laprensacristiana.com\/\",\"name\":\"La Prensa Cristiana\",\"description\":\"Anunciando Las Buenas Nuevas\",\"potentialAction\":[{\"@type\":\"SearchAction\",\"target\":{\"@type\":\"EntryPoint\",\"urlTemplate\":\"https:\/\/laprensacristiana.com\/?s={search_term_string}\"},\"query-input\":\"required name=search_term_string\"}],\"inLanguage\":\"es\"},{\"@type\":\"Person\",\"@id\":\"https:\/\/laprensacristiana.com\/#\/schema\/person\/3e7d82c6bfd6b1fa67010f8f7cd5256e\",\"name\":\"EDITOR\",\"image\":{\"@type\":\"ImageObject\",\"inLanguage\":\"es\",\"@id\":\"https:\/\/laprensacristiana.com\/#\/schema\/person\/image\/\",\"url\":\"https:\/\/secure.gravatar.com\/avatar\/72069dfb6c13772d9e8381e3638666d2?s=96&d=mm&r=g\",\"contentUrl\":\"https:\/\/secure.gravatar.com\/avatar\/72069dfb6c13772d9e8381e3638666d2?s=96&d=mm&r=g\",\"caption\":\"EDITOR\"},\"url\":\"https:\/\/laprensacristiana.com\/?author=3\"}]}<\/script>\n<!-- \/ Yoast SEO plugin. -->","yoast_head_json":{"title":"Escuelas abiertas para la paz - La Prensa Cristiana","robots":{"index":"index","follow":"follow","max-snippet":"max-snippet:-1","max-image-preview":"max-image-preview:large","max-video-preview":"max-video-preview:-1"},"canonical":"https:\/\/laprensacristiana.com\/?p=2509","og_locale":"es_ES","og_type":"article","og_title":"Escuelas abiertas para la paz - La Prensa Cristiana","og_description":"El programa de escuelas abiertas se considera uno de las m\u00e1s pertinentes y efectivos para la prevenci\u00f3n de la violencia en Latinoam\u00e9rica. El mismo ha sido implementado en M\u00e9xico, Guatemala, Brasil, Argentina y Uruguay. Aunque cada uno de esos pa\u00edses posee condicionantes diferentes de la violencia, el m\u00e9todo ha resultado ser muy exitoso en todos [&hellip;]","og_url":"https:\/\/laprensacristiana.com\/?p=2509","og_site_name":"La Prensa Cristiana","article_published_time":"2017-03-11T00:06:25+00:00","og_image":[{"width":2560,"height":1429,"url":"https:\/\/laprensacristiana.com\/wp-content\/uploads\/2016\/04\/OPINION-01-scaled.jpg","type":"image\/jpeg"}],"author":"EDITOR","twitter_card":"summary_large_image","twitter_misc":{"Escrito por":"EDITOR","Tiempo de lectura":"3 minutos"},"schema":{"@context":"https:\/\/schema.org","@graph":[{"@type":"WebPage","@id":"https:\/\/laprensacristiana.com\/?p=2509","url":"https:\/\/laprensacristiana.com\/?p=2509","name":"Escuelas abiertas para la paz - La Prensa Cristiana","isPartOf":{"@id":"https:\/\/laprensacristiana.com\/#website"},"datePublished":"2017-03-11T00:06:25+00:00","dateModified":"2017-03-11T00:06:25+00:00","author":{"@id":"https:\/\/laprensacristiana.com\/#\/schema\/person\/3e7d82c6bfd6b1fa67010f8f7cd5256e"},"breadcrumb":{"@id":"https:\/\/laprensacristiana.com\/?p=2509#breadcrumb"},"inLanguage":"es","potentialAction":[{"@type":"ReadAction","target":["https:\/\/laprensacristiana.com\/?p=2509"]}]},{"@type":"BreadcrumbList","@id":"https:\/\/laprensacristiana.com\/?p=2509#breadcrumb","itemListElement":[{"@type":"ListItem","position":1,"name":"Portada","item":"https:\/\/laprensacristiana.com\/"},{"@type":"ListItem","position":2,"name":"Escuelas abiertas para la paz"}]},{"@type":"WebSite","@id":"https:\/\/laprensacristiana.com\/#website","url":"https:\/\/laprensacristiana.com\/","name":"La Prensa Cristiana","description":"Anunciando Las Buenas Nuevas","potentialAction":[{"@type":"SearchAction","target":{"@type":"EntryPoint","urlTemplate":"https:\/\/laprensacristiana.com\/?s={search_term_string}"},"query-input":"required name=search_term_string"}],"inLanguage":"es"},{"@type":"Person","@id":"https:\/\/laprensacristiana.com\/#\/schema\/person\/3e7d82c6bfd6b1fa67010f8f7cd5256e","name":"EDITOR","image":{"@type":"ImageObject","inLanguage":"es","@id":"https:\/\/laprensacristiana.com\/#\/schema\/person\/image\/","url":"https:\/\/secure.gravatar.com\/avatar\/72069dfb6c13772d9e8381e3638666d2?s=96&d=mm&r=g","contentUrl":"https:\/\/secure.gravatar.com\/avatar\/72069dfb6c13772d9e8381e3638666d2?s=96&d=mm&r=g","caption":"EDITOR"},"url":"https:\/\/laprensacristiana.com\/?author=3"}]}},"_links":{"self":[{"href":"https:\/\/laprensacristiana.com\/index.php?rest_route=\/wp\/v2\/posts\/2509"}],"collection":[{"href":"https:\/\/laprensacristiana.com\/index.php?rest_route=\/wp\/v2\/posts"}],"about":[{"href":"https:\/\/laprensacristiana.com\/index.php?rest_route=\/wp\/v2\/types\/post"}],"author":[{"embeddable":true,"href":"https:\/\/laprensacristiana.com\/index.php?rest_route=\/wp\/v2\/users\/3"}],"replies":[{"embeddable":true,"href":"https:\/\/laprensacristiana.com\/index.php?rest_route=%2Fwp%2Fv2%2Fcomments&post=2509"}],"version-history":[{"count":1,"href":"https:\/\/laprensacristiana.com\/index.php?rest_route=\/wp\/v2\/posts\/2509\/revisions"}],"predecessor-version":[{"id":2510,"href":"https:\/\/laprensacristiana.com\/index.php?rest_route=\/wp\/v2\/posts\/2509\/revisions\/2510"}],"wp:featuredmedia":[{"embeddable":true,"href":"https:\/\/laprensacristiana.com\/index.php?rest_route=\/wp\/v2\/media\/410"}],"wp:attachment":[{"href":"https:\/\/laprensacristiana.com\/index.php?rest_route=%2Fwp%2Fv2%2Fmedia&parent=2509"}],"wp:term":[{"taxonomy":"category","embeddable":true,"href":"https:\/\/laprensacristiana.com\/index.php?rest_route=%2Fwp%2Fv2%2Fcategories&post=2509"},{"taxonomy":"post_tag","embeddable":true,"href":"https:\/\/laprensacristiana.com\/index.php?rest_route=%2Fwp%2Fv2%2Ftags&post=2509"}],"curies":[{"name":"wp","href":"https:\/\/api.w.org\/{rel}","templated":true}]}}