{"id":2520,"date":"2017-03-13T22:33:33","date_gmt":"2017-03-13T22:33:33","guid":{"rendered":"https:\/\/laprensacristiana.com\/?p=2520"},"modified":"2020-07-02T01:00:29","modified_gmt":"2020-07-02T01:00:29","slug":"en-la-lucha-para-detener-el-racismo","status":"publish","type":"post","link":"https:\/\/laprensacristiana.com\/?p=2520","title":{"rendered":"En la lucha para detener el racismo"},"content":{"rendered":"<p><em>Cortes\u00eda:\u00a0Saturnino Perez<\/em><br \/>\n<em>Coordinador de CRR<\/em><\/p>\n<p>En Rep\u00fablica Dominicana, la semana pasada se realizaron programas de respuesta integral centralizadas a prevenir la discriminaci\u00f3n y racismo, dentro de las comunidades del pa\u00eds.<\/p>\n<p>La Comisi\u00f3n de la Reconciliaci\u00f3n Racial \u00a0MONTE PLATA, Rep\u00fablica Dominicana (CRR), fue la encargada de llevar a cabo dichas actividades. Con los esfuerzos de algunas congregaciones cristianas para detener estas problem\u00e1ticas que por a\u00f1os ha da\u00f1ado la integridad de cientos de personas, y por medio de di\u00e1logos y presentaciones, pastores han demostrado la voluntad que tienen al aprender c\u00f3mo proporcionar una pastoral adecuada y eficaz servicio de asesoramiento.<\/p>\n<p>La Comisi\u00f3n de la Reconciliaci\u00f3n Racial puede hacer caso de las actitudes discriminatorias y comportamientos que diariamente se ven en las comunidades que da\u00f1an la dignidad de cada persona que ha sido creada a la imagen de Dios.<img decoding=\"async\" loading=\"lazy\" class=\"size-medium wp-image-2522 alignleft\" src=\"https:\/\/laprensacristiana.com\/wp-content\/uploads\/2017\/03\/RD-2-300x253.jpg\" alt=\"RD 2\" width=\"300\" height=\"253\" srcset=\"https:\/\/laprensacristiana.com\/wp-content\/uploads\/2017\/03\/RD-2-300x253.jpg 300w, https:\/\/laprensacristiana.com\/wp-content\/uploads\/2017\/03\/RD-2-600x505.jpg 600w, https:\/\/laprensacristiana.com\/wp-content\/uploads\/2017\/03\/RD-2-696x586.jpg 696w, https:\/\/laprensacristiana.com\/wp-content\/uploads\/2017\/03\/RD-2-499x420.jpg 499w, https:\/\/laprensacristiana.com\/wp-content\/uploads\/2017\/03\/RD-2.jpg 730w\" sizes=\"(max-width: 300px) 100vw, 300px\" \/><\/p>\n<p>Es por ello, que la CRR pretende seguir dirigiendo a los dominicanos a que se vean como la imagen creada a la semejanza de Dios y afirmar su identidad y proporcionar los instrumentos para combatir la inferioridad que sienten producto del racismo; creando los espacios seguros donde pueden abrir su alma y encontrar la curaci\u00f3n. Por tanto pueden aprender y saber sus derechos.<\/p>\n","protected":false},"excerpt":{"rendered":"<p>Cortes\u00eda:\u00a0Saturnino Perez Coordinador de CRR En Rep\u00fablica Dominicana, la semana pasada se realizaron programas de respuesta integral centralizadas a prevenir la discriminaci\u00f3n y racismo, dentro de las comunidades del pa\u00eds. La Comisi\u00f3n de la Reconciliaci\u00f3n Racial \u00a0MONTE PLATA, Rep\u00fablica Dominicana (CRR), fue la encargada de llevar a cabo dichas actividades. Con los esfuerzos de algunas [&hellip;]<\/p>\n","protected":false},"author":3,"featured_media":2521,"comment_status":"open","ping_status":"open","sticky":false,"template":"","format":"standard","meta":[],"categories":[56],"tags":[],"yoast_head":"<!-- This site is optimized with the Yoast SEO plugin v20.8 - https:\/\/yoast.com\/wordpress\/plugins\/seo\/ -->\n<title>En la lucha para detener el racismo - La Prensa Cristiana<\/title>\n<meta name=\"robots\" content=\"index, follow, max-snippet:-1, max-image-preview:large, max-video-preview:-1\" \/>\n<link rel=\"canonical\" href=\"https:\/\/laprensacristiana.com\/?p=2520\" \/>\n<meta property=\"og:locale\" content=\"es_ES\" \/>\n<meta property=\"og:type\" content=\"article\" \/>\n<meta property=\"og:title\" content=\"En la lucha para detener el racismo - La Prensa Cristiana\" \/>\n<meta property=\"og:description\" content=\"Cortes\u00eda:\u00a0Saturnino Perez Coordinador de CRR En Rep\u00fablica Dominicana, la semana pasada se realizaron programas de respuesta integral centralizadas a prevenir la discriminaci\u00f3n y racismo, dentro de las comunidades del pa\u00eds. La Comisi\u00f3n de la Reconciliaci\u00f3n Racial \u00a0MONTE PLATA, Rep\u00fablica Dominicana (CRR), fue la encargada de llevar a cabo dichas actividades. Con los esfuerzos de algunas [&hellip;]\" \/>\n<meta property=\"og:url\" content=\"https:\/\/laprensacristiana.com\/?p=2520\" \/>\n<meta property=\"og:site_name\" content=\"La Prensa Cristiana\" \/>\n<meta property=\"article:published_time\" content=\"2017-03-13T22:33:33+00:00\" \/>\n<meta property=\"article:modified_time\" content=\"2020-07-02T01:00:29+00:00\" \/>\n<meta property=\"og:image\" content=\"https:\/\/laprensacristiana.com\/wp-content\/uploads\/2017\/03\/RD-1.jpg\" \/>\n\t<meta property=\"og:image:width\" content=\"1010\" \/>\n\t<meta property=\"og:image:height\" content=\"689\" \/>\n\t<meta property=\"og:image:type\" content=\"image\/jpeg\" \/>\n<meta name=\"author\" content=\"EDITOR\" \/>\n<meta name=\"twitter:card\" content=\"summary_large_image\" \/>\n<meta name=\"twitter:label1\" content=\"Escrito por\" \/>\n\t<meta name=\"twitter:data1\" content=\"EDITOR\" \/>\n\t<meta name=\"twitter:label2\" content=\"Tiempo de lectura\" \/>\n\t<meta name=\"twitter:data2\" content=\"1 minuto\" \/>\n<script type=\"application\/ld+json\" class=\"yoast-schema-graph\">{\"@context\":\"https:\/\/schema.org\",\"@graph\":[{\"@type\":\"WebPage\",\"@id\":\"https:\/\/laprensacristiana.com\/?p=2520\",\"url\":\"https:\/\/laprensacristiana.com\/?p=2520\",\"name\":\"En la lucha para detener el racismo - La Prensa Cristiana\",\"isPartOf\":{\"@id\":\"https:\/\/laprensacristiana.com\/#website\"},\"datePublished\":\"2017-03-13T22:33:33+00:00\",\"dateModified\":\"2020-07-02T01:00:29+00:00\",\"author\":{\"@id\":\"https:\/\/laprensacristiana.com\/#\/schema\/person\/3e7d82c6bfd6b1fa67010f8f7cd5256e\"},\"breadcrumb\":{\"@id\":\"https:\/\/laprensacristiana.com\/?p=2520#breadcrumb\"},\"inLanguage\":\"es\",\"potentialAction\":[{\"@type\":\"ReadAction\",\"target\":[\"https:\/\/laprensacristiana.com\/?p=2520\"]}]},{\"@type\":\"BreadcrumbList\",\"@id\":\"https:\/\/laprensacristiana.com\/?p=2520#breadcrumb\",\"itemListElement\":[{\"@type\":\"ListItem\",\"position\":1,\"name\":\"Portada\",\"item\":\"https:\/\/laprensacristiana.com\/\"},{\"@type\":\"ListItem\",\"position\":2,\"name\":\"En la lucha para detener el racismo\"}]},{\"@type\":\"WebSite\",\"@id\":\"https:\/\/laprensacristiana.com\/#website\",\"url\":\"https:\/\/laprensacristiana.com\/\",\"name\":\"La Prensa Cristiana\",\"description\":\"Anunciando Las Buenas Nuevas\",\"potentialAction\":[{\"@type\":\"SearchAction\",\"target\":{\"@type\":\"EntryPoint\",\"urlTemplate\":\"https:\/\/laprensacristiana.com\/?s={search_term_string}\"},\"query-input\":\"required name=search_term_string\"}],\"inLanguage\":\"es\"},{\"@type\":\"Person\",\"@id\":\"https:\/\/laprensacristiana.com\/#\/schema\/person\/3e7d82c6bfd6b1fa67010f8f7cd5256e\",\"name\":\"EDITOR\",\"image\":{\"@type\":\"ImageObject\",\"inLanguage\":\"es\",\"@id\":\"https:\/\/laprensacristiana.com\/#\/schema\/person\/image\/\",\"url\":\"https:\/\/secure.gravatar.com\/avatar\/72069dfb6c13772d9e8381e3638666d2?s=96&d=mm&r=g\",\"contentUrl\":\"https:\/\/secure.gravatar.com\/avatar\/72069dfb6c13772d9e8381e3638666d2?s=96&d=mm&r=g\",\"caption\":\"EDITOR\"},\"url\":\"https:\/\/laprensacristiana.com\/?author=3\"}]}<\/script>\n<!-- \/ Yoast SEO plugin. -->","yoast_head_json":{"title":"En la lucha para detener el racismo - La Prensa Cristiana","robots":{"index":"index","follow":"follow","max-snippet":"max-snippet:-1","max-image-preview":"max-image-preview:large","max-video-preview":"max-video-preview:-1"},"canonical":"https:\/\/laprensacristiana.com\/?p=2520","og_locale":"es_ES","og_type":"article","og_title":"En la lucha para detener el racismo - La Prensa Cristiana","og_description":"Cortes\u00eda:\u00a0Saturnino Perez Coordinador de CRR En Rep\u00fablica Dominicana, la semana pasada se realizaron programas de respuesta integral centralizadas a prevenir la discriminaci\u00f3n y racismo, dentro de las comunidades del pa\u00eds. La Comisi\u00f3n de la Reconciliaci\u00f3n Racial \u00a0MONTE PLATA, Rep\u00fablica Dominicana (CRR), fue la encargada de llevar a cabo dichas actividades. Con los esfuerzos de algunas [&hellip;]","og_url":"https:\/\/laprensacristiana.com\/?p=2520","og_site_name":"La Prensa Cristiana","article_published_time":"2017-03-13T22:33:33+00:00","article_modified_time":"2020-07-02T01:00:29+00:00","og_image":[{"width":1010,"height":689,"url":"https:\/\/laprensacristiana.com\/wp-content\/uploads\/2017\/03\/RD-1.jpg","type":"image\/jpeg"}],"author":"EDITOR","twitter_card":"summary_large_image","twitter_misc":{"Escrito por":"EDITOR","Tiempo de lectura":"1 minuto"},"schema":{"@context":"https:\/\/schema.org","@graph":[{"@type":"WebPage","@id":"https:\/\/laprensacristiana.com\/?p=2520","url":"https:\/\/laprensacristiana.com\/?p=2520","name":"En la lucha para detener el racismo - La Prensa Cristiana","isPartOf":{"@id":"https:\/\/laprensacristiana.com\/#website"},"datePublished":"2017-03-13T22:33:33+00:00","dateModified":"2020-07-02T01:00:29+00:00","author":{"@id":"https:\/\/laprensacristiana.com\/#\/schema\/person\/3e7d82c6bfd6b1fa67010f8f7cd5256e"},"breadcrumb":{"@id":"https:\/\/laprensacristiana.com\/?p=2520#breadcrumb"},"inLanguage":"es","potentialAction":[{"@type":"ReadAction","target":["https:\/\/laprensacristiana.com\/?p=2520"]}]},{"@type":"BreadcrumbList","@id":"https:\/\/laprensacristiana.com\/?p=2520#breadcrumb","itemListElement":[{"@type":"ListItem","position":1,"name":"Portada","item":"https:\/\/laprensacristiana.com\/"},{"@type":"ListItem","position":2,"name":"En la lucha para detener el racismo"}]},{"@type":"WebSite","@id":"https:\/\/laprensacristiana.com\/#website","url":"https:\/\/laprensacristiana.com\/","name":"La Prensa Cristiana","description":"Anunciando Las Buenas Nuevas","potentialAction":[{"@type":"SearchAction","target":{"@type":"EntryPoint","urlTemplate":"https:\/\/laprensacristiana.com\/?s={search_term_string}"},"query-input":"required name=search_term_string"}],"inLanguage":"es"},{"@type":"Person","@id":"https:\/\/laprensacristiana.com\/#\/schema\/person\/3e7d82c6bfd6b1fa67010f8f7cd5256e","name":"EDITOR","image":{"@type":"ImageObject","inLanguage":"es","@id":"https:\/\/laprensacristiana.com\/#\/schema\/person\/image\/","url":"https:\/\/secure.gravatar.com\/avatar\/72069dfb6c13772d9e8381e3638666d2?s=96&d=mm&r=g","contentUrl":"https:\/\/secure.gravatar.com\/avatar\/72069dfb6c13772d9e8381e3638666d2?s=96&d=mm&r=g","caption":"EDITOR"},"url":"https:\/\/laprensacristiana.com\/?author=3"}]}},"_links":{"self":[{"href":"https:\/\/laprensacristiana.com\/index.php?rest_route=\/wp\/v2\/posts\/2520"}],"collection":[{"href":"https:\/\/laprensacristiana.com\/index.php?rest_route=\/wp\/v2\/posts"}],"about":[{"href":"https:\/\/laprensacristiana.com\/index.php?rest_route=\/wp\/v2\/types\/post"}],"author":[{"embeddable":true,"href":"https:\/\/laprensacristiana.com\/index.php?rest_route=\/wp\/v2\/users\/3"}],"replies":[{"embeddable":true,"href":"https:\/\/laprensacristiana.com\/index.php?rest_route=%2Fwp%2Fv2%2Fcomments&post=2520"}],"version-history":[{"count":1,"href":"https:\/\/laprensacristiana.com\/index.php?rest_route=\/wp\/v2\/posts\/2520\/revisions"}],"predecessor-version":[{"id":2523,"href":"https:\/\/laprensacristiana.com\/index.php?rest_route=\/wp\/v2\/posts\/2520\/revisions\/2523"}],"wp:featuredmedia":[{"embeddable":true,"href":"https:\/\/laprensacristiana.com\/index.php?rest_route=\/wp\/v2\/media\/2521"}],"wp:attachment":[{"href":"https:\/\/laprensacristiana.com\/index.php?rest_route=%2Fwp%2Fv2%2Fmedia&parent=2520"}],"wp:term":[{"taxonomy":"category","embeddable":true,"href":"https:\/\/laprensacristiana.com\/index.php?rest_route=%2Fwp%2Fv2%2Fcategories&post=2520"},{"taxonomy":"post_tag","embeddable":true,"href":"https:\/\/laprensacristiana.com\/index.php?rest_route=%2Fwp%2Fv2%2Ftags&post=2520"}],"curies":[{"name":"wp","href":"https:\/\/api.w.org\/{rel}","templated":true}]}}