{"id":2524,"date":"2017-03-14T22:08:59","date_gmt":"2017-03-14T22:08:59","guid":{"rendered":"https:\/\/laprensacristiana.com\/?p=2524"},"modified":"2020-07-02T01:00:18","modified_gmt":"2020-07-02T01:00:18","slug":"postura-de-la-iglesia-evangelica","status":"publish","type":"post","link":"https:\/\/laprensacristiana.com\/?p=2524","title":{"rendered":"Postura de la Iglesia Evang\u00e9lica"},"content":{"rendered":"<p>El Pastor y director de la Asociaci\u00f3n SANTO, Josu\u00e9 Anaya\u00a0 anunciaba sobre una nueva pieza a presentarse ante \u00a0la Asamblea Legislativa, sobre la nueva producci\u00f3n cinematogr\u00e1fica que est\u00e1 pr\u00f3xima a estrenarse en el pa\u00eds, que es \u201cLa Bella y la Bestia\u201d.<\/p>\n<p>Pel\u00edcula que se supone en un principio que por ser de la casa \u201cDisney\u201d, est\u00e1 hecha para los infantes, sin embargo en esta ocasi\u00f3n la pel\u00edcula que es relatada con personajes de carne y hueso, toca \u201cel homosexualismo\u201d, tem\u00e1tica que ha dado de que hablar y para los cristianos evang\u00e9licos es un atropello, debido a que se tiene que fomentar la vivencia con principios y valores morales. Y sobre todo que los padres de familia sepan sobre lo que sus hijos ven.<\/p>\n<p>&nbsp;<\/p>\n","protected":false},"excerpt":{"rendered":"<p>El Pastor y director de la Asociaci\u00f3n SANTO, Josu\u00e9 Anaya\u00a0 anunciaba sobre una nueva pieza a presentarse ante \u00a0la Asamblea Legislativa, sobre la nueva producci\u00f3n cinematogr\u00e1fica que est\u00e1 pr\u00f3xima a estrenarse en el pa\u00eds, que es \u201cLa Bella y la Bestia\u201d. Pel\u00edcula que se supone en un principio que por ser de la casa \u201cDisney\u201d, [&hellip;]<\/p>\n","protected":false},"author":3,"featured_media":2526,"comment_status":"open","ping_status":"open","sticky":false,"template":"","format":"standard","meta":[],"categories":[56],"tags":[],"yoast_head":"<!-- This site is optimized with the Yoast SEO plugin v20.8 - https:\/\/yoast.com\/wordpress\/plugins\/seo\/ -->\n<title>Postura de la Iglesia Evang\u00e9lica - La Prensa Cristiana<\/title>\n<meta name=\"robots\" content=\"index, follow, max-snippet:-1, max-image-preview:large, max-video-preview:-1\" \/>\n<link rel=\"canonical\" href=\"https:\/\/laprensacristiana.com\/?p=2524\" \/>\n<meta property=\"og:locale\" content=\"es_ES\" \/>\n<meta property=\"og:type\" content=\"article\" \/>\n<meta property=\"og:title\" content=\"Postura de la Iglesia Evang\u00e9lica - La Prensa Cristiana\" \/>\n<meta property=\"og:description\" content=\"El Pastor y director de la Asociaci\u00f3n SANTO, Josu\u00e9 Anaya\u00a0 anunciaba sobre una nueva pieza a presentarse ante \u00a0la Asamblea Legislativa, sobre la nueva producci\u00f3n cinematogr\u00e1fica que est\u00e1 pr\u00f3xima a estrenarse en el pa\u00eds, que es \u201cLa Bella y la Bestia\u201d. Pel\u00edcula que se supone en un principio que por ser de la casa \u201cDisney\u201d, [&hellip;]\" \/>\n<meta property=\"og:url\" content=\"https:\/\/laprensacristiana.com\/?p=2524\" \/>\n<meta property=\"og:site_name\" content=\"La Prensa Cristiana\" \/>\n<meta property=\"article:published_time\" content=\"2017-03-14T22:08:59+00:00\" \/>\n<meta property=\"article:modified_time\" content=\"2020-07-02T01:00:18+00:00\" \/>\n<meta property=\"og:image\" content=\"https:\/\/laprensacristiana.com\/wp-content\/uploads\/2017\/03\/CARTA-2-e1489529311900.jpg\" \/>\n\t<meta property=\"og:image:width\" content=\"1024\" \/>\n\t<meta property=\"og:image:height\" content=\"640\" \/>\n\t<meta property=\"og:image:type\" content=\"image\/jpeg\" \/>\n<meta name=\"author\" content=\"EDITOR\" \/>\n<meta name=\"twitter:card\" content=\"summary_large_image\" \/>\n<meta name=\"twitter:label1\" content=\"Escrito por\" \/>\n\t<meta name=\"twitter:data1\" content=\"EDITOR\" \/>\n\t<meta name=\"twitter:label2\" content=\"Tiempo de lectura\" \/>\n\t<meta name=\"twitter:data2\" content=\"1 minuto\" \/>\n<script type=\"application\/ld+json\" class=\"yoast-schema-graph\">{\"@context\":\"https:\/\/schema.org\",\"@graph\":[{\"@type\":\"WebPage\",\"@id\":\"https:\/\/laprensacristiana.com\/?p=2524\",\"url\":\"https:\/\/laprensacristiana.com\/?p=2524\",\"name\":\"Postura de la Iglesia Evang\u00e9lica - La Prensa Cristiana\",\"isPartOf\":{\"@id\":\"https:\/\/laprensacristiana.com\/#website\"},\"datePublished\":\"2017-03-14T22:08:59+00:00\",\"dateModified\":\"2020-07-02T01:00:18+00:00\",\"author\":{\"@id\":\"https:\/\/laprensacristiana.com\/#\/schema\/person\/3e7d82c6bfd6b1fa67010f8f7cd5256e\"},\"breadcrumb\":{\"@id\":\"https:\/\/laprensacristiana.com\/?p=2524#breadcrumb\"},\"inLanguage\":\"es\",\"potentialAction\":[{\"@type\":\"ReadAction\",\"target\":[\"https:\/\/laprensacristiana.com\/?p=2524\"]}]},{\"@type\":\"BreadcrumbList\",\"@id\":\"https:\/\/laprensacristiana.com\/?p=2524#breadcrumb\",\"itemListElement\":[{\"@type\":\"ListItem\",\"position\":1,\"name\":\"Portada\",\"item\":\"https:\/\/laprensacristiana.com\/\"},{\"@type\":\"ListItem\",\"position\":2,\"name\":\"Postura de la Iglesia Evang\u00e9lica\"}]},{\"@type\":\"WebSite\",\"@id\":\"https:\/\/laprensacristiana.com\/#website\",\"url\":\"https:\/\/laprensacristiana.com\/\",\"name\":\"La Prensa Cristiana\",\"description\":\"Anunciando Las Buenas Nuevas\",\"potentialAction\":[{\"@type\":\"SearchAction\",\"target\":{\"@type\":\"EntryPoint\",\"urlTemplate\":\"https:\/\/laprensacristiana.com\/?s={search_term_string}\"},\"query-input\":\"required name=search_term_string\"}],\"inLanguage\":\"es\"},{\"@type\":\"Person\",\"@id\":\"https:\/\/laprensacristiana.com\/#\/schema\/person\/3e7d82c6bfd6b1fa67010f8f7cd5256e\",\"name\":\"EDITOR\",\"image\":{\"@type\":\"ImageObject\",\"inLanguage\":\"es\",\"@id\":\"https:\/\/laprensacristiana.com\/#\/schema\/person\/image\/\",\"url\":\"https:\/\/secure.gravatar.com\/avatar\/72069dfb6c13772d9e8381e3638666d2?s=96&d=mm&r=g\",\"contentUrl\":\"https:\/\/secure.gravatar.com\/avatar\/72069dfb6c13772d9e8381e3638666d2?s=96&d=mm&r=g\",\"caption\":\"EDITOR\"},\"url\":\"https:\/\/laprensacristiana.com\/?author=3\"}]}<\/script>\n<!-- \/ Yoast SEO plugin. -->","yoast_head_json":{"title":"Postura de la Iglesia Evang\u00e9lica - La Prensa Cristiana","robots":{"index":"index","follow":"follow","max-snippet":"max-snippet:-1","max-image-preview":"max-image-preview:large","max-video-preview":"max-video-preview:-1"},"canonical":"https:\/\/laprensacristiana.com\/?p=2524","og_locale":"es_ES","og_type":"article","og_title":"Postura de la Iglesia Evang\u00e9lica - La Prensa Cristiana","og_description":"El Pastor y director de la Asociaci\u00f3n SANTO, Josu\u00e9 Anaya\u00a0 anunciaba sobre una nueva pieza a presentarse ante \u00a0la Asamblea Legislativa, sobre la nueva producci\u00f3n cinematogr\u00e1fica que est\u00e1 pr\u00f3xima a estrenarse en el pa\u00eds, que es \u201cLa Bella y la Bestia\u201d. Pel\u00edcula que se supone en un principio que por ser de la casa \u201cDisney\u201d, [&hellip;]","og_url":"https:\/\/laprensacristiana.com\/?p=2524","og_site_name":"La Prensa Cristiana","article_published_time":"2017-03-14T22:08:59+00:00","article_modified_time":"2020-07-02T01:00:18+00:00","og_image":[{"width":1024,"height":640,"url":"https:\/\/laprensacristiana.com\/wp-content\/uploads\/2017\/03\/CARTA-2-e1489529311900.jpg","type":"image\/jpeg"}],"author":"EDITOR","twitter_card":"summary_large_image","twitter_misc":{"Escrito por":"EDITOR","Tiempo de lectura":"1 minuto"},"schema":{"@context":"https:\/\/schema.org","@graph":[{"@type":"WebPage","@id":"https:\/\/laprensacristiana.com\/?p=2524","url":"https:\/\/laprensacristiana.com\/?p=2524","name":"Postura de la Iglesia Evang\u00e9lica - La Prensa Cristiana","isPartOf":{"@id":"https:\/\/laprensacristiana.com\/#website"},"datePublished":"2017-03-14T22:08:59+00:00","dateModified":"2020-07-02T01:00:18+00:00","author":{"@id":"https:\/\/laprensacristiana.com\/#\/schema\/person\/3e7d82c6bfd6b1fa67010f8f7cd5256e"},"breadcrumb":{"@id":"https:\/\/laprensacristiana.com\/?p=2524#breadcrumb"},"inLanguage":"es","potentialAction":[{"@type":"ReadAction","target":["https:\/\/laprensacristiana.com\/?p=2524"]}]},{"@type":"BreadcrumbList","@id":"https:\/\/laprensacristiana.com\/?p=2524#breadcrumb","itemListElement":[{"@type":"ListItem","position":1,"name":"Portada","item":"https:\/\/laprensacristiana.com\/"},{"@type":"ListItem","position":2,"name":"Postura de la Iglesia Evang\u00e9lica"}]},{"@type":"WebSite","@id":"https:\/\/laprensacristiana.com\/#website","url":"https:\/\/laprensacristiana.com\/","name":"La Prensa Cristiana","description":"Anunciando Las Buenas Nuevas","potentialAction":[{"@type":"SearchAction","target":{"@type":"EntryPoint","urlTemplate":"https:\/\/laprensacristiana.com\/?s={search_term_string}"},"query-input":"required name=search_term_string"}],"inLanguage":"es"},{"@type":"Person","@id":"https:\/\/laprensacristiana.com\/#\/schema\/person\/3e7d82c6bfd6b1fa67010f8f7cd5256e","name":"EDITOR","image":{"@type":"ImageObject","inLanguage":"es","@id":"https:\/\/laprensacristiana.com\/#\/schema\/person\/image\/","url":"https:\/\/secure.gravatar.com\/avatar\/72069dfb6c13772d9e8381e3638666d2?s=96&d=mm&r=g","contentUrl":"https:\/\/secure.gravatar.com\/avatar\/72069dfb6c13772d9e8381e3638666d2?s=96&d=mm&r=g","caption":"EDITOR"},"url":"https:\/\/laprensacristiana.com\/?author=3"}]}},"_links":{"self":[{"href":"https:\/\/laprensacristiana.com\/index.php?rest_route=\/wp\/v2\/posts\/2524"}],"collection":[{"href":"https:\/\/laprensacristiana.com\/index.php?rest_route=\/wp\/v2\/posts"}],"about":[{"href":"https:\/\/laprensacristiana.com\/index.php?rest_route=\/wp\/v2\/types\/post"}],"author":[{"embeddable":true,"href":"https:\/\/laprensacristiana.com\/index.php?rest_route=\/wp\/v2\/users\/3"}],"replies":[{"embeddable":true,"href":"https:\/\/laprensacristiana.com\/index.php?rest_route=%2Fwp%2Fv2%2Fcomments&post=2524"}],"version-history":[{"count":3,"href":"https:\/\/laprensacristiana.com\/index.php?rest_route=\/wp\/v2\/posts\/2524\/revisions"}],"predecessor-version":[{"id":2529,"href":"https:\/\/laprensacristiana.com\/index.php?rest_route=\/wp\/v2\/posts\/2524\/revisions\/2529"}],"wp:featuredmedia":[{"embeddable":true,"href":"https:\/\/laprensacristiana.com\/index.php?rest_route=\/wp\/v2\/media\/2526"}],"wp:attachment":[{"href":"https:\/\/laprensacristiana.com\/index.php?rest_route=%2Fwp%2Fv2%2Fmedia&parent=2524"}],"wp:term":[{"taxonomy":"category","embeddable":true,"href":"https:\/\/laprensacristiana.com\/index.php?rest_route=%2Fwp%2Fv2%2Fcategories&post=2524"},{"taxonomy":"post_tag","embeddable":true,"href":"https:\/\/laprensacristiana.com\/index.php?rest_route=%2Fwp%2Fv2%2Ftags&post=2524"}],"curies":[{"name":"wp","href":"https:\/\/api.w.org\/{rel}","templated":true}]}}