{"id":2530,"date":"2017-03-16T03:55:31","date_gmt":"2017-03-16T03:55:31","guid":{"rendered":"https:\/\/laprensacristiana.com\/?p=2530"},"modified":"2020-07-02T01:00:09","modified_gmt":"2020-07-02T01:00:09","slug":"2530","status":"publish","type":"post","link":"https:\/\/laprensacristiana.com\/?p=2530","title":{"rendered":"Construyendo una cultura de Paz"},"content":{"rendered":"<p>En horas de la tarde La Universidad Evang\u00e9lica de El Salvador (UEES), dio por inaugurado el \u00abCentro Integrado de Mediaci\u00f3n y Socorro Jur\u00eddico\u00bb, acreditado por la Procuradur\u00eda General de la Rep\u00fablica.<\/p>\n<p>Con esto la instituci\u00f3n educativa pretende contribuir mediante el dialogo\u00a0 a una cultura de Paz, en donde las personas practiquen otras formas de resolver conflictos, haciendo uso de la mediaci\u00f3n, bajo la asistencia jur\u00eddica.<\/p>\n<figure id=\"attachment_2532\" aria-describedby=\"caption-attachment-2532\" style=\"width: 300px\" class=\"wp-caption alignleft\"><img decoding=\"async\" loading=\"lazy\" class=\"size-medium wp-image-2532\" src=\"https:\/\/laprensacristiana.com\/wp-content\/uploads\/2017\/03\/CENTRO-3-300x179.jpg\" alt=\"De izquierda a derecha: Lic. Mario Ju\u00e1rez (Decano de la Facultad de Ciencias Jur\u00eddicas), Dr. Seth Estrada (Capell\u00e1n), Licda. Sonia Cort\u00e9z (Procuradora General de la Rep\u00fablica), Lic. Cesar Quinteros (Rector), y Lic. Manuel Gonz\u00e1lez. (Directorio Ejecutivo). \" width=\"300\" height=\"179\" srcset=\"https:\/\/laprensacristiana.com\/wp-content\/uploads\/2017\/03\/CENTRO-3-300x179.jpg 300w, https:\/\/laprensacristiana.com\/wp-content\/uploads\/2017\/03\/CENTRO-3-600x357.jpg 600w, https:\/\/laprensacristiana.com\/wp-content\/uploads\/2017\/03\/CENTRO-3-768x457.jpg 768w, https:\/\/laprensacristiana.com\/wp-content\/uploads\/2017\/03\/CENTRO-3-1024x610.jpg 1024w, https:\/\/laprensacristiana.com\/wp-content\/uploads\/2017\/03\/CENTRO-3-696x414.jpg 696w, https:\/\/laprensacristiana.com\/wp-content\/uploads\/2017\/03\/CENTRO-3-1068x636.jpg 1068w, https:\/\/laprensacristiana.com\/wp-content\/uploads\/2017\/03\/CENTRO-3-705x420.jpg 705w, https:\/\/laprensacristiana.com\/wp-content\/uploads\/2017\/03\/CENTRO-3.jpg 1080w\" sizes=\"(max-width: 300px) 100vw, 300px\" \/><figcaption id=\"caption-attachment-2532\" class=\"wp-caption-text\">De izquierda a derecha: Lic. Mario Ju\u00e1rez (Decano de la Facultad de Ciencias Jur\u00eddicas), Dr. Seth Estrada (Capell\u00e1n), Licda. Sonia Cort\u00e9z (Procuradora General de la Rep\u00fablica), Lic. C\u00e9sar Quinteros (Rector), y Lic. Manuel Gonz\u00e1lez. (Directorio Ejecutivo).<\/figcaption><\/figure>\n<p>Dentro del conmemorable acto, se hicieron presentes autoridades de la UEES, y la Procuradora General de la Rep\u00fablica, Licenciada Sonia Elizabeth Cort\u00e9z de Madriz. <strong><em>\u201cMe siento muy contenta que la universidad tenga esta iniciativa, sensibilizar que hay otros medios para resolver conflictos; despu\u00e9s de la situaci\u00f3n por la que atraviesa nuestro pa\u00eds\u201d<\/em><\/strong>. Dijo.<\/p>\n<p><strong><em>\u201cQue los estudiantes tengan una forma de ayudar, para llegar a un consenso de paz jur\u00eddica del pa\u00eds, pero tambi\u00e9n con una cultura del dialogo. Hacer uso de los recursos\u201d.<\/em><\/strong> Expres\u00f3 el Rector de la UEES, Lic C\u00e9sar Quinteros.<\/p>\n<p><img decoding=\"async\" loading=\"lazy\" class=\"size-medium wp-image-2533 alignright\" src=\"https:\/\/laprensacristiana.com\/wp-content\/uploads\/2017\/03\/CENTRO-5-300x161.jpg\" alt=\"CENTRO 5\" width=\"300\" height=\"161\" srcset=\"https:\/\/laprensacristiana.com\/wp-content\/uploads\/2017\/03\/CENTRO-5-300x161.jpg 300w, https:\/\/laprensacristiana.com\/wp-content\/uploads\/2017\/03\/CENTRO-5-600x321.jpg 600w, https:\/\/laprensacristiana.com\/wp-content\/uploads\/2017\/03\/CENTRO-5-768x411.jpg 768w, https:\/\/laprensacristiana.com\/wp-content\/uploads\/2017\/03\/CENTRO-5-1024x548.jpg 1024w, https:\/\/laprensacristiana.com\/wp-content\/uploads\/2017\/03\/CENTRO-5-696x373.jpg 696w, https:\/\/laprensacristiana.com\/wp-content\/uploads\/2017\/03\/CENTRO-5-1068x572.jpg 1068w, https:\/\/laprensacristiana.com\/wp-content\/uploads\/2017\/03\/CENTRO-5-784x420.jpg 784w, https:\/\/laprensacristiana.com\/wp-content\/uploads\/2017\/03\/CENTRO-5.jpg 1096w\" sizes=\"(max-width: 300px) 100vw, 300px\" \/>Con este paso da lugar a que estudiantes de la facultad de Ciencias Jur\u00eddicas, puedan realizar sus pr\u00e1cticas, orient\u00e1ndolos a una cultura de paz, en la que la mediaci\u00f3n sea un m\u00e9todo alternativo en la resoluci\u00f3n de problemas. El Centro Integrado estar\u00e1 atendiendo casos de: familia, civil y mercantil, laborales, penales, institucionales UEES y comunitarios.<img decoding=\"async\" loading=\"lazy\" class=\"size-medium wp-image-2534 aligncenter\" src=\"https:\/\/laprensacristiana.com\/wp-content\/uploads\/2017\/03\/CENTRO-4-300x200.jpg\" alt=\"CENTRO 4\" width=\"300\" height=\"200\" srcset=\"https:\/\/laprensacristiana.com\/wp-content\/uploads\/2017\/03\/CENTRO-4-300x200.jpg 300w, https:\/\/laprensacristiana.com\/wp-content\/uploads\/2017\/03\/CENTRO-4-600x400.jpg 600w, https:\/\/laprensacristiana.com\/wp-content\/uploads\/2017\/03\/CENTRO-4-768x512.jpg 768w, https:\/\/laprensacristiana.com\/wp-content\/uploads\/2017\/03\/CENTRO-4-696x464.jpg 696w, https:\/\/laprensacristiana.com\/wp-content\/uploads\/2017\/03\/CENTRO-4-630x420.jpg 630w, https:\/\/laprensacristiana.com\/wp-content\/uploads\/2017\/03\/CENTRO-4.jpg 1008w\" sizes=\"(max-width: 300px) 100vw, 300px\" \/><\/p>\n","protected":false},"excerpt":{"rendered":"<p>En horas de la tarde La Universidad Evang\u00e9lica de El Salvador (UEES), dio por inaugurado el \u00abCentro Integrado de Mediaci\u00f3n y Socorro Jur\u00eddico\u00bb, acreditado por la Procuradur\u00eda General de la Rep\u00fablica. Con esto la instituci\u00f3n educativa pretende contribuir mediante el dialogo\u00a0 a una cultura de Paz, en donde las personas practiquen otras formas de resolver [&hellip;]<\/p>\n","protected":false},"author":3,"featured_media":2531,"comment_status":"open","ping_status":"open","sticky":false,"template":"","format":"standard","meta":[],"categories":[56],"tags":[],"yoast_head":"<!-- This site is optimized with the Yoast SEO plugin v20.8 - https:\/\/yoast.com\/wordpress\/plugins\/seo\/ -->\n<title>Construyendo una cultura de Paz - La Prensa Cristiana<\/title>\n<meta name=\"robots\" content=\"index, follow, max-snippet:-1, max-image-preview:large, max-video-preview:-1\" \/>\n<link rel=\"canonical\" href=\"https:\/\/laprensacristiana.com\/?p=2530\" \/>\n<meta property=\"og:locale\" content=\"es_ES\" \/>\n<meta property=\"og:type\" content=\"article\" \/>\n<meta property=\"og:title\" content=\"Construyendo una cultura de Paz - La Prensa Cristiana\" \/>\n<meta property=\"og:description\" content=\"En horas de la tarde La Universidad Evang\u00e9lica de El Salvador (UEES), dio por inaugurado el \u00abCentro Integrado de Mediaci\u00f3n y Socorro Jur\u00eddico\u00bb, acreditado por la Procuradur\u00eda General de la Rep\u00fablica. Con esto la instituci\u00f3n educativa pretende contribuir mediante el dialogo\u00a0 a una cultura de Paz, en donde las personas practiquen otras formas de resolver [&hellip;]\" \/>\n<meta property=\"og:url\" content=\"https:\/\/laprensacristiana.com\/?p=2530\" \/>\n<meta property=\"og:site_name\" content=\"La Prensa Cristiana\" \/>\n<meta property=\"article:published_time\" content=\"2017-03-16T03:55:31+00:00\" \/>\n<meta property=\"article:modified_time\" content=\"2020-07-02T01:00:09+00:00\" \/>\n<meta property=\"og:image\" content=\"https:\/\/laprensacristiana.com\/wp-content\/uploads\/2017\/03\/CENTRO-1.jpg\" \/>\n\t<meta property=\"og:image:width\" content=\"1008\" \/>\n\t<meta property=\"og:image:height\" content=\"672\" \/>\n\t<meta property=\"og:image:type\" content=\"image\/jpeg\" \/>\n<meta name=\"author\" content=\"EDITOR\" \/>\n<meta name=\"twitter:card\" content=\"summary_large_image\" \/>\n<meta name=\"twitter:label1\" content=\"Escrito por\" \/>\n\t<meta name=\"twitter:data1\" content=\"EDITOR\" \/>\n\t<meta name=\"twitter:label2\" content=\"Tiempo de lectura\" \/>\n\t<meta name=\"twitter:data2\" content=\"1 minuto\" \/>\n<script type=\"application\/ld+json\" class=\"yoast-schema-graph\">{\"@context\":\"https:\/\/schema.org\",\"@graph\":[{\"@type\":\"WebPage\",\"@id\":\"https:\/\/laprensacristiana.com\/?p=2530\",\"url\":\"https:\/\/laprensacristiana.com\/?p=2530\",\"name\":\"Construyendo una cultura de Paz - La Prensa Cristiana\",\"isPartOf\":{\"@id\":\"https:\/\/laprensacristiana.com\/#website\"},\"datePublished\":\"2017-03-16T03:55:31+00:00\",\"dateModified\":\"2020-07-02T01:00:09+00:00\",\"author\":{\"@id\":\"https:\/\/laprensacristiana.com\/#\/schema\/person\/3e7d82c6bfd6b1fa67010f8f7cd5256e\"},\"breadcrumb\":{\"@id\":\"https:\/\/laprensacristiana.com\/?p=2530#breadcrumb\"},\"inLanguage\":\"es\",\"potentialAction\":[{\"@type\":\"ReadAction\",\"target\":[\"https:\/\/laprensacristiana.com\/?p=2530\"]}]},{\"@type\":\"BreadcrumbList\",\"@id\":\"https:\/\/laprensacristiana.com\/?p=2530#breadcrumb\",\"itemListElement\":[{\"@type\":\"ListItem\",\"position\":1,\"name\":\"Portada\",\"item\":\"https:\/\/laprensacristiana.com\/\"},{\"@type\":\"ListItem\",\"position\":2,\"name\":\"Construyendo una cultura de Paz\"}]},{\"@type\":\"WebSite\",\"@id\":\"https:\/\/laprensacristiana.com\/#website\",\"url\":\"https:\/\/laprensacristiana.com\/\",\"name\":\"La Prensa Cristiana\",\"description\":\"Anunciando Las Buenas Nuevas\",\"potentialAction\":[{\"@type\":\"SearchAction\",\"target\":{\"@type\":\"EntryPoint\",\"urlTemplate\":\"https:\/\/laprensacristiana.com\/?s={search_term_string}\"},\"query-input\":\"required name=search_term_string\"}],\"inLanguage\":\"es\"},{\"@type\":\"Person\",\"@id\":\"https:\/\/laprensacristiana.com\/#\/schema\/person\/3e7d82c6bfd6b1fa67010f8f7cd5256e\",\"name\":\"EDITOR\",\"image\":{\"@type\":\"ImageObject\",\"inLanguage\":\"es\",\"@id\":\"https:\/\/laprensacristiana.com\/#\/schema\/person\/image\/\",\"url\":\"https:\/\/secure.gravatar.com\/avatar\/72069dfb6c13772d9e8381e3638666d2?s=96&d=mm&r=g\",\"contentUrl\":\"https:\/\/secure.gravatar.com\/avatar\/72069dfb6c13772d9e8381e3638666d2?s=96&d=mm&r=g\",\"caption\":\"EDITOR\"},\"url\":\"https:\/\/laprensacristiana.com\/?author=3\"}]}<\/script>\n<!-- \/ Yoast SEO plugin. -->","yoast_head_json":{"title":"Construyendo una cultura de Paz - La Prensa Cristiana","robots":{"index":"index","follow":"follow","max-snippet":"max-snippet:-1","max-image-preview":"max-image-preview:large","max-video-preview":"max-video-preview:-1"},"canonical":"https:\/\/laprensacristiana.com\/?p=2530","og_locale":"es_ES","og_type":"article","og_title":"Construyendo una cultura de Paz - La Prensa Cristiana","og_description":"En horas de la tarde La Universidad Evang\u00e9lica de El Salvador (UEES), dio por inaugurado el \u00abCentro Integrado de Mediaci\u00f3n y Socorro Jur\u00eddico\u00bb, acreditado por la Procuradur\u00eda General de la Rep\u00fablica. Con esto la instituci\u00f3n educativa pretende contribuir mediante el dialogo\u00a0 a una cultura de Paz, en donde las personas practiquen otras formas de resolver [&hellip;]","og_url":"https:\/\/laprensacristiana.com\/?p=2530","og_site_name":"La Prensa Cristiana","article_published_time":"2017-03-16T03:55:31+00:00","article_modified_time":"2020-07-02T01:00:09+00:00","og_image":[{"width":1008,"height":672,"url":"https:\/\/laprensacristiana.com\/wp-content\/uploads\/2017\/03\/CENTRO-1.jpg","type":"image\/jpeg"}],"author":"EDITOR","twitter_card":"summary_large_image","twitter_misc":{"Escrito por":"EDITOR","Tiempo de lectura":"1 minuto"},"schema":{"@context":"https:\/\/schema.org","@graph":[{"@type":"WebPage","@id":"https:\/\/laprensacristiana.com\/?p=2530","url":"https:\/\/laprensacristiana.com\/?p=2530","name":"Construyendo una cultura de Paz - La Prensa Cristiana","isPartOf":{"@id":"https:\/\/laprensacristiana.com\/#website"},"datePublished":"2017-03-16T03:55:31+00:00","dateModified":"2020-07-02T01:00:09+00:00","author":{"@id":"https:\/\/laprensacristiana.com\/#\/schema\/person\/3e7d82c6bfd6b1fa67010f8f7cd5256e"},"breadcrumb":{"@id":"https:\/\/laprensacristiana.com\/?p=2530#breadcrumb"},"inLanguage":"es","potentialAction":[{"@type":"ReadAction","target":["https:\/\/laprensacristiana.com\/?p=2530"]}]},{"@type":"BreadcrumbList","@id":"https:\/\/laprensacristiana.com\/?p=2530#breadcrumb","itemListElement":[{"@type":"ListItem","position":1,"name":"Portada","item":"https:\/\/laprensacristiana.com\/"},{"@type":"ListItem","position":2,"name":"Construyendo una cultura de Paz"}]},{"@type":"WebSite","@id":"https:\/\/laprensacristiana.com\/#website","url":"https:\/\/laprensacristiana.com\/","name":"La Prensa Cristiana","description":"Anunciando Las Buenas Nuevas","potentialAction":[{"@type":"SearchAction","target":{"@type":"EntryPoint","urlTemplate":"https:\/\/laprensacristiana.com\/?s={search_term_string}"},"query-input":"required name=search_term_string"}],"inLanguage":"es"},{"@type":"Person","@id":"https:\/\/laprensacristiana.com\/#\/schema\/person\/3e7d82c6bfd6b1fa67010f8f7cd5256e","name":"EDITOR","image":{"@type":"ImageObject","inLanguage":"es","@id":"https:\/\/laprensacristiana.com\/#\/schema\/person\/image\/","url":"https:\/\/secure.gravatar.com\/avatar\/72069dfb6c13772d9e8381e3638666d2?s=96&d=mm&r=g","contentUrl":"https:\/\/secure.gravatar.com\/avatar\/72069dfb6c13772d9e8381e3638666d2?s=96&d=mm&r=g","caption":"EDITOR"},"url":"https:\/\/laprensacristiana.com\/?author=3"}]}},"_links":{"self":[{"href":"https:\/\/laprensacristiana.com\/index.php?rest_route=\/wp\/v2\/posts\/2530"}],"collection":[{"href":"https:\/\/laprensacristiana.com\/index.php?rest_route=\/wp\/v2\/posts"}],"about":[{"href":"https:\/\/laprensacristiana.com\/index.php?rest_route=\/wp\/v2\/types\/post"}],"author":[{"embeddable":true,"href":"https:\/\/laprensacristiana.com\/index.php?rest_route=\/wp\/v2\/users\/3"}],"replies":[{"embeddable":true,"href":"https:\/\/laprensacristiana.com\/index.php?rest_route=%2Fwp%2Fv2%2Fcomments&post=2530"}],"version-history":[{"count":3,"href":"https:\/\/laprensacristiana.com\/index.php?rest_route=\/wp\/v2\/posts\/2530\/revisions"}],"predecessor-version":[{"id":2537,"href":"https:\/\/laprensacristiana.com\/index.php?rest_route=\/wp\/v2\/posts\/2530\/revisions\/2537"}],"wp:featuredmedia":[{"embeddable":true,"href":"https:\/\/laprensacristiana.com\/index.php?rest_route=\/wp\/v2\/media\/2531"}],"wp:attachment":[{"href":"https:\/\/laprensacristiana.com\/index.php?rest_route=%2Fwp%2Fv2%2Fmedia&parent=2530"}],"wp:term":[{"taxonomy":"category","embeddable":true,"href":"https:\/\/laprensacristiana.com\/index.php?rest_route=%2Fwp%2Fv2%2Fcategories&post=2530"},{"taxonomy":"post_tag","embeddable":true,"href":"https:\/\/laprensacristiana.com\/index.php?rest_route=%2Fwp%2Fv2%2Ftags&post=2530"}],"curies":[{"name":"wp","href":"https:\/\/api.w.org\/{rel}","templated":true}]}}