{"id":2545,"date":"2017-03-17T20:33:34","date_gmt":"2017-03-17T20:33:34","guid":{"rendered":"https:\/\/laprensacristiana.com\/?p=2545"},"modified":"2017-03-17T20:36:02","modified_gmt":"2017-03-17T20:36:02","slug":"el-temor-a-ser-lider","status":"publish","type":"post","link":"https:\/\/laprensacristiana.com\/?p=2545","title":{"rendered":"El temor a ser l\u00edder"},"content":{"rendered":"<h4><em>Por: Pastor Mario Vega<\/em><\/h4>\n<p>Eugenia fue parte de los primeros l\u00edderes de c\u00e9lula que capacit\u00e9 personalmente. Eugenia no falt\u00f3 a ninguna de las reuniones de entrenamiento. Al final del curso les anunci\u00e9 al nuevo grupo de l\u00edderes que pr\u00f3ximamente les indicar\u00eda la c\u00e9lula que comenzar\u00edan a atender.<\/p>\n<p>Unos d\u00edas despu\u00e9s Eugenia me busc\u00f3 en mi peque\u00f1a oficina y se ech\u00f3 a llorar. Entre l\u00e1grimas me pidi\u00f3 que por favor no le diera una c\u00e9lula. Ella no se sent\u00eda capaz de ser una l\u00edder. Ella lloraba de una manera inconsolable, de manera que le dije que no se preocupara. Que si ella pensaba no tener las cualidades para ser una l\u00edder que no la obligar\u00eda a que lo fuera. Ella se tranquiliz\u00f3 y se retir\u00f3 satisfecha. Pero, al d\u00eda siguiente, Eugenia volvi\u00f3 a llegar otra vez llorando desconsoladamente. Ella me dijo que no hab\u00eda podido dormir la noche anterior. Que al decirme que no pod\u00eda ser l\u00edder sinti\u00f3 como que era a Dios a quien le dec\u00eda que no. As\u00ed que ahora s\u00ed estaba dispuesta a ser l\u00edder.<\/p>\n<p>Ella recibi\u00f3 su c\u00e9lula y comenz\u00f3 a ejercer su rol de lideresa. La gran sorpresa ocurri\u00f3 un d\u00eda domingo. Yo estaba en la entrada de la iglesia cuando vi llegar un autob\u00fas lleno de invitados. Al detenerse frente a la iglesia Eugenia fue la primera en bajar. Ella iba llena de alegr\u00eda y me explic\u00f3 que ese bus lleno de personas eran los invitados de su c\u00e9lula. Eugenia se convirti\u00f3 en la primera mujer l\u00edder que llev\u00f3 ella sola un autob\u00fas lleno de invitados a la celebraci\u00f3n.<\/p>\n<p>Ella result\u00f3 ser una excelente l\u00edder despu\u00e9s de superar sus temores personales. Lo \u00fanico que la limitaba era su propio temor.<\/p>\n","protected":false},"excerpt":{"rendered":"<p>Por: Pastor Mario Vega Eugenia fue parte de los primeros l\u00edderes de c\u00e9lula que capacit\u00e9 personalmente. Eugenia no falt\u00f3 a ninguna de las reuniones de entrenamiento. Al final del curso les anunci\u00e9 al nuevo grupo de l\u00edderes que pr\u00f3ximamente les indicar\u00eda la c\u00e9lula que comenzar\u00edan a atender. Unos d\u00edas despu\u00e9s Eugenia me busc\u00f3 en mi [&hellip;]<\/p>\n","protected":false},"author":3,"featured_media":410,"comment_status":"open","ping_status":"open","sticky":false,"template":"","format":"standard","meta":[],"categories":[23],"tags":[],"yoast_head":"<!-- This site is optimized with the Yoast SEO plugin v20.8 - https:\/\/yoast.com\/wordpress\/plugins\/seo\/ -->\n<title>El temor a ser l\u00edder - La Prensa Cristiana<\/title>\n<meta name=\"robots\" content=\"index, follow, max-snippet:-1, max-image-preview:large, max-video-preview:-1\" \/>\n<link rel=\"canonical\" href=\"https:\/\/laprensacristiana.com\/?p=2545\" \/>\n<meta property=\"og:locale\" content=\"es_ES\" \/>\n<meta property=\"og:type\" content=\"article\" \/>\n<meta property=\"og:title\" content=\"El temor a ser l\u00edder - La Prensa Cristiana\" \/>\n<meta property=\"og:description\" content=\"Por: Pastor Mario Vega Eugenia fue parte de los primeros l\u00edderes de c\u00e9lula que capacit\u00e9 personalmente. Eugenia no falt\u00f3 a ninguna de las reuniones de entrenamiento. Al final del curso les anunci\u00e9 al nuevo grupo de l\u00edderes que pr\u00f3ximamente les indicar\u00eda la c\u00e9lula que comenzar\u00edan a atender. Unos d\u00edas despu\u00e9s Eugenia me busc\u00f3 en mi [&hellip;]\" \/>\n<meta property=\"og:url\" content=\"https:\/\/laprensacristiana.com\/?p=2545\" \/>\n<meta property=\"og:site_name\" content=\"La Prensa Cristiana\" \/>\n<meta property=\"article:published_time\" content=\"2017-03-17T20:33:34+00:00\" \/>\n<meta property=\"article:modified_time\" content=\"2017-03-17T20:36:02+00:00\" \/>\n<meta property=\"og:image\" content=\"https:\/\/laprensacristiana.com\/wp-content\/uploads\/2016\/04\/OPINION-01-scaled.jpg\" \/>\n\t<meta property=\"og:image:width\" content=\"2560\" \/>\n\t<meta property=\"og:image:height\" content=\"1429\" \/>\n\t<meta property=\"og:image:type\" content=\"image\/jpeg\" \/>\n<meta name=\"author\" content=\"EDITOR\" \/>\n<meta name=\"twitter:card\" content=\"summary_large_image\" \/>\n<meta name=\"twitter:label1\" content=\"Escrito por\" \/>\n\t<meta name=\"twitter:data1\" content=\"EDITOR\" \/>\n\t<meta name=\"twitter:label2\" content=\"Tiempo de lectura\" \/>\n\t<meta name=\"twitter:data2\" content=\"2 minutos\" \/>\n<script type=\"application\/ld+json\" class=\"yoast-schema-graph\">{\"@context\":\"https:\/\/schema.org\",\"@graph\":[{\"@type\":\"WebPage\",\"@id\":\"https:\/\/laprensacristiana.com\/?p=2545\",\"url\":\"https:\/\/laprensacristiana.com\/?p=2545\",\"name\":\"El temor a ser l\u00edder - La Prensa Cristiana\",\"isPartOf\":{\"@id\":\"https:\/\/laprensacristiana.com\/#website\"},\"datePublished\":\"2017-03-17T20:33:34+00:00\",\"dateModified\":\"2017-03-17T20:36:02+00:00\",\"author\":{\"@id\":\"https:\/\/laprensacristiana.com\/#\/schema\/person\/3e7d82c6bfd6b1fa67010f8f7cd5256e\"},\"breadcrumb\":{\"@id\":\"https:\/\/laprensacristiana.com\/?p=2545#breadcrumb\"},\"inLanguage\":\"es\",\"potentialAction\":[{\"@type\":\"ReadAction\",\"target\":[\"https:\/\/laprensacristiana.com\/?p=2545\"]}]},{\"@type\":\"BreadcrumbList\",\"@id\":\"https:\/\/laprensacristiana.com\/?p=2545#breadcrumb\",\"itemListElement\":[{\"@type\":\"ListItem\",\"position\":1,\"name\":\"Portada\",\"item\":\"https:\/\/laprensacristiana.com\/\"},{\"@type\":\"ListItem\",\"position\":2,\"name\":\"El temor a ser l\u00edder\"}]},{\"@type\":\"WebSite\",\"@id\":\"https:\/\/laprensacristiana.com\/#website\",\"url\":\"https:\/\/laprensacristiana.com\/\",\"name\":\"La Prensa Cristiana\",\"description\":\"Anunciando Las Buenas Nuevas\",\"potentialAction\":[{\"@type\":\"SearchAction\",\"target\":{\"@type\":\"EntryPoint\",\"urlTemplate\":\"https:\/\/laprensacristiana.com\/?s={search_term_string}\"},\"query-input\":\"required name=search_term_string\"}],\"inLanguage\":\"es\"},{\"@type\":\"Person\",\"@id\":\"https:\/\/laprensacristiana.com\/#\/schema\/person\/3e7d82c6bfd6b1fa67010f8f7cd5256e\",\"name\":\"EDITOR\",\"image\":{\"@type\":\"ImageObject\",\"inLanguage\":\"es\",\"@id\":\"https:\/\/laprensacristiana.com\/#\/schema\/person\/image\/\",\"url\":\"https:\/\/secure.gravatar.com\/avatar\/72069dfb6c13772d9e8381e3638666d2?s=96&d=mm&r=g\",\"contentUrl\":\"https:\/\/secure.gravatar.com\/avatar\/72069dfb6c13772d9e8381e3638666d2?s=96&d=mm&r=g\",\"caption\":\"EDITOR\"},\"url\":\"https:\/\/laprensacristiana.com\/?author=3\"}]}<\/script>\n<!-- \/ Yoast SEO plugin. -->","yoast_head_json":{"title":"El temor a ser l\u00edder - La Prensa Cristiana","robots":{"index":"index","follow":"follow","max-snippet":"max-snippet:-1","max-image-preview":"max-image-preview:large","max-video-preview":"max-video-preview:-1"},"canonical":"https:\/\/laprensacristiana.com\/?p=2545","og_locale":"es_ES","og_type":"article","og_title":"El temor a ser l\u00edder - La Prensa Cristiana","og_description":"Por: Pastor Mario Vega Eugenia fue parte de los primeros l\u00edderes de c\u00e9lula que capacit\u00e9 personalmente. Eugenia no falt\u00f3 a ninguna de las reuniones de entrenamiento. Al final del curso les anunci\u00e9 al nuevo grupo de l\u00edderes que pr\u00f3ximamente les indicar\u00eda la c\u00e9lula que comenzar\u00edan a atender. Unos d\u00edas despu\u00e9s Eugenia me busc\u00f3 en mi [&hellip;]","og_url":"https:\/\/laprensacristiana.com\/?p=2545","og_site_name":"La Prensa Cristiana","article_published_time":"2017-03-17T20:33:34+00:00","article_modified_time":"2017-03-17T20:36:02+00:00","og_image":[{"width":2560,"height":1429,"url":"https:\/\/laprensacristiana.com\/wp-content\/uploads\/2016\/04\/OPINION-01-scaled.jpg","type":"image\/jpeg"}],"author":"EDITOR","twitter_card":"summary_large_image","twitter_misc":{"Escrito por":"EDITOR","Tiempo de lectura":"2 minutos"},"schema":{"@context":"https:\/\/schema.org","@graph":[{"@type":"WebPage","@id":"https:\/\/laprensacristiana.com\/?p=2545","url":"https:\/\/laprensacristiana.com\/?p=2545","name":"El temor a ser l\u00edder - La Prensa Cristiana","isPartOf":{"@id":"https:\/\/laprensacristiana.com\/#website"},"datePublished":"2017-03-17T20:33:34+00:00","dateModified":"2017-03-17T20:36:02+00:00","author":{"@id":"https:\/\/laprensacristiana.com\/#\/schema\/person\/3e7d82c6bfd6b1fa67010f8f7cd5256e"},"breadcrumb":{"@id":"https:\/\/laprensacristiana.com\/?p=2545#breadcrumb"},"inLanguage":"es","potentialAction":[{"@type":"ReadAction","target":["https:\/\/laprensacristiana.com\/?p=2545"]}]},{"@type":"BreadcrumbList","@id":"https:\/\/laprensacristiana.com\/?p=2545#breadcrumb","itemListElement":[{"@type":"ListItem","position":1,"name":"Portada","item":"https:\/\/laprensacristiana.com\/"},{"@type":"ListItem","position":2,"name":"El temor a ser l\u00edder"}]},{"@type":"WebSite","@id":"https:\/\/laprensacristiana.com\/#website","url":"https:\/\/laprensacristiana.com\/","name":"La Prensa Cristiana","description":"Anunciando Las Buenas Nuevas","potentialAction":[{"@type":"SearchAction","target":{"@type":"EntryPoint","urlTemplate":"https:\/\/laprensacristiana.com\/?s={search_term_string}"},"query-input":"required name=search_term_string"}],"inLanguage":"es"},{"@type":"Person","@id":"https:\/\/laprensacristiana.com\/#\/schema\/person\/3e7d82c6bfd6b1fa67010f8f7cd5256e","name":"EDITOR","image":{"@type":"ImageObject","inLanguage":"es","@id":"https:\/\/laprensacristiana.com\/#\/schema\/person\/image\/","url":"https:\/\/secure.gravatar.com\/avatar\/72069dfb6c13772d9e8381e3638666d2?s=96&d=mm&r=g","contentUrl":"https:\/\/secure.gravatar.com\/avatar\/72069dfb6c13772d9e8381e3638666d2?s=96&d=mm&r=g","caption":"EDITOR"},"url":"https:\/\/laprensacristiana.com\/?author=3"}]}},"_links":{"self":[{"href":"https:\/\/laprensacristiana.com\/index.php?rest_route=\/wp\/v2\/posts\/2545"}],"collection":[{"href":"https:\/\/laprensacristiana.com\/index.php?rest_route=\/wp\/v2\/posts"}],"about":[{"href":"https:\/\/laprensacristiana.com\/index.php?rest_route=\/wp\/v2\/types\/post"}],"author":[{"embeddable":true,"href":"https:\/\/laprensacristiana.com\/index.php?rest_route=\/wp\/v2\/users\/3"}],"replies":[{"embeddable":true,"href":"https:\/\/laprensacristiana.com\/index.php?rest_route=%2Fwp%2Fv2%2Fcomments&post=2545"}],"version-history":[{"count":1,"href":"https:\/\/laprensacristiana.com\/index.php?rest_route=\/wp\/v2\/posts\/2545\/revisions"}],"predecessor-version":[{"id":2546,"href":"https:\/\/laprensacristiana.com\/index.php?rest_route=\/wp\/v2\/posts\/2545\/revisions\/2546"}],"wp:featuredmedia":[{"embeddable":true,"href":"https:\/\/laprensacristiana.com\/index.php?rest_route=\/wp\/v2\/media\/410"}],"wp:attachment":[{"href":"https:\/\/laprensacristiana.com\/index.php?rest_route=%2Fwp%2Fv2%2Fmedia&parent=2545"}],"wp:term":[{"taxonomy":"category","embeddable":true,"href":"https:\/\/laprensacristiana.com\/index.php?rest_route=%2Fwp%2Fv2%2Fcategories&post=2545"},{"taxonomy":"post_tag","embeddable":true,"href":"https:\/\/laprensacristiana.com\/index.php?rest_route=%2Fwp%2Fv2%2Ftags&post=2545"}],"curies":[{"name":"wp","href":"https:\/\/api.w.org\/{rel}","templated":true}]}}