{"id":2547,"date":"2017-03-17T22:13:06","date_gmt":"2017-03-17T22:13:06","guid":{"rendered":"https:\/\/laprensacristiana.com\/?p=2547"},"modified":"2020-07-02T00:59:33","modified_gmt":"2020-07-02T00:59:33","slug":"discipulado-de-ninos","status":"publish","type":"post","link":"https:\/\/laprensacristiana.com\/?p=2547","title":{"rendered":"Discipulado de ni\u00f1os"},"content":{"rendered":"<p>La revista L\u00edder 6.25 lanza cada dos meses nuevos temas que pretenden fortalecer \u00e1reas ministeriales, en esta edici\u00f3n correspondiente a marzo, su tema se centraliza en el \u00abdiscipulado de ni\u00f1os\u00bb.<\/p>\n<p>Quienes aportaron informaci\u00f3n desde su experiencia para el contenido fueron: la educadora y autora argentina Jessica Ibarbalz, el Pastor H\u00e9ctor Hermosillo de M\u00e9xico, Dan Scott de Estados Unidos, Karen Lacota directora en Paraguay de una de las escuelas cristianas m\u00e1s grandes de Am\u00e9rica latina, l\u00edder y autor Emmanuel Espinosa y Lucas Leys. Ellos en conjunto, hicieron propuestas y consejos que se pueden seguir por aquellos l\u00edderes que trabajan con la ni\u00f1ez.<\/p>\n<p>A trav\u00e9s de la p\u00e1gina web e625.com es posible descargar la revista, como recursos para las congregaciones.<\/p>\n","protected":false},"excerpt":{"rendered":"<p>La revista L\u00edder 6.25 lanza cada dos meses nuevos temas que pretenden fortalecer \u00e1reas ministeriales, en esta edici\u00f3n correspondiente a marzo, su tema se centraliza en el \u00abdiscipulado de ni\u00f1os\u00bb. Quienes aportaron informaci\u00f3n desde su experiencia para el contenido fueron: la educadora y autora argentina Jessica Ibarbalz, el Pastor H\u00e9ctor Hermosillo de M\u00e9xico, Dan Scott [&hellip;]<\/p>\n","protected":false},"author":3,"featured_media":2548,"comment_status":"open","ping_status":"open","sticky":false,"template":"","format":"standard","meta":[],"categories":[56],"tags":[],"yoast_head":"<!-- This site is optimized with the Yoast SEO plugin v20.8 - https:\/\/yoast.com\/wordpress\/plugins\/seo\/ -->\n<title>Discipulado de ni\u00f1os - La Prensa Cristiana<\/title>\n<meta name=\"robots\" content=\"index, follow, max-snippet:-1, max-image-preview:large, max-video-preview:-1\" \/>\n<link rel=\"canonical\" href=\"https:\/\/laprensacristiana.com\/?p=2547\" \/>\n<meta property=\"og:locale\" content=\"es_ES\" \/>\n<meta property=\"og:type\" content=\"article\" \/>\n<meta property=\"og:title\" content=\"Discipulado de ni\u00f1os - La Prensa Cristiana\" \/>\n<meta property=\"og:description\" content=\"La revista L\u00edder 6.25 lanza cada dos meses nuevos temas que pretenden fortalecer \u00e1reas ministeriales, en esta edici\u00f3n correspondiente a marzo, su tema se centraliza en el \u00abdiscipulado de ni\u00f1os\u00bb. Quienes aportaron informaci\u00f3n desde su experiencia para el contenido fueron: la educadora y autora argentina Jessica Ibarbalz, el Pastor H\u00e9ctor Hermosillo de M\u00e9xico, Dan Scott [&hellip;]\" \/>\n<meta property=\"og:url\" content=\"https:\/\/laprensacristiana.com\/?p=2547\" \/>\n<meta property=\"og:site_name\" content=\"La Prensa Cristiana\" \/>\n<meta property=\"article:published_time\" content=\"2017-03-17T22:13:06+00:00\" \/>\n<meta property=\"article:modified_time\" content=\"2020-07-02T00:59:33+00:00\" \/>\n<meta property=\"og:image\" content=\"https:\/\/laprensacristiana.com\/wp-content\/uploads\/2017\/03\/625.jpg\" \/>\n\t<meta property=\"og:image:width\" content=\"540\" \/>\n\t<meta property=\"og:image:height\" content=\"540\" \/>\n\t<meta property=\"og:image:type\" content=\"image\/jpeg\" \/>\n<meta name=\"author\" content=\"EDITOR\" \/>\n<meta name=\"twitter:card\" content=\"summary_large_image\" \/>\n<meta name=\"twitter:label1\" content=\"Escrito por\" \/>\n\t<meta name=\"twitter:data1\" content=\"EDITOR\" \/>\n\t<meta name=\"twitter:label2\" content=\"Tiempo de lectura\" \/>\n\t<meta name=\"twitter:data2\" content=\"1 minuto\" \/>\n<script type=\"application\/ld+json\" class=\"yoast-schema-graph\">{\"@context\":\"https:\/\/schema.org\",\"@graph\":[{\"@type\":\"WebPage\",\"@id\":\"https:\/\/laprensacristiana.com\/?p=2547\",\"url\":\"https:\/\/laprensacristiana.com\/?p=2547\",\"name\":\"Discipulado de ni\u00f1os - La Prensa Cristiana\",\"isPartOf\":{\"@id\":\"https:\/\/laprensacristiana.com\/#website\"},\"datePublished\":\"2017-03-17T22:13:06+00:00\",\"dateModified\":\"2020-07-02T00:59:33+00:00\",\"author\":{\"@id\":\"https:\/\/laprensacristiana.com\/#\/schema\/person\/3e7d82c6bfd6b1fa67010f8f7cd5256e\"},\"breadcrumb\":{\"@id\":\"https:\/\/laprensacristiana.com\/?p=2547#breadcrumb\"},\"inLanguage\":\"es\",\"potentialAction\":[{\"@type\":\"ReadAction\",\"target\":[\"https:\/\/laprensacristiana.com\/?p=2547\"]}]},{\"@type\":\"BreadcrumbList\",\"@id\":\"https:\/\/laprensacristiana.com\/?p=2547#breadcrumb\",\"itemListElement\":[{\"@type\":\"ListItem\",\"position\":1,\"name\":\"Portada\",\"item\":\"https:\/\/laprensacristiana.com\/\"},{\"@type\":\"ListItem\",\"position\":2,\"name\":\"Discipulado de ni\u00f1os\"}]},{\"@type\":\"WebSite\",\"@id\":\"https:\/\/laprensacristiana.com\/#website\",\"url\":\"https:\/\/laprensacristiana.com\/\",\"name\":\"La Prensa Cristiana\",\"description\":\"Anunciando Las Buenas Nuevas\",\"potentialAction\":[{\"@type\":\"SearchAction\",\"target\":{\"@type\":\"EntryPoint\",\"urlTemplate\":\"https:\/\/laprensacristiana.com\/?s={search_term_string}\"},\"query-input\":\"required name=search_term_string\"}],\"inLanguage\":\"es\"},{\"@type\":\"Person\",\"@id\":\"https:\/\/laprensacristiana.com\/#\/schema\/person\/3e7d82c6bfd6b1fa67010f8f7cd5256e\",\"name\":\"EDITOR\",\"image\":{\"@type\":\"ImageObject\",\"inLanguage\":\"es\",\"@id\":\"https:\/\/laprensacristiana.com\/#\/schema\/person\/image\/\",\"url\":\"https:\/\/secure.gravatar.com\/avatar\/72069dfb6c13772d9e8381e3638666d2?s=96&d=mm&r=g\",\"contentUrl\":\"https:\/\/secure.gravatar.com\/avatar\/72069dfb6c13772d9e8381e3638666d2?s=96&d=mm&r=g\",\"caption\":\"EDITOR\"},\"url\":\"https:\/\/laprensacristiana.com\/?author=3\"}]}<\/script>\n<!-- \/ Yoast SEO plugin. -->","yoast_head_json":{"title":"Discipulado de ni\u00f1os - La Prensa Cristiana","robots":{"index":"index","follow":"follow","max-snippet":"max-snippet:-1","max-image-preview":"max-image-preview:large","max-video-preview":"max-video-preview:-1"},"canonical":"https:\/\/laprensacristiana.com\/?p=2547","og_locale":"es_ES","og_type":"article","og_title":"Discipulado de ni\u00f1os - La Prensa Cristiana","og_description":"La revista L\u00edder 6.25 lanza cada dos meses nuevos temas que pretenden fortalecer \u00e1reas ministeriales, en esta edici\u00f3n correspondiente a marzo, su tema se centraliza en el \u00abdiscipulado de ni\u00f1os\u00bb. Quienes aportaron informaci\u00f3n desde su experiencia para el contenido fueron: la educadora y autora argentina Jessica Ibarbalz, el Pastor H\u00e9ctor Hermosillo de M\u00e9xico, Dan Scott [&hellip;]","og_url":"https:\/\/laprensacristiana.com\/?p=2547","og_site_name":"La Prensa Cristiana","article_published_time":"2017-03-17T22:13:06+00:00","article_modified_time":"2020-07-02T00:59:33+00:00","og_image":[{"width":540,"height":540,"url":"https:\/\/laprensacristiana.com\/wp-content\/uploads\/2017\/03\/625.jpg","type":"image\/jpeg"}],"author":"EDITOR","twitter_card":"summary_large_image","twitter_misc":{"Escrito por":"EDITOR","Tiempo de lectura":"1 minuto"},"schema":{"@context":"https:\/\/schema.org","@graph":[{"@type":"WebPage","@id":"https:\/\/laprensacristiana.com\/?p=2547","url":"https:\/\/laprensacristiana.com\/?p=2547","name":"Discipulado de ni\u00f1os - La Prensa Cristiana","isPartOf":{"@id":"https:\/\/laprensacristiana.com\/#website"},"datePublished":"2017-03-17T22:13:06+00:00","dateModified":"2020-07-02T00:59:33+00:00","author":{"@id":"https:\/\/laprensacristiana.com\/#\/schema\/person\/3e7d82c6bfd6b1fa67010f8f7cd5256e"},"breadcrumb":{"@id":"https:\/\/laprensacristiana.com\/?p=2547#breadcrumb"},"inLanguage":"es","potentialAction":[{"@type":"ReadAction","target":["https:\/\/laprensacristiana.com\/?p=2547"]}]},{"@type":"BreadcrumbList","@id":"https:\/\/laprensacristiana.com\/?p=2547#breadcrumb","itemListElement":[{"@type":"ListItem","position":1,"name":"Portada","item":"https:\/\/laprensacristiana.com\/"},{"@type":"ListItem","position":2,"name":"Discipulado de ni\u00f1os"}]},{"@type":"WebSite","@id":"https:\/\/laprensacristiana.com\/#website","url":"https:\/\/laprensacristiana.com\/","name":"La Prensa Cristiana","description":"Anunciando Las Buenas Nuevas","potentialAction":[{"@type":"SearchAction","target":{"@type":"EntryPoint","urlTemplate":"https:\/\/laprensacristiana.com\/?s={search_term_string}"},"query-input":"required name=search_term_string"}],"inLanguage":"es"},{"@type":"Person","@id":"https:\/\/laprensacristiana.com\/#\/schema\/person\/3e7d82c6bfd6b1fa67010f8f7cd5256e","name":"EDITOR","image":{"@type":"ImageObject","inLanguage":"es","@id":"https:\/\/laprensacristiana.com\/#\/schema\/person\/image\/","url":"https:\/\/secure.gravatar.com\/avatar\/72069dfb6c13772d9e8381e3638666d2?s=96&d=mm&r=g","contentUrl":"https:\/\/secure.gravatar.com\/avatar\/72069dfb6c13772d9e8381e3638666d2?s=96&d=mm&r=g","caption":"EDITOR"},"url":"https:\/\/laprensacristiana.com\/?author=3"}]}},"_links":{"self":[{"href":"https:\/\/laprensacristiana.com\/index.php?rest_route=\/wp\/v2\/posts\/2547"}],"collection":[{"href":"https:\/\/laprensacristiana.com\/index.php?rest_route=\/wp\/v2\/posts"}],"about":[{"href":"https:\/\/laprensacristiana.com\/index.php?rest_route=\/wp\/v2\/types\/post"}],"author":[{"embeddable":true,"href":"https:\/\/laprensacristiana.com\/index.php?rest_route=\/wp\/v2\/users\/3"}],"replies":[{"embeddable":true,"href":"https:\/\/laprensacristiana.com\/index.php?rest_route=%2Fwp%2Fv2%2Fcomments&post=2547"}],"version-history":[{"count":1,"href":"https:\/\/laprensacristiana.com\/index.php?rest_route=\/wp\/v2\/posts\/2547\/revisions"}],"predecessor-version":[{"id":2549,"href":"https:\/\/laprensacristiana.com\/index.php?rest_route=\/wp\/v2\/posts\/2547\/revisions\/2549"}],"wp:featuredmedia":[{"embeddable":true,"href":"https:\/\/laprensacristiana.com\/index.php?rest_route=\/wp\/v2\/media\/2548"}],"wp:attachment":[{"href":"https:\/\/laprensacristiana.com\/index.php?rest_route=%2Fwp%2Fv2%2Fmedia&parent=2547"}],"wp:term":[{"taxonomy":"category","embeddable":true,"href":"https:\/\/laprensacristiana.com\/index.php?rest_route=%2Fwp%2Fv2%2Fcategories&post=2547"},{"taxonomy":"post_tag","embeddable":true,"href":"https:\/\/laprensacristiana.com\/index.php?rest_route=%2Fwp%2Fv2%2Ftags&post=2547"}],"curies":[{"name":"wp","href":"https:\/\/api.w.org\/{rel}","templated":true}]}}