{"id":2553,"date":"2017-03-20T22:01:36","date_gmt":"2017-03-20T22:01:36","guid":{"rendered":"https:\/\/laprensacristiana.com\/?p=2553"},"modified":"2020-07-02T00:59:06","modified_gmt":"2020-07-02T00:59:06","slug":"proclamaron-su-gloria","status":"publish","type":"post","link":"https:\/\/laprensacristiana.com\/?p=2553","title":{"rendered":"Proclamaron su gloria"},"content":{"rendered":"<p>Desde las 9 de la ma\u00f1ana j\u00f3venes y adultos se dieron cita en el Centro de Ferias y Convenciones CIFCO, para exaltar el nombre de Jes\u00fas en el congreso de adoraci\u00f3n denominado \u201cLevantando el Tabern\u00e1culo de David\u201d.<\/p>\n<figure id=\"attachment_2559\" aria-describedby=\"caption-attachment-2559\" style=\"width: 300px\" class=\"wp-caption aligncenter\"><img decoding=\"async\" loading=\"lazy\" class=\"size-medium wp-image-2559\" src=\"https:\/\/laprensacristiana.com\/wp-content\/uploads\/2017\/03\/TL2-300x183.jpg\" alt=\"J\u00f3venes rendidos en oraci\u00f3n. \" width=\"300\" height=\"183\" srcset=\"https:\/\/laprensacristiana.com\/wp-content\/uploads\/2017\/03\/TL2-300x183.jpg 300w, https:\/\/laprensacristiana.com\/wp-content\/uploads\/2017\/03\/TL2-600x367.jpg 600w, https:\/\/laprensacristiana.com\/wp-content\/uploads\/2017\/03\/TL2-768x469.jpg 768w, https:\/\/laprensacristiana.com\/wp-content\/uploads\/2017\/03\/TL2-696x425.jpg 696w, https:\/\/laprensacristiana.com\/wp-content\/uploads\/2017\/03\/TL2-687x420.jpg 687w, https:\/\/laprensacristiana.com\/wp-content\/uploads\/2017\/03\/TL2.jpg 1008w\" sizes=\"(max-width: 300px) 100vw, 300px\" \/><figcaption id=\"caption-attachment-2559\" class=\"wp-caption-text\">J\u00f3venes rendidos en oraci\u00f3n.<\/figcaption><\/figure>\n<p>Cerca de 250 personas se hicieron presentes en el evento, en su mayor\u00eda j\u00f3venes, quienes \u00a0disfrutaron y gozaron alabando al Se\u00f1or; as\u00ed como tambi\u00e9n se rindieron en oraci\u00f3n.<\/p>\n<figure id=\"attachment_2557\" aria-describedby=\"caption-attachment-2557\" style=\"width: 166px\" class=\"wp-caption alignleft\"><img decoding=\"async\" loading=\"lazy\" class=\" wp-image-2557\" src=\"https:\/\/laprensacristiana.com\/wp-content\/uploads\/2017\/03\/TL-PASTOR-1-200x300.png\" alt=\"Pastor Orlando Cepeda L\u00f3pez, de la Iglesia Betania Ahuachap\u00e1n.\" width=\"166\" height=\"241\" \/><figcaption id=\"caption-attachment-2557\" class=\"wp-caption-text\">Pastor Orlando Cepeda L\u00f3pez, de la Iglesia Betania Ahuachap\u00e1n.<\/figcaption><\/figure>\n<p>El Pastor Orlando Cepeda L\u00f3pez, de la Iglesia Betania Ahuachap\u00e1n, quien participo en el acto, expres\u00f3: <strong><em>\u201cLa iglesia se ha descontinuado en el prop\u00f3sito que Dios ha querido hacer, damos gracias por quienes tomaron a bien contactar a otros pastores. Cuando Dios quiere reunirse con sus hijos, ellos responden. Muchas veces nos enfocamos en n\u00fameros que en j\u00f3venes y hoy vi j\u00f3venes rendidos, d\u00e1ndose una oportunidad\u201d.<\/em><\/strong><\/p>\n<figure id=\"attachment_2558\" aria-describedby=\"caption-attachment-2558\" style=\"width: 168px\" class=\"wp-caption alignright\"><img decoding=\"async\" loading=\"lazy\" class=\"wp-image-2558\" src=\"https:\/\/laprensacristiana.com\/wp-content\/uploads\/2017\/03\/TL-LIDER-200x300.png\" alt=\"TL LIDER\" width=\"168\" height=\"256\" \/><figcaption id=\"caption-attachment-2558\" class=\"wp-caption-text\">Alberto Picariello Jr. de la Iglesia Huellas de Unci\u00f3n.<\/figcaption><\/figure>\n<p>Jan Earle y Samuel Benedetto, fueron parte de los artistas que se presentaron con su m\u00fasica y palabras hacia los asistentes.<\/p>\n<p><strong><em>\u201cNo estamos todos como pa\u00eds, pero estamos representando a nuestra naci\u00f3n Dici\u00e9ndole a Dios haz lo que tengas que hacer y obra como tienes que obrar. Lo que Dios tiene para este pa\u00eds no est\u00e1 en manos de quienes est\u00e1n saliendo, sino de los que estamos entrando\u201d.<\/em><\/strong> Expres\u00f3 el l\u00edder juvenil y miembro organizador Alberto Picariello Jr. de la Iglesia Huellas de Unci\u00f3n.<\/p>\n<figure id=\"attachment_2560\" aria-describedby=\"caption-attachment-2560\" style=\"width: 189px\" class=\"wp-caption aligncenter\"><img decoding=\"async\" loading=\"lazy\" class=\"size-medium wp-image-2560\" src=\"https:\/\/laprensacristiana.com\/wp-content\/uploads\/2017\/03\/TL3-189x300.jpg\" alt=\"Jan Earle.\" width=\"189\" height=\"300\" srcset=\"https:\/\/laprensacristiana.com\/wp-content\/uploads\/2017\/03\/TL3-189x300.jpg 189w, https:\/\/laprensacristiana.com\/wp-content\/uploads\/2017\/03\/TL3-600x952.jpg 600w, https:\/\/laprensacristiana.com\/wp-content\/uploads\/2017\/03\/TL3-265x420.jpg 265w, https:\/\/laprensacristiana.com\/wp-content\/uploads\/2017\/03\/TL3.jpg 630w\" sizes=\"(max-width: 189px) 100vw, 189px\" \/><figcaption id=\"caption-attachment-2560\" class=\"wp-caption-text\">Jan Earle.<\/figcaption><\/figure>\n","protected":false},"excerpt":{"rendered":"<p>Desde las 9 de la ma\u00f1ana j\u00f3venes y adultos se dieron cita en el Centro de Ferias y Convenciones CIFCO, para exaltar el nombre de Jes\u00fas en el congreso de adoraci\u00f3n denominado \u201cLevantando el Tabern\u00e1culo de David\u201d. Cerca de 250 personas se hicieron presentes en el evento, en su mayor\u00eda j\u00f3venes, quienes \u00a0disfrutaron y gozaron [&hellip;]<\/p>\n","protected":false},"author":3,"featured_media":2555,"comment_status":"open","ping_status":"open","sticky":false,"template":"","format":"standard","meta":[],"categories":[56],"tags":[],"yoast_head":"<!-- This site is optimized with the Yoast SEO plugin v20.8 - https:\/\/yoast.com\/wordpress\/plugins\/seo\/ -->\n<title>Proclamaron su gloria - La Prensa Cristiana<\/title>\n<meta name=\"robots\" content=\"index, follow, max-snippet:-1, max-image-preview:large, max-video-preview:-1\" \/>\n<link rel=\"canonical\" href=\"https:\/\/laprensacristiana.com\/?p=2553\" \/>\n<meta property=\"og:locale\" content=\"es_ES\" \/>\n<meta property=\"og:type\" content=\"article\" \/>\n<meta property=\"og:title\" content=\"Proclamaron su gloria - La Prensa Cristiana\" \/>\n<meta property=\"og:description\" content=\"Desde las 9 de la ma\u00f1ana j\u00f3venes y adultos se dieron cita en el Centro de Ferias y Convenciones CIFCO, para exaltar el nombre de Jes\u00fas en el congreso de adoraci\u00f3n denominado \u201cLevantando el Tabern\u00e1culo de David\u201d. Cerca de 250 personas se hicieron presentes en el evento, en su mayor\u00eda j\u00f3venes, quienes \u00a0disfrutaron y gozaron [&hellip;]\" \/>\n<meta property=\"og:url\" content=\"https:\/\/laprensacristiana.com\/?p=2553\" \/>\n<meta property=\"og:site_name\" content=\"La Prensa Cristiana\" \/>\n<meta property=\"article:published_time\" content=\"2017-03-20T22:01:36+00:00\" \/>\n<meta property=\"article:modified_time\" content=\"2020-07-02T00:59:06+00:00\" \/>\n<meta property=\"og:image\" content=\"https:\/\/laprensacristiana.com\/wp-content\/uploads\/2017\/03\/TL.jpg\" \/>\n\t<meta property=\"og:image:width\" content=\"936\" \/>\n\t<meta property=\"og:image:height\" content=\"678\" \/>\n\t<meta property=\"og:image:type\" content=\"image\/jpeg\" \/>\n<meta name=\"author\" content=\"EDITOR\" \/>\n<meta name=\"twitter:card\" content=\"summary_large_image\" \/>\n<meta name=\"twitter:label1\" content=\"Escrito por\" \/>\n\t<meta name=\"twitter:data1\" content=\"EDITOR\" \/>\n\t<meta name=\"twitter:label2\" content=\"Tiempo de lectura\" \/>\n\t<meta name=\"twitter:data2\" content=\"1 minuto\" \/>\n<script type=\"application\/ld+json\" class=\"yoast-schema-graph\">{\"@context\":\"https:\/\/schema.org\",\"@graph\":[{\"@type\":\"WebPage\",\"@id\":\"https:\/\/laprensacristiana.com\/?p=2553\",\"url\":\"https:\/\/laprensacristiana.com\/?p=2553\",\"name\":\"Proclamaron su gloria - La Prensa Cristiana\",\"isPartOf\":{\"@id\":\"https:\/\/laprensacristiana.com\/#website\"},\"datePublished\":\"2017-03-20T22:01:36+00:00\",\"dateModified\":\"2020-07-02T00:59:06+00:00\",\"author\":{\"@id\":\"https:\/\/laprensacristiana.com\/#\/schema\/person\/3e7d82c6bfd6b1fa67010f8f7cd5256e\"},\"breadcrumb\":{\"@id\":\"https:\/\/laprensacristiana.com\/?p=2553#breadcrumb\"},\"inLanguage\":\"es\",\"potentialAction\":[{\"@type\":\"ReadAction\",\"target\":[\"https:\/\/laprensacristiana.com\/?p=2553\"]}]},{\"@type\":\"BreadcrumbList\",\"@id\":\"https:\/\/laprensacristiana.com\/?p=2553#breadcrumb\",\"itemListElement\":[{\"@type\":\"ListItem\",\"position\":1,\"name\":\"Portada\",\"item\":\"https:\/\/laprensacristiana.com\/\"},{\"@type\":\"ListItem\",\"position\":2,\"name\":\"Proclamaron su gloria\"}]},{\"@type\":\"WebSite\",\"@id\":\"https:\/\/laprensacristiana.com\/#website\",\"url\":\"https:\/\/laprensacristiana.com\/\",\"name\":\"La Prensa Cristiana\",\"description\":\"Anunciando Las Buenas Nuevas\",\"potentialAction\":[{\"@type\":\"SearchAction\",\"target\":{\"@type\":\"EntryPoint\",\"urlTemplate\":\"https:\/\/laprensacristiana.com\/?s={search_term_string}\"},\"query-input\":\"required name=search_term_string\"}],\"inLanguage\":\"es\"},{\"@type\":\"Person\",\"@id\":\"https:\/\/laprensacristiana.com\/#\/schema\/person\/3e7d82c6bfd6b1fa67010f8f7cd5256e\",\"name\":\"EDITOR\",\"image\":{\"@type\":\"ImageObject\",\"inLanguage\":\"es\",\"@id\":\"https:\/\/laprensacristiana.com\/#\/schema\/person\/image\/\",\"url\":\"https:\/\/secure.gravatar.com\/avatar\/72069dfb6c13772d9e8381e3638666d2?s=96&d=mm&r=g\",\"contentUrl\":\"https:\/\/secure.gravatar.com\/avatar\/72069dfb6c13772d9e8381e3638666d2?s=96&d=mm&r=g\",\"caption\":\"EDITOR\"},\"url\":\"https:\/\/laprensacristiana.com\/?author=3\"}]}<\/script>\n<!-- \/ Yoast SEO plugin. -->","yoast_head_json":{"title":"Proclamaron su gloria - La Prensa Cristiana","robots":{"index":"index","follow":"follow","max-snippet":"max-snippet:-1","max-image-preview":"max-image-preview:large","max-video-preview":"max-video-preview:-1"},"canonical":"https:\/\/laprensacristiana.com\/?p=2553","og_locale":"es_ES","og_type":"article","og_title":"Proclamaron su gloria - La Prensa Cristiana","og_description":"Desde las 9 de la ma\u00f1ana j\u00f3venes y adultos se dieron cita en el Centro de Ferias y Convenciones CIFCO, para exaltar el nombre de Jes\u00fas en el congreso de adoraci\u00f3n denominado \u201cLevantando el Tabern\u00e1culo de David\u201d. Cerca de 250 personas se hicieron presentes en el evento, en su mayor\u00eda j\u00f3venes, quienes \u00a0disfrutaron y gozaron [&hellip;]","og_url":"https:\/\/laprensacristiana.com\/?p=2553","og_site_name":"La Prensa Cristiana","article_published_time":"2017-03-20T22:01:36+00:00","article_modified_time":"2020-07-02T00:59:06+00:00","og_image":[{"width":936,"height":678,"url":"https:\/\/laprensacristiana.com\/wp-content\/uploads\/2017\/03\/TL.jpg","type":"image\/jpeg"}],"author":"EDITOR","twitter_card":"summary_large_image","twitter_misc":{"Escrito por":"EDITOR","Tiempo de lectura":"1 minuto"},"schema":{"@context":"https:\/\/schema.org","@graph":[{"@type":"WebPage","@id":"https:\/\/laprensacristiana.com\/?p=2553","url":"https:\/\/laprensacristiana.com\/?p=2553","name":"Proclamaron su gloria - La Prensa Cristiana","isPartOf":{"@id":"https:\/\/laprensacristiana.com\/#website"},"datePublished":"2017-03-20T22:01:36+00:00","dateModified":"2020-07-02T00:59:06+00:00","author":{"@id":"https:\/\/laprensacristiana.com\/#\/schema\/person\/3e7d82c6bfd6b1fa67010f8f7cd5256e"},"breadcrumb":{"@id":"https:\/\/laprensacristiana.com\/?p=2553#breadcrumb"},"inLanguage":"es","potentialAction":[{"@type":"ReadAction","target":["https:\/\/laprensacristiana.com\/?p=2553"]}]},{"@type":"BreadcrumbList","@id":"https:\/\/laprensacristiana.com\/?p=2553#breadcrumb","itemListElement":[{"@type":"ListItem","position":1,"name":"Portada","item":"https:\/\/laprensacristiana.com\/"},{"@type":"ListItem","position":2,"name":"Proclamaron su gloria"}]},{"@type":"WebSite","@id":"https:\/\/laprensacristiana.com\/#website","url":"https:\/\/laprensacristiana.com\/","name":"La Prensa Cristiana","description":"Anunciando Las Buenas Nuevas","potentialAction":[{"@type":"SearchAction","target":{"@type":"EntryPoint","urlTemplate":"https:\/\/laprensacristiana.com\/?s={search_term_string}"},"query-input":"required name=search_term_string"}],"inLanguage":"es"},{"@type":"Person","@id":"https:\/\/laprensacristiana.com\/#\/schema\/person\/3e7d82c6bfd6b1fa67010f8f7cd5256e","name":"EDITOR","image":{"@type":"ImageObject","inLanguage":"es","@id":"https:\/\/laprensacristiana.com\/#\/schema\/person\/image\/","url":"https:\/\/secure.gravatar.com\/avatar\/72069dfb6c13772d9e8381e3638666d2?s=96&d=mm&r=g","contentUrl":"https:\/\/secure.gravatar.com\/avatar\/72069dfb6c13772d9e8381e3638666d2?s=96&d=mm&r=g","caption":"EDITOR"},"url":"https:\/\/laprensacristiana.com\/?author=3"}]}},"_links":{"self":[{"href":"https:\/\/laprensacristiana.com\/index.php?rest_route=\/wp\/v2\/posts\/2553"}],"collection":[{"href":"https:\/\/laprensacristiana.com\/index.php?rest_route=\/wp\/v2\/posts"}],"about":[{"href":"https:\/\/laprensacristiana.com\/index.php?rest_route=\/wp\/v2\/types\/post"}],"author":[{"embeddable":true,"href":"https:\/\/laprensacristiana.com\/index.php?rest_route=\/wp\/v2\/users\/3"}],"replies":[{"embeddable":true,"href":"https:\/\/laprensacristiana.com\/index.php?rest_route=%2Fwp%2Fv2%2Fcomments&post=2553"}],"version-history":[{"count":2,"href":"https:\/\/laprensacristiana.com\/index.php?rest_route=\/wp\/v2\/posts\/2553\/revisions"}],"predecessor-version":[{"id":2562,"href":"https:\/\/laprensacristiana.com\/index.php?rest_route=\/wp\/v2\/posts\/2553\/revisions\/2562"}],"wp:featuredmedia":[{"embeddable":true,"href":"https:\/\/laprensacristiana.com\/index.php?rest_route=\/wp\/v2\/media\/2555"}],"wp:attachment":[{"href":"https:\/\/laprensacristiana.com\/index.php?rest_route=%2Fwp%2Fv2%2Fmedia&parent=2553"}],"wp:term":[{"taxonomy":"category","embeddable":true,"href":"https:\/\/laprensacristiana.com\/index.php?rest_route=%2Fwp%2Fv2%2Fcategories&post=2553"},{"taxonomy":"post_tag","embeddable":true,"href":"https:\/\/laprensacristiana.com\/index.php?rest_route=%2Fwp%2Fv2%2Ftags&post=2553"}],"curies":[{"name":"wp","href":"https:\/\/api.w.org\/{rel}","templated":true}]}}