{"id":2583,"date":"2017-03-27T22:36:18","date_gmt":"2017-03-27T22:36:18","guid":{"rendered":"https:\/\/laprensacristiana.com\/?p=2583"},"modified":"2020-07-02T00:57:31","modified_gmt":"2020-07-02T00:57:31","slug":"jesus-es-el-camino-hacia-la-paz","status":"publish","type":"post","link":"https:\/\/laprensacristiana.com\/?p=2583","title":{"rendered":"\u201cJes\u00fas, es  el camino hacia la paz\u201d"},"content":{"rendered":"<p>El s\u00e1bado pasado 25 de marzo, alrededor de las 2 de la tarde se realiz\u00f3 una campa\u00f1a evangel\u00edstica llamada <em>\u201cJes\u00fas, es \u00a0el camino hacia la paz\u201d.<\/em> La actividad fue hecha en la colonia Las Margaritas, en el municipio de Soyapango y organizada por la Red Nacional de Pastores y L\u00edderes para el Desarrollo de El Salvador \u201cTorre Fuerte\u201d, contando con la ayuda de otras iglesias unidas.<img decoding=\"async\" loading=\"lazy\" class=\"size-medium wp-image-2586 aligncenter\" src=\"https:\/\/laprensacristiana.com\/wp-content\/uploads\/2017\/03\/PAZ-3-300x200.jpg\" alt=\"PAZ 3\" width=\"300\" height=\"200\" srcset=\"https:\/\/laprensacristiana.com\/wp-content\/uploads\/2017\/03\/PAZ-3-300x200.jpg 300w, https:\/\/laprensacristiana.com\/wp-content\/uploads\/2017\/03\/PAZ-3-600x400.jpg 600w, https:\/\/laprensacristiana.com\/wp-content\/uploads\/2017\/03\/PAZ-3-768x513.jpg 768w, https:\/\/laprensacristiana.com\/wp-content\/uploads\/2017\/03\/PAZ-3-696x464.jpg 696w, https:\/\/laprensacristiana.com\/wp-content\/uploads\/2017\/03\/PAZ-3-629x420.jpg 629w, https:\/\/laprensacristiana.com\/wp-content\/uploads\/2017\/03\/PAZ-3.jpg 1010w\" sizes=\"(max-width: 300px) 100vw, 300px\" \/><\/p>\n<p>Dentro de la campa\u00f1a participaron ex pandilleros en donde compartieron sus testimonios, esto para que otros puedan arrepentirse y saber que si es posible un cambio. Quienes dieron fe de su cambio fueron dos ex miembros de grupos delictivos y que hoy por hoy se dedican a evangelizar.<img decoding=\"async\" loading=\"lazy\" class=\"size-medium wp-image-2585 alignleft\" src=\"https:\/\/laprensacristiana.com\/wp-content\/uploads\/2017\/03\/PAZ-2-300x214.jpg\" alt=\"PAZ 2\" width=\"300\" height=\"214\" srcset=\"https:\/\/laprensacristiana.com\/wp-content\/uploads\/2017\/03\/PAZ-2-300x214.jpg 300w, https:\/\/laprensacristiana.com\/wp-content\/uploads\/2017\/03\/PAZ-2-600x428.jpg 600w, https:\/\/laprensacristiana.com\/wp-content\/uploads\/2017\/03\/PAZ-2-768x548.jpg 768w, https:\/\/laprensacristiana.com\/wp-content\/uploads\/2017\/03\/PAZ-2-100x70.jpg 100w, https:\/\/laprensacristiana.com\/wp-content\/uploads\/2017\/03\/PAZ-2-696x497.jpg 696w, https:\/\/laprensacristiana.com\/wp-content\/uploads\/2017\/03\/PAZ-2-589x420.jpg 589w, https:\/\/laprensacristiana.com\/wp-content\/uploads\/2017\/03\/PAZ-2.jpg 974w\" sizes=\"(max-width: 300px) 100vw, 300px\" \/><\/p>\n<p>Los asistentes fueron unas 2, 800 personas de las cuales 200 fueron convertidas. En el desarrollo del evento participaron los salmistas Florent\u00edn Umanzor y Juan torres.<\/p>\n<p>El Capell\u00e1n, Rolando Salazar (Director general de capellanes) Red Nacional de Pastores, expres\u00f3: <strong><em>\u201cComo pastor y capell\u00e1n, el mensaje para iglesias es que no nos cansemos de evangelizar, llevando las buenas nuevas de Dios, porque cosecharemos como lo est\u00e1n haciendo. Dios si cambia al hombre y si pueden haber cambios solamente con Cristo Jes\u00fas\u201d. <\/em><\/strong><\/p>\n","protected":false},"excerpt":{"rendered":"<p>El s\u00e1bado pasado 25 de marzo, alrededor de las 2 de la tarde se realiz\u00f3 una campa\u00f1a evangel\u00edstica llamada \u201cJes\u00fas, es \u00a0el camino hacia la paz\u201d. La actividad fue hecha en la colonia Las Margaritas, en el municipio de Soyapango y organizada por la Red Nacional de Pastores y L\u00edderes para el Desarrollo de El [&hellip;]<\/p>\n","protected":false},"author":3,"featured_media":2584,"comment_status":"open","ping_status":"open","sticky":false,"template":"","format":"standard","meta":[],"categories":[36],"tags":[],"yoast_head":"<!-- This site is optimized with the Yoast SEO plugin v20.8 - https:\/\/yoast.com\/wordpress\/plugins\/seo\/ -->\n<title>\u201cJes\u00fas, es el camino hacia la paz\u201d - La Prensa Cristiana<\/title>\n<meta name=\"robots\" content=\"index, follow, max-snippet:-1, max-image-preview:large, max-video-preview:-1\" \/>\n<link rel=\"canonical\" href=\"https:\/\/laprensacristiana.com\/?p=2583\" \/>\n<meta property=\"og:locale\" content=\"es_ES\" \/>\n<meta property=\"og:type\" content=\"article\" \/>\n<meta property=\"og:title\" content=\"\u201cJes\u00fas, es el camino hacia la paz\u201d - La Prensa Cristiana\" \/>\n<meta property=\"og:description\" content=\"El s\u00e1bado pasado 25 de marzo, alrededor de las 2 de la tarde se realiz\u00f3 una campa\u00f1a evangel\u00edstica llamada \u201cJes\u00fas, es \u00a0el camino hacia la paz\u201d. La actividad fue hecha en la colonia Las Margaritas, en el municipio de Soyapango y organizada por la Red Nacional de Pastores y L\u00edderes para el Desarrollo de El [&hellip;]\" \/>\n<meta property=\"og:url\" content=\"https:\/\/laprensacristiana.com\/?p=2583\" \/>\n<meta property=\"og:site_name\" content=\"La Prensa Cristiana\" \/>\n<meta property=\"article:published_time\" content=\"2017-03-27T22:36:18+00:00\" \/>\n<meta property=\"article:modified_time\" content=\"2020-07-02T00:57:31+00:00\" \/>\n<meta property=\"og:image\" content=\"https:\/\/laprensacristiana.com\/wp-content\/uploads\/2017\/03\/PAZ-1.jpg\" \/>\n\t<meta property=\"og:image:width\" content=\"974\" \/>\n\t<meta property=\"og:image:height\" content=\"695\" \/>\n\t<meta property=\"og:image:type\" content=\"image\/jpeg\" \/>\n<meta name=\"author\" content=\"EDITOR\" \/>\n<meta name=\"twitter:card\" content=\"summary_large_image\" \/>\n<meta name=\"twitter:label1\" content=\"Escrito por\" \/>\n\t<meta name=\"twitter:data1\" content=\"EDITOR\" \/>\n\t<meta name=\"twitter:label2\" content=\"Tiempo de lectura\" \/>\n\t<meta name=\"twitter:data2\" content=\"1 minuto\" \/>\n<script type=\"application\/ld+json\" class=\"yoast-schema-graph\">{\"@context\":\"https:\/\/schema.org\",\"@graph\":[{\"@type\":\"WebPage\",\"@id\":\"https:\/\/laprensacristiana.com\/?p=2583\",\"url\":\"https:\/\/laprensacristiana.com\/?p=2583\",\"name\":\"\u201cJes\u00fas, es el camino hacia la paz\u201d - La Prensa Cristiana\",\"isPartOf\":{\"@id\":\"https:\/\/laprensacristiana.com\/#website\"},\"datePublished\":\"2017-03-27T22:36:18+00:00\",\"dateModified\":\"2020-07-02T00:57:31+00:00\",\"author\":{\"@id\":\"https:\/\/laprensacristiana.com\/#\/schema\/person\/3e7d82c6bfd6b1fa67010f8f7cd5256e\"},\"breadcrumb\":{\"@id\":\"https:\/\/laprensacristiana.com\/?p=2583#breadcrumb\"},\"inLanguage\":\"es\",\"potentialAction\":[{\"@type\":\"ReadAction\",\"target\":[\"https:\/\/laprensacristiana.com\/?p=2583\"]}]},{\"@type\":\"BreadcrumbList\",\"@id\":\"https:\/\/laprensacristiana.com\/?p=2583#breadcrumb\",\"itemListElement\":[{\"@type\":\"ListItem\",\"position\":1,\"name\":\"Portada\",\"item\":\"https:\/\/laprensacristiana.com\/\"},{\"@type\":\"ListItem\",\"position\":2,\"name\":\"\u201cJes\u00fas, es el camino hacia la paz\u201d\"}]},{\"@type\":\"WebSite\",\"@id\":\"https:\/\/laprensacristiana.com\/#website\",\"url\":\"https:\/\/laprensacristiana.com\/\",\"name\":\"La Prensa Cristiana\",\"description\":\"Anunciando Las Buenas Nuevas\",\"potentialAction\":[{\"@type\":\"SearchAction\",\"target\":{\"@type\":\"EntryPoint\",\"urlTemplate\":\"https:\/\/laprensacristiana.com\/?s={search_term_string}\"},\"query-input\":\"required name=search_term_string\"}],\"inLanguage\":\"es\"},{\"@type\":\"Person\",\"@id\":\"https:\/\/laprensacristiana.com\/#\/schema\/person\/3e7d82c6bfd6b1fa67010f8f7cd5256e\",\"name\":\"EDITOR\",\"image\":{\"@type\":\"ImageObject\",\"inLanguage\":\"es\",\"@id\":\"https:\/\/laprensacristiana.com\/#\/schema\/person\/image\/\",\"url\":\"https:\/\/secure.gravatar.com\/avatar\/72069dfb6c13772d9e8381e3638666d2?s=96&d=mm&r=g\",\"contentUrl\":\"https:\/\/secure.gravatar.com\/avatar\/72069dfb6c13772d9e8381e3638666d2?s=96&d=mm&r=g\",\"caption\":\"EDITOR\"},\"url\":\"https:\/\/laprensacristiana.com\/?author=3\"}]}<\/script>\n<!-- \/ Yoast SEO plugin. -->","yoast_head_json":{"title":"\u201cJes\u00fas, es el camino hacia la paz\u201d - La Prensa Cristiana","robots":{"index":"index","follow":"follow","max-snippet":"max-snippet:-1","max-image-preview":"max-image-preview:large","max-video-preview":"max-video-preview:-1"},"canonical":"https:\/\/laprensacristiana.com\/?p=2583","og_locale":"es_ES","og_type":"article","og_title":"\u201cJes\u00fas, es el camino hacia la paz\u201d - La Prensa Cristiana","og_description":"El s\u00e1bado pasado 25 de marzo, alrededor de las 2 de la tarde se realiz\u00f3 una campa\u00f1a evangel\u00edstica llamada \u201cJes\u00fas, es \u00a0el camino hacia la paz\u201d. La actividad fue hecha en la colonia Las Margaritas, en el municipio de Soyapango y organizada por la Red Nacional de Pastores y L\u00edderes para el Desarrollo de El [&hellip;]","og_url":"https:\/\/laprensacristiana.com\/?p=2583","og_site_name":"La Prensa Cristiana","article_published_time":"2017-03-27T22:36:18+00:00","article_modified_time":"2020-07-02T00:57:31+00:00","og_image":[{"width":974,"height":695,"url":"https:\/\/laprensacristiana.com\/wp-content\/uploads\/2017\/03\/PAZ-1.jpg","type":"image\/jpeg"}],"author":"EDITOR","twitter_card":"summary_large_image","twitter_misc":{"Escrito por":"EDITOR","Tiempo de lectura":"1 minuto"},"schema":{"@context":"https:\/\/schema.org","@graph":[{"@type":"WebPage","@id":"https:\/\/laprensacristiana.com\/?p=2583","url":"https:\/\/laprensacristiana.com\/?p=2583","name":"\u201cJes\u00fas, es el camino hacia la paz\u201d - La Prensa Cristiana","isPartOf":{"@id":"https:\/\/laprensacristiana.com\/#website"},"datePublished":"2017-03-27T22:36:18+00:00","dateModified":"2020-07-02T00:57:31+00:00","author":{"@id":"https:\/\/laprensacristiana.com\/#\/schema\/person\/3e7d82c6bfd6b1fa67010f8f7cd5256e"},"breadcrumb":{"@id":"https:\/\/laprensacristiana.com\/?p=2583#breadcrumb"},"inLanguage":"es","potentialAction":[{"@type":"ReadAction","target":["https:\/\/laprensacristiana.com\/?p=2583"]}]},{"@type":"BreadcrumbList","@id":"https:\/\/laprensacristiana.com\/?p=2583#breadcrumb","itemListElement":[{"@type":"ListItem","position":1,"name":"Portada","item":"https:\/\/laprensacristiana.com\/"},{"@type":"ListItem","position":2,"name":"\u201cJes\u00fas, es el camino hacia la paz\u201d"}]},{"@type":"WebSite","@id":"https:\/\/laprensacristiana.com\/#website","url":"https:\/\/laprensacristiana.com\/","name":"La Prensa Cristiana","description":"Anunciando Las Buenas Nuevas","potentialAction":[{"@type":"SearchAction","target":{"@type":"EntryPoint","urlTemplate":"https:\/\/laprensacristiana.com\/?s={search_term_string}"},"query-input":"required name=search_term_string"}],"inLanguage":"es"},{"@type":"Person","@id":"https:\/\/laprensacristiana.com\/#\/schema\/person\/3e7d82c6bfd6b1fa67010f8f7cd5256e","name":"EDITOR","image":{"@type":"ImageObject","inLanguage":"es","@id":"https:\/\/laprensacristiana.com\/#\/schema\/person\/image\/","url":"https:\/\/secure.gravatar.com\/avatar\/72069dfb6c13772d9e8381e3638666d2?s=96&d=mm&r=g","contentUrl":"https:\/\/secure.gravatar.com\/avatar\/72069dfb6c13772d9e8381e3638666d2?s=96&d=mm&r=g","caption":"EDITOR"},"url":"https:\/\/laprensacristiana.com\/?author=3"}]}},"_links":{"self":[{"href":"https:\/\/laprensacristiana.com\/index.php?rest_route=\/wp\/v2\/posts\/2583"}],"collection":[{"href":"https:\/\/laprensacristiana.com\/index.php?rest_route=\/wp\/v2\/posts"}],"about":[{"href":"https:\/\/laprensacristiana.com\/index.php?rest_route=\/wp\/v2\/types\/post"}],"author":[{"embeddable":true,"href":"https:\/\/laprensacristiana.com\/index.php?rest_route=\/wp\/v2\/users\/3"}],"replies":[{"embeddable":true,"href":"https:\/\/laprensacristiana.com\/index.php?rest_route=%2Fwp%2Fv2%2Fcomments&post=2583"}],"version-history":[{"count":1,"href":"https:\/\/laprensacristiana.com\/index.php?rest_route=\/wp\/v2\/posts\/2583\/revisions"}],"predecessor-version":[{"id":2587,"href":"https:\/\/laprensacristiana.com\/index.php?rest_route=\/wp\/v2\/posts\/2583\/revisions\/2587"}],"wp:featuredmedia":[{"embeddable":true,"href":"https:\/\/laprensacristiana.com\/index.php?rest_route=\/wp\/v2\/media\/2584"}],"wp:attachment":[{"href":"https:\/\/laprensacristiana.com\/index.php?rest_route=%2Fwp%2Fv2%2Fmedia&parent=2583"}],"wp:term":[{"taxonomy":"category","embeddable":true,"href":"https:\/\/laprensacristiana.com\/index.php?rest_route=%2Fwp%2Fv2%2Fcategories&post=2583"},{"taxonomy":"post_tag","embeddable":true,"href":"https:\/\/laprensacristiana.com\/index.php?rest_route=%2Fwp%2Fv2%2Ftags&post=2583"}],"curies":[{"name":"wp","href":"https:\/\/api.w.org\/{rel}","templated":true}]}}