{"id":2589,"date":"2017-03-28T19:30:41","date_gmt":"2017-03-28T19:30:41","guid":{"rendered":"https:\/\/laprensacristiana.com\/?p=2589"},"modified":"2020-07-02T00:57:17","modified_gmt":"2020-07-02T00:57:17","slug":"tan-profundo","status":"publish","type":"post","link":"https:\/\/laprensacristiana.com\/?p=2589","title":{"rendered":"\u00abTan profundo\u00bb"},"content":{"rendered":"<p>La banda cristiana Montreal, originaria de M\u00e9xico lanz\u00f3 el pasado jueves su m\u00e1s reciente v\u00eddeo llamado \u00abTan Profundo\u00bb, esta producci\u00f3n forma parte de su \u00faltimo \u00e1lbum \u00abM\u00e1s color\u00bb.<\/p>\n<p>\u00abNunca ha existido otro amor, no he conocido otro amor, tan profundo, tan real&#8230;\u00bb esto es parte de la canci\u00f3n de estos chicos, y es que la letra habla sobre el gran amor que Dios tiene para sus hijos. Los integrantes de la banda a trav\u00e9s de sus redes sociales, manifestaban su emoci\u00f3n de compartir su v\u00eddeo con sus seguidores.<\/p>\n<p><iframe loading=\"lazy\" title=\"Tan Profundo \/ MONTREAL \/ Video oficial\" width=\"696\" height=\"392\" src=\"https:\/\/www.youtube.com\/embed\/fXVb0-rGCU4?feature=oembed\" frameborder=\"0\" allow=\"accelerometer; autoplay; encrypted-media; gyroscope; picture-in-picture\" allowfullscreen><\/iframe><\/p>\n<p>&nbsp;<\/p>\n","protected":false},"excerpt":{"rendered":"<p>La banda cristiana Montreal, originaria de M\u00e9xico lanz\u00f3 el pasado jueves su m\u00e1s reciente v\u00eddeo llamado \u00abTan Profundo\u00bb, esta producci\u00f3n forma parte de su \u00faltimo \u00e1lbum \u00abM\u00e1s color\u00bb. \u00abNunca ha existido otro amor, no he conocido otro amor, tan profundo, tan real&#8230;\u00bb esto es parte de la canci\u00f3n de estos chicos, y es que la [&hellip;]<\/p>\n","protected":false},"author":3,"featured_media":2590,"comment_status":"open","ping_status":"open","sticky":false,"template":"","format":"standard","meta":[],"categories":[36],"tags":[],"yoast_head":"<!-- This site is optimized with the Yoast SEO plugin v20.8 - https:\/\/yoast.com\/wordpress\/plugins\/seo\/ -->\n<title>&quot;Tan profundo&quot; - La Prensa Cristiana<\/title>\n<meta name=\"robots\" content=\"index, follow, max-snippet:-1, max-image-preview:large, max-video-preview:-1\" \/>\n<link rel=\"canonical\" href=\"https:\/\/laprensacristiana.com\/?p=2589\" \/>\n<meta property=\"og:locale\" content=\"es_ES\" \/>\n<meta property=\"og:type\" content=\"article\" \/>\n<meta property=\"og:title\" content=\"&quot;Tan profundo&quot; - La Prensa Cristiana\" \/>\n<meta property=\"og:description\" content=\"La banda cristiana Montreal, originaria de M\u00e9xico lanz\u00f3 el pasado jueves su m\u00e1s reciente v\u00eddeo llamado \u00abTan Profundo\u00bb, esta producci\u00f3n forma parte de su \u00faltimo \u00e1lbum \u00abM\u00e1s color\u00bb. \u00abNunca ha existido otro amor, no he conocido otro amor, tan profundo, tan real&#8230;\u00bb esto es parte de la canci\u00f3n de estos chicos, y es que la [&hellip;]\" \/>\n<meta property=\"og:url\" content=\"https:\/\/laprensacristiana.com\/?p=2589\" \/>\n<meta property=\"og:site_name\" content=\"La Prensa Cristiana\" \/>\n<meta property=\"article:published_time\" content=\"2017-03-28T19:30:41+00:00\" \/>\n<meta property=\"article:modified_time\" content=\"2020-07-02T00:57:17+00:00\" \/>\n<meta property=\"og:image\" content=\"https:\/\/laprensacristiana.com\/wp-content\/uploads\/2017\/03\/MONTREAL.jpg\" \/>\n\t<meta property=\"og:image:width\" content=\"827\" \/>\n\t<meta property=\"og:image:height\" content=\"827\" \/>\n\t<meta property=\"og:image:type\" content=\"image\/jpeg\" \/>\n<meta name=\"author\" content=\"EDITOR\" \/>\n<meta name=\"twitter:card\" content=\"summary_large_image\" \/>\n<meta name=\"twitter:label1\" content=\"Escrito por\" \/>\n\t<meta name=\"twitter:data1\" content=\"EDITOR\" \/>\n\t<meta name=\"twitter:label2\" content=\"Tiempo de lectura\" \/>\n\t<meta name=\"twitter:data2\" content=\"1 minuto\" \/>\n<script type=\"application\/ld+json\" class=\"yoast-schema-graph\">{\"@context\":\"https:\/\/schema.org\",\"@graph\":[{\"@type\":\"WebPage\",\"@id\":\"https:\/\/laprensacristiana.com\/?p=2589\",\"url\":\"https:\/\/laprensacristiana.com\/?p=2589\",\"name\":\"\\\"Tan profundo\\\" - La Prensa Cristiana\",\"isPartOf\":{\"@id\":\"https:\/\/laprensacristiana.com\/#website\"},\"datePublished\":\"2017-03-28T19:30:41+00:00\",\"dateModified\":\"2020-07-02T00:57:17+00:00\",\"author\":{\"@id\":\"https:\/\/laprensacristiana.com\/#\/schema\/person\/3e7d82c6bfd6b1fa67010f8f7cd5256e\"},\"breadcrumb\":{\"@id\":\"https:\/\/laprensacristiana.com\/?p=2589#breadcrumb\"},\"inLanguage\":\"es\",\"potentialAction\":[{\"@type\":\"ReadAction\",\"target\":[\"https:\/\/laprensacristiana.com\/?p=2589\"]}]},{\"@type\":\"BreadcrumbList\",\"@id\":\"https:\/\/laprensacristiana.com\/?p=2589#breadcrumb\",\"itemListElement\":[{\"@type\":\"ListItem\",\"position\":1,\"name\":\"Portada\",\"item\":\"https:\/\/laprensacristiana.com\/\"},{\"@type\":\"ListItem\",\"position\":2,\"name\":\"\u00abTan profundo\u00bb\"}]},{\"@type\":\"WebSite\",\"@id\":\"https:\/\/laprensacristiana.com\/#website\",\"url\":\"https:\/\/laprensacristiana.com\/\",\"name\":\"La Prensa Cristiana\",\"description\":\"Anunciando Las Buenas Nuevas\",\"potentialAction\":[{\"@type\":\"SearchAction\",\"target\":{\"@type\":\"EntryPoint\",\"urlTemplate\":\"https:\/\/laprensacristiana.com\/?s={search_term_string}\"},\"query-input\":\"required name=search_term_string\"}],\"inLanguage\":\"es\"},{\"@type\":\"Person\",\"@id\":\"https:\/\/laprensacristiana.com\/#\/schema\/person\/3e7d82c6bfd6b1fa67010f8f7cd5256e\",\"name\":\"EDITOR\",\"image\":{\"@type\":\"ImageObject\",\"inLanguage\":\"es\",\"@id\":\"https:\/\/laprensacristiana.com\/#\/schema\/person\/image\/\",\"url\":\"https:\/\/secure.gravatar.com\/avatar\/72069dfb6c13772d9e8381e3638666d2?s=96&d=mm&r=g\",\"contentUrl\":\"https:\/\/secure.gravatar.com\/avatar\/72069dfb6c13772d9e8381e3638666d2?s=96&d=mm&r=g\",\"caption\":\"EDITOR\"},\"url\":\"https:\/\/laprensacristiana.com\/?author=3\"}]}<\/script>\n<!-- \/ Yoast SEO plugin. -->","yoast_head_json":{"title":"\"Tan profundo\" - La Prensa Cristiana","robots":{"index":"index","follow":"follow","max-snippet":"max-snippet:-1","max-image-preview":"max-image-preview:large","max-video-preview":"max-video-preview:-1"},"canonical":"https:\/\/laprensacristiana.com\/?p=2589","og_locale":"es_ES","og_type":"article","og_title":"\"Tan profundo\" - La Prensa Cristiana","og_description":"La banda cristiana Montreal, originaria de M\u00e9xico lanz\u00f3 el pasado jueves su m\u00e1s reciente v\u00eddeo llamado \u00abTan Profundo\u00bb, esta producci\u00f3n forma parte de su \u00faltimo \u00e1lbum \u00abM\u00e1s color\u00bb. \u00abNunca ha existido otro amor, no he conocido otro amor, tan profundo, tan real&#8230;\u00bb esto es parte de la canci\u00f3n de estos chicos, y es que la [&hellip;]","og_url":"https:\/\/laprensacristiana.com\/?p=2589","og_site_name":"La Prensa Cristiana","article_published_time":"2017-03-28T19:30:41+00:00","article_modified_time":"2020-07-02T00:57:17+00:00","og_image":[{"width":827,"height":827,"url":"https:\/\/laprensacristiana.com\/wp-content\/uploads\/2017\/03\/MONTREAL.jpg","type":"image\/jpeg"}],"author":"EDITOR","twitter_card":"summary_large_image","twitter_misc":{"Escrito por":"EDITOR","Tiempo de lectura":"1 minuto"},"schema":{"@context":"https:\/\/schema.org","@graph":[{"@type":"WebPage","@id":"https:\/\/laprensacristiana.com\/?p=2589","url":"https:\/\/laprensacristiana.com\/?p=2589","name":"\"Tan profundo\" - La Prensa Cristiana","isPartOf":{"@id":"https:\/\/laprensacristiana.com\/#website"},"datePublished":"2017-03-28T19:30:41+00:00","dateModified":"2020-07-02T00:57:17+00:00","author":{"@id":"https:\/\/laprensacristiana.com\/#\/schema\/person\/3e7d82c6bfd6b1fa67010f8f7cd5256e"},"breadcrumb":{"@id":"https:\/\/laprensacristiana.com\/?p=2589#breadcrumb"},"inLanguage":"es","potentialAction":[{"@type":"ReadAction","target":["https:\/\/laprensacristiana.com\/?p=2589"]}]},{"@type":"BreadcrumbList","@id":"https:\/\/laprensacristiana.com\/?p=2589#breadcrumb","itemListElement":[{"@type":"ListItem","position":1,"name":"Portada","item":"https:\/\/laprensacristiana.com\/"},{"@type":"ListItem","position":2,"name":"\u00abTan profundo\u00bb"}]},{"@type":"WebSite","@id":"https:\/\/laprensacristiana.com\/#website","url":"https:\/\/laprensacristiana.com\/","name":"La Prensa Cristiana","description":"Anunciando Las Buenas Nuevas","potentialAction":[{"@type":"SearchAction","target":{"@type":"EntryPoint","urlTemplate":"https:\/\/laprensacristiana.com\/?s={search_term_string}"},"query-input":"required name=search_term_string"}],"inLanguage":"es"},{"@type":"Person","@id":"https:\/\/laprensacristiana.com\/#\/schema\/person\/3e7d82c6bfd6b1fa67010f8f7cd5256e","name":"EDITOR","image":{"@type":"ImageObject","inLanguage":"es","@id":"https:\/\/laprensacristiana.com\/#\/schema\/person\/image\/","url":"https:\/\/secure.gravatar.com\/avatar\/72069dfb6c13772d9e8381e3638666d2?s=96&d=mm&r=g","contentUrl":"https:\/\/secure.gravatar.com\/avatar\/72069dfb6c13772d9e8381e3638666d2?s=96&d=mm&r=g","caption":"EDITOR"},"url":"https:\/\/laprensacristiana.com\/?author=3"}]}},"_links":{"self":[{"href":"https:\/\/laprensacristiana.com\/index.php?rest_route=\/wp\/v2\/posts\/2589"}],"collection":[{"href":"https:\/\/laprensacristiana.com\/index.php?rest_route=\/wp\/v2\/posts"}],"about":[{"href":"https:\/\/laprensacristiana.com\/index.php?rest_route=\/wp\/v2\/types\/post"}],"author":[{"embeddable":true,"href":"https:\/\/laprensacristiana.com\/index.php?rest_route=\/wp\/v2\/users\/3"}],"replies":[{"embeddable":true,"href":"https:\/\/laprensacristiana.com\/index.php?rest_route=%2Fwp%2Fv2%2Fcomments&post=2589"}],"version-history":[{"count":1,"href":"https:\/\/laprensacristiana.com\/index.php?rest_route=\/wp\/v2\/posts\/2589\/revisions"}],"predecessor-version":[{"id":2591,"href":"https:\/\/laprensacristiana.com\/index.php?rest_route=\/wp\/v2\/posts\/2589\/revisions\/2591"}],"wp:featuredmedia":[{"embeddable":true,"href":"https:\/\/laprensacristiana.com\/index.php?rest_route=\/wp\/v2\/media\/2590"}],"wp:attachment":[{"href":"https:\/\/laprensacristiana.com\/index.php?rest_route=%2Fwp%2Fv2%2Fmedia&parent=2589"}],"wp:term":[{"taxonomy":"category","embeddable":true,"href":"https:\/\/laprensacristiana.com\/index.php?rest_route=%2Fwp%2Fv2%2Fcategories&post=2589"},{"taxonomy":"post_tag","embeddable":true,"href":"https:\/\/laprensacristiana.com\/index.php?rest_route=%2Fwp%2Fv2%2Ftags&post=2589"}],"curies":[{"name":"wp","href":"https:\/\/api.w.org\/{rel}","templated":true}]}}