{"id":2599,"date":"2017-03-29T18:17:45","date_gmt":"2017-03-29T18:17:45","guid":{"rendered":"https:\/\/laprensacristiana.com\/?p=2599"},"modified":"2017-03-29T18:17:45","modified_gmt":"2017-03-29T18:17:45","slug":"iglesia-grande-sin-influencia-2","status":"publish","type":"post","link":"https:\/\/laprensacristiana.com\/?p=2599","title":{"rendered":"Iglesia grande \u00bfsin influencia?"},"content":{"rendered":"<h4><em>Por: Pastor Javier Dom\u00ednguez, Presidente de Centro Internacional de Alabanza.<\/em><\/h4>\n<p>La iglesia cristiana evang\u00e9lica est\u00e1 creciendo, pero esto no significa que su credibilidad tambi\u00e9n lo haga; de la misma manera que tener mayor presencia en la sociedad no la hace necesariamente un referente para nuestra cultura. Hay dos principales razones para esto. En primer lugar, porque la gloria de la conversi\u00f3n es de Dios no del hombre, Dios es qui\u00e9n regenera, quien hace nacer de nuevo para que por medio de la fe creamos en \u00c9l; no es gloria de los hombres creer en Jes\u00fas, es don de Dios; no creemos porque la iglesia sea socialmente cre\u00edble, creemos porque Jes\u00fas lo es. En segundo lugar, porque el reino de Jes\u00fas no es de este mundo, por tanto, su evangelio no tiene atractivo dentro del mismo. Ser piadoso nunca ha estado de moda ni lo estar\u00e1, excepto en la nueva creaci\u00f3n; por ello, aunque aumentemos presencia social o crezcamos en n\u00famero, el mundo solo amar\u00e1 lo suyo.<\/p>\n<p>\u00bfEsto significa que la funci\u00f3n o posici\u00f3n social de la iglesia est\u00e1 condenada al fracaso? No, porque\u00a0Jes\u00fas nos ha dicho que debemos ser sal y luz. Lo primero tiene que ver con lo que hacemos en medio de la sociedad como testimonio de nuestra fe, lo segundo est\u00e1 relacionado con lo que somos, con nuestro car\u00e1cter piadoso como testimonio de la eficacia del evangelio que hemos cre\u00eddo. Por eso Jes\u00fas nos manda a que nuestras obras justas alumbren en la sociedad, para que el Padre que est\u00e1 en los cielos sea glorificado en ellas (Mt. 5:16). Entonces, si la posici\u00f3n social o el status de la iglesia evang\u00e9lica es ser sal y luz a la vez \u00bfc\u00f3mo lograrlo? Hay tres cosas que urgentemente la \u201cIglesia Evang\u00e9lica Protestante\u201d de El Salvador debe hacer: volver a \u201cProtestar\u201d, volver a ser \u201cEvang\u00e9lica\u201d y volver a mostrarse \u201cIglesia\u201d.<\/p>\n<p>La iglesia protestante de El Salvador debe volver a protestar. Volver a protestar contra aquello que contrarresta cultural, social, pol\u00edtica y financieramente la voluntad de Dios. Una de las herencias de la Reforma de hace quinientos a\u00f1os fue la protesta en contra de las ideas sociales, culturales y religiosas que alejaban la mente y el quehacer de la sociedad de la Biblia y, por tanto, de la voluntad de Dios. Esto se ha perdido desde hace muchos a\u00f1os en El Salvador, no solo no se opina, sino que cuando la iglesia evang\u00e9lica lo hace, muestra mucha ignorancia pasiva y poca raz\u00f3n de fe. Si queremos volver a protestar, entonces debemos volver a estudiar la Escritura y sus sanas doctrinas hist\u00f3ricas, porque protestamos a partir del mensaje de Dios en ellas.\u00a0Los pastores debemos estudiar formalmente el texto B\u00edblico.<\/p>\n<p>La iglesia evang\u00e9lica necesita volver a ser evang\u00e9lica: vivir para y por el evangelio, explicarlo, ense\u00f1arlo, predicarlo y establecerlo por \u00e9tica, pero para hacerlo es necesario divorciarse de los novios que hasta el d\u00eda de hoy tienen la iglesia salvadore\u00f1a y sus p\u00falpitos: partidismo pol\u00edtico, amor por el dinero, amor por ser el pastor-rey entre el pueblo de Dios, entre otros m\u00e1s.<\/p>\n<p>La iglesia evang\u00e9lica protestante en El Salvador debe volver a mostrarse Iglesia, \u201c<em>ekkles\u00eda<\/em>\u201d, esto es vivir como lo que somos, piadosamente, no solo a trav\u00e9s de cultos o servicios redimidos, sino por medio de mostrar la piedad como el modelo de vida particular en cada creyente.<\/p>\n<p>\u201cIglesia\u201d, \u201cevang\u00e9lica\u201d y \u201cprotestante\u201d, no solo son adjetivos, sino que deber\u00edan ser verbos en la vida de todos los creyentes, de los \u201cllamados afuera\u201d, para ayudar a los que todav\u00eda est\u00e1n dentro. Solo cuando Jes\u00fas recupere su \u201cstatus\u201d en la iglesia, la iglesia lo recuperar\u00e1 como sal y luz en medio de la sociedad.<\/p>\n","protected":false},"excerpt":{"rendered":"<p>Por: Pastor Javier Dom\u00ednguez, Presidente de Centro Internacional de Alabanza. La iglesia cristiana evang\u00e9lica est\u00e1 creciendo, pero esto no significa que su credibilidad tambi\u00e9n lo haga; de la misma manera que tener mayor presencia en la sociedad no la hace necesariamente un referente para nuestra cultura. Hay dos principales razones para esto. En primer lugar, [&hellip;]<\/p>\n","protected":false},"author":3,"featured_media":943,"comment_status":"open","ping_status":"open","sticky":false,"template":"","format":"standard","meta":[],"categories":[23],"tags":[],"yoast_head":"<!-- This site is optimized with the Yoast SEO plugin v20.8 - https:\/\/yoast.com\/wordpress\/plugins\/seo\/ -->\n<title>Iglesia grande \u00bfsin influencia? - La Prensa Cristiana<\/title>\n<meta name=\"robots\" content=\"index, follow, max-snippet:-1, max-image-preview:large, max-video-preview:-1\" \/>\n<link rel=\"canonical\" href=\"https:\/\/laprensacristiana.com\/?p=2599\" \/>\n<meta property=\"og:locale\" content=\"es_ES\" \/>\n<meta property=\"og:type\" content=\"article\" \/>\n<meta property=\"og:title\" content=\"Iglesia grande \u00bfsin influencia? - La Prensa Cristiana\" \/>\n<meta property=\"og:description\" content=\"Por: Pastor Javier Dom\u00ednguez, Presidente de Centro Internacional de Alabanza. La iglesia cristiana evang\u00e9lica est\u00e1 creciendo, pero esto no significa que su credibilidad tambi\u00e9n lo haga; de la misma manera que tener mayor presencia en la sociedad no la hace necesariamente un referente para nuestra cultura. Hay dos principales razones para esto. En primer lugar, [&hellip;]\" \/>\n<meta property=\"og:url\" content=\"https:\/\/laprensacristiana.com\/?p=2599\" \/>\n<meta property=\"og:site_name\" content=\"La Prensa Cristiana\" \/>\n<meta property=\"article:published_time\" content=\"2017-03-29T18:17:45+00:00\" \/>\n<meta property=\"og:image\" content=\"https:\/\/laprensacristiana.com\/wp-content\/uploads\/2016\/06\/OPINION-PASTOR-DOMINGUEZ-01-scaled.jpg\" \/>\n\t<meta property=\"og:image:width\" content=\"2560\" \/>\n\t<meta property=\"og:image:height\" content=\"1429\" \/>\n\t<meta property=\"og:image:type\" content=\"image\/jpeg\" \/>\n<meta name=\"author\" content=\"EDITOR\" \/>\n<meta name=\"twitter:card\" content=\"summary_large_image\" \/>\n<meta name=\"twitter:label1\" content=\"Escrito por\" \/>\n\t<meta name=\"twitter:data1\" content=\"EDITOR\" \/>\n\t<meta name=\"twitter:label2\" content=\"Tiempo de lectura\" \/>\n\t<meta name=\"twitter:data2\" content=\"3 minutos\" \/>\n<script type=\"application\/ld+json\" class=\"yoast-schema-graph\">{\"@context\":\"https:\/\/schema.org\",\"@graph\":[{\"@type\":\"WebPage\",\"@id\":\"https:\/\/laprensacristiana.com\/?p=2599\",\"url\":\"https:\/\/laprensacristiana.com\/?p=2599\",\"name\":\"Iglesia grande \u00bfsin influencia? - La Prensa Cristiana\",\"isPartOf\":{\"@id\":\"https:\/\/laprensacristiana.com\/#website\"},\"datePublished\":\"2017-03-29T18:17:45+00:00\",\"dateModified\":\"2017-03-29T18:17:45+00:00\",\"author\":{\"@id\":\"https:\/\/laprensacristiana.com\/#\/schema\/person\/3e7d82c6bfd6b1fa67010f8f7cd5256e\"},\"breadcrumb\":{\"@id\":\"https:\/\/laprensacristiana.com\/?p=2599#breadcrumb\"},\"inLanguage\":\"es\",\"potentialAction\":[{\"@type\":\"ReadAction\",\"target\":[\"https:\/\/laprensacristiana.com\/?p=2599\"]}]},{\"@type\":\"BreadcrumbList\",\"@id\":\"https:\/\/laprensacristiana.com\/?p=2599#breadcrumb\",\"itemListElement\":[{\"@type\":\"ListItem\",\"position\":1,\"name\":\"Portada\",\"item\":\"https:\/\/laprensacristiana.com\/\"},{\"@type\":\"ListItem\",\"position\":2,\"name\":\"Iglesia grande \u00bfsin influencia?\"}]},{\"@type\":\"WebSite\",\"@id\":\"https:\/\/laprensacristiana.com\/#website\",\"url\":\"https:\/\/laprensacristiana.com\/\",\"name\":\"La Prensa Cristiana\",\"description\":\"Anunciando Las Buenas Nuevas\",\"potentialAction\":[{\"@type\":\"SearchAction\",\"target\":{\"@type\":\"EntryPoint\",\"urlTemplate\":\"https:\/\/laprensacristiana.com\/?s={search_term_string}\"},\"query-input\":\"required name=search_term_string\"}],\"inLanguage\":\"es\"},{\"@type\":\"Person\",\"@id\":\"https:\/\/laprensacristiana.com\/#\/schema\/person\/3e7d82c6bfd6b1fa67010f8f7cd5256e\",\"name\":\"EDITOR\",\"image\":{\"@type\":\"ImageObject\",\"inLanguage\":\"es\",\"@id\":\"https:\/\/laprensacristiana.com\/#\/schema\/person\/image\/\",\"url\":\"https:\/\/secure.gravatar.com\/avatar\/72069dfb6c13772d9e8381e3638666d2?s=96&d=mm&r=g\",\"contentUrl\":\"https:\/\/secure.gravatar.com\/avatar\/72069dfb6c13772d9e8381e3638666d2?s=96&d=mm&r=g\",\"caption\":\"EDITOR\"},\"url\":\"https:\/\/laprensacristiana.com\/?author=3\"}]}<\/script>\n<!-- \/ Yoast SEO plugin. -->","yoast_head_json":{"title":"Iglesia grande \u00bfsin influencia? - La Prensa Cristiana","robots":{"index":"index","follow":"follow","max-snippet":"max-snippet:-1","max-image-preview":"max-image-preview:large","max-video-preview":"max-video-preview:-1"},"canonical":"https:\/\/laprensacristiana.com\/?p=2599","og_locale":"es_ES","og_type":"article","og_title":"Iglesia grande \u00bfsin influencia? - La Prensa Cristiana","og_description":"Por: Pastor Javier Dom\u00ednguez, Presidente de Centro Internacional de Alabanza. La iglesia cristiana evang\u00e9lica est\u00e1 creciendo, pero esto no significa que su credibilidad tambi\u00e9n lo haga; de la misma manera que tener mayor presencia en la sociedad no la hace necesariamente un referente para nuestra cultura. Hay dos principales razones para esto. En primer lugar, [&hellip;]","og_url":"https:\/\/laprensacristiana.com\/?p=2599","og_site_name":"La Prensa Cristiana","article_published_time":"2017-03-29T18:17:45+00:00","og_image":[{"width":2560,"height":1429,"url":"https:\/\/laprensacristiana.com\/wp-content\/uploads\/2016\/06\/OPINION-PASTOR-DOMINGUEZ-01-scaled.jpg","type":"image\/jpeg"}],"author":"EDITOR","twitter_card":"summary_large_image","twitter_misc":{"Escrito por":"EDITOR","Tiempo de lectura":"3 minutos"},"schema":{"@context":"https:\/\/schema.org","@graph":[{"@type":"WebPage","@id":"https:\/\/laprensacristiana.com\/?p=2599","url":"https:\/\/laprensacristiana.com\/?p=2599","name":"Iglesia grande \u00bfsin influencia? - La Prensa Cristiana","isPartOf":{"@id":"https:\/\/laprensacristiana.com\/#website"},"datePublished":"2017-03-29T18:17:45+00:00","dateModified":"2017-03-29T18:17:45+00:00","author":{"@id":"https:\/\/laprensacristiana.com\/#\/schema\/person\/3e7d82c6bfd6b1fa67010f8f7cd5256e"},"breadcrumb":{"@id":"https:\/\/laprensacristiana.com\/?p=2599#breadcrumb"},"inLanguage":"es","potentialAction":[{"@type":"ReadAction","target":["https:\/\/laprensacristiana.com\/?p=2599"]}]},{"@type":"BreadcrumbList","@id":"https:\/\/laprensacristiana.com\/?p=2599#breadcrumb","itemListElement":[{"@type":"ListItem","position":1,"name":"Portada","item":"https:\/\/laprensacristiana.com\/"},{"@type":"ListItem","position":2,"name":"Iglesia grande \u00bfsin influencia?"}]},{"@type":"WebSite","@id":"https:\/\/laprensacristiana.com\/#website","url":"https:\/\/laprensacristiana.com\/","name":"La Prensa Cristiana","description":"Anunciando Las Buenas Nuevas","potentialAction":[{"@type":"SearchAction","target":{"@type":"EntryPoint","urlTemplate":"https:\/\/laprensacristiana.com\/?s={search_term_string}"},"query-input":"required name=search_term_string"}],"inLanguage":"es"},{"@type":"Person","@id":"https:\/\/laprensacristiana.com\/#\/schema\/person\/3e7d82c6bfd6b1fa67010f8f7cd5256e","name":"EDITOR","image":{"@type":"ImageObject","inLanguage":"es","@id":"https:\/\/laprensacristiana.com\/#\/schema\/person\/image\/","url":"https:\/\/secure.gravatar.com\/avatar\/72069dfb6c13772d9e8381e3638666d2?s=96&d=mm&r=g","contentUrl":"https:\/\/secure.gravatar.com\/avatar\/72069dfb6c13772d9e8381e3638666d2?s=96&d=mm&r=g","caption":"EDITOR"},"url":"https:\/\/laprensacristiana.com\/?author=3"}]}},"_links":{"self":[{"href":"https:\/\/laprensacristiana.com\/index.php?rest_route=\/wp\/v2\/posts\/2599"}],"collection":[{"href":"https:\/\/laprensacristiana.com\/index.php?rest_route=\/wp\/v2\/posts"}],"about":[{"href":"https:\/\/laprensacristiana.com\/index.php?rest_route=\/wp\/v2\/types\/post"}],"author":[{"embeddable":true,"href":"https:\/\/laprensacristiana.com\/index.php?rest_route=\/wp\/v2\/users\/3"}],"replies":[{"embeddable":true,"href":"https:\/\/laprensacristiana.com\/index.php?rest_route=%2Fwp%2Fv2%2Fcomments&post=2599"}],"version-history":[{"count":1,"href":"https:\/\/laprensacristiana.com\/index.php?rest_route=\/wp\/v2\/posts\/2599\/revisions"}],"predecessor-version":[{"id":2600,"href":"https:\/\/laprensacristiana.com\/index.php?rest_route=\/wp\/v2\/posts\/2599\/revisions\/2600"}],"wp:featuredmedia":[{"embeddable":true,"href":"https:\/\/laprensacristiana.com\/index.php?rest_route=\/wp\/v2\/media\/943"}],"wp:attachment":[{"href":"https:\/\/laprensacristiana.com\/index.php?rest_route=%2Fwp%2Fv2%2Fmedia&parent=2599"}],"wp:term":[{"taxonomy":"category","embeddable":true,"href":"https:\/\/laprensacristiana.com\/index.php?rest_route=%2Fwp%2Fv2%2Fcategories&post=2599"},{"taxonomy":"post_tag","embeddable":true,"href":"https:\/\/laprensacristiana.com\/index.php?rest_route=%2Fwp%2Fv2%2Ftags&post=2599"}],"curies":[{"name":"wp","href":"https:\/\/api.w.org\/{rel}","templated":true}]}}