{"id":2625,"date":"2017-03-30T22:33:59","date_gmt":"2017-03-30T22:33:59","guid":{"rendered":"https:\/\/laprensacristiana.com\/?p=2625"},"modified":"2020-07-02T00:56:27","modified_gmt":"2020-07-02T00:56:27","slug":"mira-sus-manos","status":"publish","type":"post","link":"https:\/\/laprensacristiana.com\/?p=2625","title":{"rendered":"Mira sus manos"},"content":{"rendered":"<p>As\u00ed se titula la nueva producci\u00f3n del cantante Evan Craft. Melod\u00eda que junto al cantante de trayectoria Marcos Witt realiz\u00f3.<\/p>\n<p>Esta canci\u00f3n formar\u00e1 parte del nuevo \u00e1lbum que el estadounidense est\u00e1 preparando, llevando por nombre <strong><em>\u00abImpulso\u00bb<\/em><\/strong>. Craft, quien debut\u00f3 como cantante hace unos a\u00f1os y por su talento ha alcanzado un buen posicionamiento, comparti\u00f3 el v\u00eddeo a trav\u00e9s sus redes sociales y agreg\u00f3 lo complacido que estaba al realizar el dueto con el maestro Witt.<\/p>\n<p>Compartimos el v\u00eddeo:<\/p>\n<p><iframe loading=\"lazy\" title=\"Evan Craft y Marcos Witt - &quot;Mira Sus Manos&quot; (LETRA)\" width=\"696\" height=\"392\" src=\"https:\/\/www.youtube.com\/embed\/QcYS7WeAiGk?feature=oembed\" frameborder=\"0\" allow=\"accelerometer; autoplay; encrypted-media; gyroscope; picture-in-picture\" allowfullscreen><\/iframe><\/p>\n<p>&nbsp;<\/p>\n<p>&nbsp;<\/p>\n<p>&nbsp;<\/p>\n","protected":false},"excerpt":{"rendered":"<p>As\u00ed se titula la nueva producci\u00f3n del cantante Evan Craft. Melod\u00eda que junto al cantante de trayectoria Marcos Witt realiz\u00f3. Esta canci\u00f3n formar\u00e1 parte del nuevo \u00e1lbum que el estadounidense est\u00e1 preparando, llevando por nombre \u00abImpulso\u00bb. Craft, quien debut\u00f3 como cantante hace unos a\u00f1os y por su talento ha alcanzado un buen posicionamiento, comparti\u00f3 el [&hellip;]<\/p>\n","protected":false},"author":3,"featured_media":2627,"comment_status":"open","ping_status":"open","sticky":false,"template":"","format":"standard","meta":[],"categories":[36],"tags":[],"yoast_head":"<!-- This site is optimized with the Yoast SEO plugin v20.8 - https:\/\/yoast.com\/wordpress\/plugins\/seo\/ -->\n<title>Mira sus manos - La Prensa Cristiana<\/title>\n<meta name=\"robots\" content=\"index, follow, max-snippet:-1, max-image-preview:large, max-video-preview:-1\" \/>\n<link rel=\"canonical\" href=\"https:\/\/laprensacristiana.com\/?p=2625\" \/>\n<meta property=\"og:locale\" content=\"es_ES\" \/>\n<meta property=\"og:type\" content=\"article\" \/>\n<meta property=\"og:title\" content=\"Mira sus manos - La Prensa Cristiana\" \/>\n<meta property=\"og:description\" content=\"As\u00ed se titula la nueva producci\u00f3n del cantante Evan Craft. Melod\u00eda que junto al cantante de trayectoria Marcos Witt realiz\u00f3. Esta canci\u00f3n formar\u00e1 parte del nuevo \u00e1lbum que el estadounidense est\u00e1 preparando, llevando por nombre \u00abImpulso\u00bb. Craft, quien debut\u00f3 como cantante hace unos a\u00f1os y por su talento ha alcanzado un buen posicionamiento, comparti\u00f3 el [&hellip;]\" \/>\n<meta property=\"og:url\" content=\"https:\/\/laprensacristiana.com\/?p=2625\" \/>\n<meta property=\"og:site_name\" content=\"La Prensa Cristiana\" \/>\n<meta property=\"article:published_time\" content=\"2017-03-30T22:33:59+00:00\" \/>\n<meta property=\"article:modified_time\" content=\"2020-07-02T00:56:27+00:00\" \/>\n<meta property=\"og:image\" content=\"https:\/\/laprensacristiana.com\/wp-content\/uploads\/2017\/03\/EVAN.png\" \/>\n\t<meta property=\"og:image:width\" content=\"827\" \/>\n\t<meta property=\"og:image:height\" content=\"827\" \/>\n\t<meta property=\"og:image:type\" content=\"image\/png\" \/>\n<meta name=\"author\" content=\"EDITOR\" \/>\n<meta name=\"twitter:card\" content=\"summary_large_image\" \/>\n<meta name=\"twitter:label1\" content=\"Escrito por\" \/>\n\t<meta name=\"twitter:data1\" content=\"EDITOR\" \/>\n<script type=\"application\/ld+json\" class=\"yoast-schema-graph\">{\"@context\":\"https:\/\/schema.org\",\"@graph\":[{\"@type\":\"WebPage\",\"@id\":\"https:\/\/laprensacristiana.com\/?p=2625\",\"url\":\"https:\/\/laprensacristiana.com\/?p=2625\",\"name\":\"Mira sus manos - La Prensa Cristiana\",\"isPartOf\":{\"@id\":\"https:\/\/laprensacristiana.com\/#website\"},\"datePublished\":\"2017-03-30T22:33:59+00:00\",\"dateModified\":\"2020-07-02T00:56:27+00:00\",\"author\":{\"@id\":\"https:\/\/laprensacristiana.com\/#\/schema\/person\/3e7d82c6bfd6b1fa67010f8f7cd5256e\"},\"breadcrumb\":{\"@id\":\"https:\/\/laprensacristiana.com\/?p=2625#breadcrumb\"},\"inLanguage\":\"es\",\"potentialAction\":[{\"@type\":\"ReadAction\",\"target\":[\"https:\/\/laprensacristiana.com\/?p=2625\"]}]},{\"@type\":\"BreadcrumbList\",\"@id\":\"https:\/\/laprensacristiana.com\/?p=2625#breadcrumb\",\"itemListElement\":[{\"@type\":\"ListItem\",\"position\":1,\"name\":\"Portada\",\"item\":\"https:\/\/laprensacristiana.com\/\"},{\"@type\":\"ListItem\",\"position\":2,\"name\":\"Mira sus manos\"}]},{\"@type\":\"WebSite\",\"@id\":\"https:\/\/laprensacristiana.com\/#website\",\"url\":\"https:\/\/laprensacristiana.com\/\",\"name\":\"La Prensa Cristiana\",\"description\":\"Anunciando Las Buenas Nuevas\",\"potentialAction\":[{\"@type\":\"SearchAction\",\"target\":{\"@type\":\"EntryPoint\",\"urlTemplate\":\"https:\/\/laprensacristiana.com\/?s={search_term_string}\"},\"query-input\":\"required name=search_term_string\"}],\"inLanguage\":\"es\"},{\"@type\":\"Person\",\"@id\":\"https:\/\/laprensacristiana.com\/#\/schema\/person\/3e7d82c6bfd6b1fa67010f8f7cd5256e\",\"name\":\"EDITOR\",\"image\":{\"@type\":\"ImageObject\",\"inLanguage\":\"es\",\"@id\":\"https:\/\/laprensacristiana.com\/#\/schema\/person\/image\/\",\"url\":\"https:\/\/secure.gravatar.com\/avatar\/72069dfb6c13772d9e8381e3638666d2?s=96&d=mm&r=g\",\"contentUrl\":\"https:\/\/secure.gravatar.com\/avatar\/72069dfb6c13772d9e8381e3638666d2?s=96&d=mm&r=g\",\"caption\":\"EDITOR\"},\"url\":\"https:\/\/laprensacristiana.com\/?author=3\"}]}<\/script>\n<!-- \/ Yoast SEO plugin. -->","yoast_head_json":{"title":"Mira sus manos - La Prensa Cristiana","robots":{"index":"index","follow":"follow","max-snippet":"max-snippet:-1","max-image-preview":"max-image-preview:large","max-video-preview":"max-video-preview:-1"},"canonical":"https:\/\/laprensacristiana.com\/?p=2625","og_locale":"es_ES","og_type":"article","og_title":"Mira sus manos - La Prensa Cristiana","og_description":"As\u00ed se titula la nueva producci\u00f3n del cantante Evan Craft. Melod\u00eda que junto al cantante de trayectoria Marcos Witt realiz\u00f3. Esta canci\u00f3n formar\u00e1 parte del nuevo \u00e1lbum que el estadounidense est\u00e1 preparando, llevando por nombre \u00abImpulso\u00bb. Craft, quien debut\u00f3 como cantante hace unos a\u00f1os y por su talento ha alcanzado un buen posicionamiento, comparti\u00f3 el [&hellip;]","og_url":"https:\/\/laprensacristiana.com\/?p=2625","og_site_name":"La Prensa Cristiana","article_published_time":"2017-03-30T22:33:59+00:00","article_modified_time":"2020-07-02T00:56:27+00:00","og_image":[{"width":827,"height":827,"url":"https:\/\/laprensacristiana.com\/wp-content\/uploads\/2017\/03\/EVAN.png","type":"image\/png"}],"author":"EDITOR","twitter_card":"summary_large_image","twitter_misc":{"Escrito por":"EDITOR"},"schema":{"@context":"https:\/\/schema.org","@graph":[{"@type":"WebPage","@id":"https:\/\/laprensacristiana.com\/?p=2625","url":"https:\/\/laprensacristiana.com\/?p=2625","name":"Mira sus manos - La Prensa Cristiana","isPartOf":{"@id":"https:\/\/laprensacristiana.com\/#website"},"datePublished":"2017-03-30T22:33:59+00:00","dateModified":"2020-07-02T00:56:27+00:00","author":{"@id":"https:\/\/laprensacristiana.com\/#\/schema\/person\/3e7d82c6bfd6b1fa67010f8f7cd5256e"},"breadcrumb":{"@id":"https:\/\/laprensacristiana.com\/?p=2625#breadcrumb"},"inLanguage":"es","potentialAction":[{"@type":"ReadAction","target":["https:\/\/laprensacristiana.com\/?p=2625"]}]},{"@type":"BreadcrumbList","@id":"https:\/\/laprensacristiana.com\/?p=2625#breadcrumb","itemListElement":[{"@type":"ListItem","position":1,"name":"Portada","item":"https:\/\/laprensacristiana.com\/"},{"@type":"ListItem","position":2,"name":"Mira sus manos"}]},{"@type":"WebSite","@id":"https:\/\/laprensacristiana.com\/#website","url":"https:\/\/laprensacristiana.com\/","name":"La Prensa Cristiana","description":"Anunciando Las Buenas Nuevas","potentialAction":[{"@type":"SearchAction","target":{"@type":"EntryPoint","urlTemplate":"https:\/\/laprensacristiana.com\/?s={search_term_string}"},"query-input":"required name=search_term_string"}],"inLanguage":"es"},{"@type":"Person","@id":"https:\/\/laprensacristiana.com\/#\/schema\/person\/3e7d82c6bfd6b1fa67010f8f7cd5256e","name":"EDITOR","image":{"@type":"ImageObject","inLanguage":"es","@id":"https:\/\/laprensacristiana.com\/#\/schema\/person\/image\/","url":"https:\/\/secure.gravatar.com\/avatar\/72069dfb6c13772d9e8381e3638666d2?s=96&d=mm&r=g","contentUrl":"https:\/\/secure.gravatar.com\/avatar\/72069dfb6c13772d9e8381e3638666d2?s=96&d=mm&r=g","caption":"EDITOR"},"url":"https:\/\/laprensacristiana.com\/?author=3"}]}},"_links":{"self":[{"href":"https:\/\/laprensacristiana.com\/index.php?rest_route=\/wp\/v2\/posts\/2625"}],"collection":[{"href":"https:\/\/laprensacristiana.com\/index.php?rest_route=\/wp\/v2\/posts"}],"about":[{"href":"https:\/\/laprensacristiana.com\/index.php?rest_route=\/wp\/v2\/types\/post"}],"author":[{"embeddable":true,"href":"https:\/\/laprensacristiana.com\/index.php?rest_route=\/wp\/v2\/users\/3"}],"replies":[{"embeddable":true,"href":"https:\/\/laprensacristiana.com\/index.php?rest_route=%2Fwp%2Fv2%2Fcomments&post=2625"}],"version-history":[{"count":1,"href":"https:\/\/laprensacristiana.com\/index.php?rest_route=\/wp\/v2\/posts\/2625\/revisions"}],"predecessor-version":[{"id":2628,"href":"https:\/\/laprensacristiana.com\/index.php?rest_route=\/wp\/v2\/posts\/2625\/revisions\/2628"}],"wp:featuredmedia":[{"embeddable":true,"href":"https:\/\/laprensacristiana.com\/index.php?rest_route=\/wp\/v2\/media\/2627"}],"wp:attachment":[{"href":"https:\/\/laprensacristiana.com\/index.php?rest_route=%2Fwp%2Fv2%2Fmedia&parent=2625"}],"wp:term":[{"taxonomy":"category","embeddable":true,"href":"https:\/\/laprensacristiana.com\/index.php?rest_route=%2Fwp%2Fv2%2Fcategories&post=2625"},{"taxonomy":"post_tag","embeddable":true,"href":"https:\/\/laprensacristiana.com\/index.php?rest_route=%2Fwp%2Fv2%2Ftags&post=2625"}],"curies":[{"name":"wp","href":"https:\/\/api.w.org\/{rel}","templated":true}]}}