{"id":2648,"date":"2017-04-04T20:12:37","date_gmt":"2017-04-04T20:12:37","guid":{"rendered":"https:\/\/laprensacristiana.com\/?p=2648"},"modified":"2017-04-04T20:17:18","modified_gmt":"2017-04-04T20:17:18","slug":"artrosis-de-cadera","status":"publish","type":"post","link":"https:\/\/laprensacristiana.com\/?p=2648","title":{"rendered":"Artrosis de cadera"},"content":{"rendered":"<h4><em>Por:<\/em><em>\u00a0Dr. Alvaro Guillermo S\u00e1nchez Ch\u00e1vez<\/em><br \/>\n<em> Ortopeda especialista en cadera.<\/em><\/h4>\n<p>La articulaci\u00f3n de la cadera la forman, por una parte, la cabeza del f\u00e9mur y, por otra, una oquedad en el hueso de la pelvis que se llama cotilo o acetabulo. Las dos super\ufb01cies \u00f3seas est\u00e1n tapizadas por el cart\u00edlago articular. Alrededor de estos huesos est\u00e1n la membrana sinovial, los ligamentos y una potente musculatura.<\/p>\n<p><em>Definici\u00f3n<\/em><\/p>\n<p>Podemos definir la artrosis de cadera como un desorden lentamente progresivo, de patog\u00e9nesis y causa desconocida, que se presenta en etapas tard\u00edas de la vida y cl\u00ednicamente se manifiesta por dolor y limitaci\u00f3n de la movilidad articular de la cadera. Se caracteriza por erosiones focales y destrucci\u00f3n del cart\u00edlago, esclerosis, quistes \u00f3seos subcondrales y formaci\u00f3n de osteofitos en los m\u00e1rgenes de la articulaci\u00f3n.<\/p>\n<p>Es relativamente frecuente, aunque no tanto como la artrosis de rodillas o de manos. En general, es propia de personas mayores, aunque puede aparecer antes de los 50 a\u00f1os, siendo excepcional en j\u00f3venes, y las que lo padecen tiene una enfermedad de base como la artritis reumatoide juvenil.<\/p>\n<p>FACTORES DE RIESGO PARA LA ARTROSIS DE CADERA<\/p>\n<p>Se ha publicado que el 80% de las artrosis de cadera se justifican por tres factores de riesgo: obesidad 15%, deportes 55% y trabajo con esfuerzo f\u00edsico 40%, en general se dice que dichos factores son:<\/p>\n<p>&#8211; Factores gen\u00e9ticos.<\/p>\n<p>&#8211; Edad.<\/p>\n<p>&#8211; Malformaciones gen\u00e9ticas y del desarrollo.<\/p>\n<p>&#8211; Obesidad.<\/p>\n<p>&#8211; Practica de deporte de contacto.<\/p>\n<p>&#8211; Traumatismos.<\/p>\n<p>&#8211; Ocupaci\u00f3n y actividad laboral.<\/p>\n<p><em>S\u00edntomas<\/em><\/p>\n<p>El s\u00edntoma fundamental es el dolor. El dolor en la artrosis de cadera se localiza en la zona de la ingle; en ocasiones, el dolor baja por la cara anterior del muslo y tambi\u00e9n puede doler la rodilla, lo que puede hacer pensar al paciente que el problema est\u00e1 en la rodilla.<\/p>\n<p>Al principio de la enfermedad, el dolor s\u00f3lo aparece al caminar y al subir o bajar escaleras. Con el paso del tiempo, es normal que aparezca claudicaci\u00f3n (\u201ccojera\u201d) al caminar.<\/p>\n<p><em>Diagnostico<\/em><\/p>\n<p>El diagnostico no ofrece dificultad, vasta la historia cl\u00ednica del paciente, la exploraci\u00f3n f\u00edsica de la cadera, la marcha del paciente y se corrobora con un radiograf\u00eda de cadera o pelvis.<\/p>\n<p><em>Tratamiento<\/em><\/p>\n<p>Sera seg\u00fan el grado de afectaci\u00f3n de la articulaci\u00f3n, y va desde la fisioterapia, pasando por analg\u00e9sicos, condroprotectores llegando inclusive al reemplazo articular de la cadera. Lo importante es consultar al m\u00e9dico cirujano ortopeda especialista en reemplazo articular.<\/p>\n","protected":false},"excerpt":{"rendered":"<p>Por:\u00a0Dr. Alvaro Guillermo S\u00e1nchez Ch\u00e1vez Ortopeda especialista en cadera. La articulaci\u00f3n de la cadera la forman, por una parte, la cabeza del f\u00e9mur y, por otra, una oquedad en el hueso de la pelvis que se llama cotilo o acetabulo. Las dos super\ufb01cies \u00f3seas est\u00e1n tapizadas por el cart\u00edlago articular. Alrededor de estos huesos est\u00e1n [&hellip;]<\/p>\n","protected":false},"author":3,"featured_media":2652,"comment_status":"open","ping_status":"open","sticky":false,"template":"","format":"standard","meta":[],"categories":[2],"tags":[],"yoast_head":"<!-- This site is optimized with the Yoast SEO plugin v20.8 - https:\/\/yoast.com\/wordpress\/plugins\/seo\/ -->\n<title>Artrosis de cadera - La Prensa Cristiana<\/title>\n<meta name=\"robots\" content=\"index, follow, max-snippet:-1, max-image-preview:large, max-video-preview:-1\" \/>\n<link rel=\"canonical\" href=\"https:\/\/laprensacristiana.com\/?p=2648\" \/>\n<meta property=\"og:locale\" content=\"es_ES\" \/>\n<meta property=\"og:type\" content=\"article\" \/>\n<meta property=\"og:title\" content=\"Artrosis de cadera - La Prensa Cristiana\" \/>\n<meta property=\"og:description\" content=\"Por:\u00a0Dr. Alvaro Guillermo S\u00e1nchez Ch\u00e1vez Ortopeda especialista en cadera. La articulaci\u00f3n de la cadera la forman, por una parte, la cabeza del f\u00e9mur y, por otra, una oquedad en el hueso de la pelvis que se llama cotilo o acetabulo. Las dos super\ufb01cies \u00f3seas est\u00e1n tapizadas por el cart\u00edlago articular. Alrededor de estos huesos est\u00e1n [&hellip;]\" \/>\n<meta property=\"og:url\" content=\"https:\/\/laprensacristiana.com\/?p=2648\" \/>\n<meta property=\"og:site_name\" content=\"La Prensa Cristiana\" \/>\n<meta property=\"article:published_time\" content=\"2017-04-04T20:12:37+00:00\" \/>\n<meta property=\"article:modified_time\" content=\"2017-04-04T20:17:18+00:00\" \/>\n<meta property=\"og:image\" content=\"https:\/\/laprensacristiana.com\/wp-content\/uploads\/2017\/04\/PDV-1.jpg\" \/>\n\t<meta property=\"og:image:width\" content=\"814\" \/>\n\t<meta property=\"og:image:height\" content=\"454\" \/>\n\t<meta property=\"og:image:type\" content=\"image\/jpeg\" \/>\n<meta name=\"author\" content=\"EDITOR\" \/>\n<meta name=\"twitter:card\" content=\"summary_large_image\" \/>\n<meta name=\"twitter:label1\" content=\"Escrito por\" \/>\n\t<meta name=\"twitter:data1\" content=\"EDITOR\" \/>\n\t<meta name=\"twitter:label2\" content=\"Tiempo de lectura\" \/>\n\t<meta name=\"twitter:data2\" content=\"2 minutos\" \/>\n<script type=\"application\/ld+json\" class=\"yoast-schema-graph\">{\"@context\":\"https:\/\/schema.org\",\"@graph\":[{\"@type\":\"WebPage\",\"@id\":\"https:\/\/laprensacristiana.com\/?p=2648\",\"url\":\"https:\/\/laprensacristiana.com\/?p=2648\",\"name\":\"Artrosis de cadera - La Prensa Cristiana\",\"isPartOf\":{\"@id\":\"https:\/\/laprensacristiana.com\/#website\"},\"datePublished\":\"2017-04-04T20:12:37+00:00\",\"dateModified\":\"2017-04-04T20:17:18+00:00\",\"author\":{\"@id\":\"https:\/\/laprensacristiana.com\/#\/schema\/person\/3e7d82c6bfd6b1fa67010f8f7cd5256e\"},\"breadcrumb\":{\"@id\":\"https:\/\/laprensacristiana.com\/?p=2648#breadcrumb\"},\"inLanguage\":\"es\",\"potentialAction\":[{\"@type\":\"ReadAction\",\"target\":[\"https:\/\/laprensacristiana.com\/?p=2648\"]}]},{\"@type\":\"BreadcrumbList\",\"@id\":\"https:\/\/laprensacristiana.com\/?p=2648#breadcrumb\",\"itemListElement\":[{\"@type\":\"ListItem\",\"position\":1,\"name\":\"Portada\",\"item\":\"https:\/\/laprensacristiana.com\/\"},{\"@type\":\"ListItem\",\"position\":2,\"name\":\"Artrosis de cadera\"}]},{\"@type\":\"WebSite\",\"@id\":\"https:\/\/laprensacristiana.com\/#website\",\"url\":\"https:\/\/laprensacristiana.com\/\",\"name\":\"La Prensa Cristiana\",\"description\":\"Anunciando Las Buenas Nuevas\",\"potentialAction\":[{\"@type\":\"SearchAction\",\"target\":{\"@type\":\"EntryPoint\",\"urlTemplate\":\"https:\/\/laprensacristiana.com\/?s={search_term_string}\"},\"query-input\":\"required name=search_term_string\"}],\"inLanguage\":\"es\"},{\"@type\":\"Person\",\"@id\":\"https:\/\/laprensacristiana.com\/#\/schema\/person\/3e7d82c6bfd6b1fa67010f8f7cd5256e\",\"name\":\"EDITOR\",\"image\":{\"@type\":\"ImageObject\",\"inLanguage\":\"es\",\"@id\":\"https:\/\/laprensacristiana.com\/#\/schema\/person\/image\/\",\"url\":\"https:\/\/secure.gravatar.com\/avatar\/72069dfb6c13772d9e8381e3638666d2?s=96&d=mm&r=g\",\"contentUrl\":\"https:\/\/secure.gravatar.com\/avatar\/72069dfb6c13772d9e8381e3638666d2?s=96&d=mm&r=g\",\"caption\":\"EDITOR\"},\"url\":\"https:\/\/laprensacristiana.com\/?author=3\"}]}<\/script>\n<!-- \/ Yoast SEO plugin. -->","yoast_head_json":{"title":"Artrosis de cadera - La Prensa Cristiana","robots":{"index":"index","follow":"follow","max-snippet":"max-snippet:-1","max-image-preview":"max-image-preview:large","max-video-preview":"max-video-preview:-1"},"canonical":"https:\/\/laprensacristiana.com\/?p=2648","og_locale":"es_ES","og_type":"article","og_title":"Artrosis de cadera - La Prensa Cristiana","og_description":"Por:\u00a0Dr. Alvaro Guillermo S\u00e1nchez Ch\u00e1vez Ortopeda especialista en cadera. La articulaci\u00f3n de la cadera la forman, por una parte, la cabeza del f\u00e9mur y, por otra, una oquedad en el hueso de la pelvis que se llama cotilo o acetabulo. Las dos super\ufb01cies \u00f3seas est\u00e1n tapizadas por el cart\u00edlago articular. Alrededor de estos huesos est\u00e1n [&hellip;]","og_url":"https:\/\/laprensacristiana.com\/?p=2648","og_site_name":"La Prensa Cristiana","article_published_time":"2017-04-04T20:12:37+00:00","article_modified_time":"2017-04-04T20:17:18+00:00","og_image":[{"width":814,"height":454,"url":"https:\/\/laprensacristiana.com\/wp-content\/uploads\/2017\/04\/PDV-1.jpg","type":"image\/jpeg"}],"author":"EDITOR","twitter_card":"summary_large_image","twitter_misc":{"Escrito por":"EDITOR","Tiempo de lectura":"2 minutos"},"schema":{"@context":"https:\/\/schema.org","@graph":[{"@type":"WebPage","@id":"https:\/\/laprensacristiana.com\/?p=2648","url":"https:\/\/laprensacristiana.com\/?p=2648","name":"Artrosis de cadera - La Prensa Cristiana","isPartOf":{"@id":"https:\/\/laprensacristiana.com\/#website"},"datePublished":"2017-04-04T20:12:37+00:00","dateModified":"2017-04-04T20:17:18+00:00","author":{"@id":"https:\/\/laprensacristiana.com\/#\/schema\/person\/3e7d82c6bfd6b1fa67010f8f7cd5256e"},"breadcrumb":{"@id":"https:\/\/laprensacristiana.com\/?p=2648#breadcrumb"},"inLanguage":"es","potentialAction":[{"@type":"ReadAction","target":["https:\/\/laprensacristiana.com\/?p=2648"]}]},{"@type":"BreadcrumbList","@id":"https:\/\/laprensacristiana.com\/?p=2648#breadcrumb","itemListElement":[{"@type":"ListItem","position":1,"name":"Portada","item":"https:\/\/laprensacristiana.com\/"},{"@type":"ListItem","position":2,"name":"Artrosis de cadera"}]},{"@type":"WebSite","@id":"https:\/\/laprensacristiana.com\/#website","url":"https:\/\/laprensacristiana.com\/","name":"La Prensa Cristiana","description":"Anunciando Las Buenas Nuevas","potentialAction":[{"@type":"SearchAction","target":{"@type":"EntryPoint","urlTemplate":"https:\/\/laprensacristiana.com\/?s={search_term_string}"},"query-input":"required name=search_term_string"}],"inLanguage":"es"},{"@type":"Person","@id":"https:\/\/laprensacristiana.com\/#\/schema\/person\/3e7d82c6bfd6b1fa67010f8f7cd5256e","name":"EDITOR","image":{"@type":"ImageObject","inLanguage":"es","@id":"https:\/\/laprensacristiana.com\/#\/schema\/person\/image\/","url":"https:\/\/secure.gravatar.com\/avatar\/72069dfb6c13772d9e8381e3638666d2?s=96&d=mm&r=g","contentUrl":"https:\/\/secure.gravatar.com\/avatar\/72069dfb6c13772d9e8381e3638666d2?s=96&d=mm&r=g","caption":"EDITOR"},"url":"https:\/\/laprensacristiana.com\/?author=3"}]}},"_links":{"self":[{"href":"https:\/\/laprensacristiana.com\/index.php?rest_route=\/wp\/v2\/posts\/2648"}],"collection":[{"href":"https:\/\/laprensacristiana.com\/index.php?rest_route=\/wp\/v2\/posts"}],"about":[{"href":"https:\/\/laprensacristiana.com\/index.php?rest_route=\/wp\/v2\/types\/post"}],"author":[{"embeddable":true,"href":"https:\/\/laprensacristiana.com\/index.php?rest_route=\/wp\/v2\/users\/3"}],"replies":[{"embeddable":true,"href":"https:\/\/laprensacristiana.com\/index.php?rest_route=%2Fwp%2Fv2%2Fcomments&post=2648"}],"version-history":[{"count":3,"href":"https:\/\/laprensacristiana.com\/index.php?rest_route=\/wp\/v2\/posts\/2648\/revisions"}],"predecessor-version":[{"id":2653,"href":"https:\/\/laprensacristiana.com\/index.php?rest_route=\/wp\/v2\/posts\/2648\/revisions\/2653"}],"wp:featuredmedia":[{"embeddable":true,"href":"https:\/\/laprensacristiana.com\/index.php?rest_route=\/wp\/v2\/media\/2652"}],"wp:attachment":[{"href":"https:\/\/laprensacristiana.com\/index.php?rest_route=%2Fwp%2Fv2%2Fmedia&parent=2648"}],"wp:term":[{"taxonomy":"category","embeddable":true,"href":"https:\/\/laprensacristiana.com\/index.php?rest_route=%2Fwp%2Fv2%2Fcategories&post=2648"},{"taxonomy":"post_tag","embeddable":true,"href":"https:\/\/laprensacristiana.com\/index.php?rest_route=%2Fwp%2Fv2%2Ftags&post=2648"}],"curies":[{"name":"wp","href":"https:\/\/api.w.org\/{rel}","templated":true}]}}