{"id":2657,"date":"2017-04-05T22:03:46","date_gmt":"2017-04-05T22:03:46","guid":{"rendered":"https:\/\/laprensacristiana.com\/?p=2657"},"modified":"2017-04-05T22:22:09","modified_gmt":"2017-04-05T22:22:09","slug":"dios-quiere-bendecirte-a-traves-de-tus-palabras","status":"publish","type":"post","link":"https:\/\/laprensacristiana.com\/?p=2657","title":{"rendered":"\u201cDios quiere bendecirte a trav\u00e9s de tus palabras\u201d"},"content":{"rendered":"<h4><em>Por: Licda. Marielos Salinas.<\/em><\/h4>\n<p>Sab\u00edas que tus palabras, son de suma importancia, siempre y cuando sean agradables\u00a0 a Dios, debemos de tener mucho cuidado de c\u00f3mo nos expresamos de todo lo que decimos; mira que si t\u00fa solo hablas cosas negativas eso te suceder\u00e1.<\/p>\n<p>Pero si empiezas a Bendecir con tu boca a hablar, palabra buena, palabra de fe, palabra de esperanza as\u00ed ser\u00e1. Por veces con nuestras propias palabras estamos impidiendo lo que Dios tiene para ti.<\/p>\n<p>T\u00fa te preguntar\u00e1s \u00bfC\u00f3mo? D\u00e9jame decirte que si t\u00fa solo hablas cosas negativas, si solo te vives quejando por una y otra cosa, t\u00fa mismo te est\u00e1s esclavizando y no dejas que actu\u00e9 el Esp\u00edritu Santo, lo que \u00e9l quiere darte, porque Dios quiere bendecirte pero si solo hablas palabra negativa y palabra de derrota t\u00fa mismo te esclavizas.<\/p>\n<p>Pero si comienzas a declarar Bendici\u00f3n para tu vida y empiezas a Bendecir, a hablar solo cosas positivas; cr\u00e9elo que as\u00ed ser\u00e1, <strong>Jesucristo<\/strong> <strong>te ama <\/strong>y quiere bendecirte solo tienes que activar tu fe, y te preguntar\u00e1s \u00bfC\u00f3mo? Pues la fe se activa creyendo en lo que tus ojos a\u00fan no han visto, caminando por fe, lo que \u00a0tus ojos aun no ven eso es la fe, creer. Pero sabes con seguridad que se har\u00e1.<\/p>\n<p>Es decir tu fe te da acceso, a lo que el mundo te ha dicho que t\u00fa no te mereces. Debes declarar que Cristo es tu refugio, ancla de tu fe; que \u00e9l est\u00e1 contigo, es por eso que todo lo que creas suceder\u00e1, pon tu mirada en Dios y no en tu circunstancia actual.<\/p>\n<p>Tus conversaciones pueden corromper tus h\u00e1bitos, empieza a hablar palabras de bendici\u00f3n y confiesa lo que el se\u00f1or har\u00e1 en tu vida.<\/p>\n<p>Que tus palabras no sean un obst\u00e1culo para lo que Dios tiene para ti.<\/p>\n","protected":false},"excerpt":{"rendered":"<p>Por: Licda. Marielos Salinas. Sab\u00edas que tus palabras, son de suma importancia, siempre y cuando sean agradables\u00a0 a Dios, debemos de tener mucho cuidado de c\u00f3mo nos expresamos de todo lo que decimos; mira que si t\u00fa solo hablas cosas negativas eso te suceder\u00e1. Pero si empiezas a Bendecir con tu boca a hablar, palabra [&hellip;]<\/p>\n","protected":false},"author":3,"featured_media":1836,"comment_status":"open","ping_status":"open","sticky":false,"template":"","format":"standard","meta":[],"categories":[36],"tags":[],"yoast_head":"<!-- This site is optimized with the Yoast SEO plugin v20.8 - https:\/\/yoast.com\/wordpress\/plugins\/seo\/ -->\n<title>\u201cDios quiere bendecirte a trav\u00e9s de tus palabras\u201d - La Prensa Cristiana<\/title>\n<meta name=\"robots\" content=\"index, follow, max-snippet:-1, max-image-preview:large, max-video-preview:-1\" \/>\n<link rel=\"canonical\" href=\"https:\/\/laprensacristiana.com\/?p=2657\" \/>\n<meta property=\"og:locale\" content=\"es_ES\" \/>\n<meta property=\"og:type\" content=\"article\" \/>\n<meta property=\"og:title\" content=\"\u201cDios quiere bendecirte a trav\u00e9s de tus palabras\u201d - La Prensa Cristiana\" \/>\n<meta property=\"og:description\" content=\"Por: Licda. Marielos Salinas. Sab\u00edas que tus palabras, son de suma importancia, siempre y cuando sean agradables\u00a0 a Dios, debemos de tener mucho cuidado de c\u00f3mo nos expresamos de todo lo que decimos; mira que si t\u00fa solo hablas cosas negativas eso te suceder\u00e1. Pero si empiezas a Bendecir con tu boca a hablar, palabra [&hellip;]\" \/>\n<meta property=\"og:url\" content=\"https:\/\/laprensacristiana.com\/?p=2657\" \/>\n<meta property=\"og:site_name\" content=\"La Prensa Cristiana\" \/>\n<meta property=\"article:published_time\" content=\"2017-04-05T22:03:46+00:00\" \/>\n<meta property=\"article:modified_time\" content=\"2017-04-05T22:22:09+00:00\" \/>\n<meta property=\"og:image\" content=\"https:\/\/laprensacristiana.com\/wp-content\/uploads\/2016\/11\/REFLEXION-MARIELOS-SALINAS-01-scaled.jpg\" \/>\n\t<meta property=\"og:image:width\" content=\"2560\" \/>\n\t<meta property=\"og:image:height\" content=\"1429\" \/>\n\t<meta property=\"og:image:type\" content=\"image\/jpeg\" \/>\n<meta name=\"author\" content=\"EDITOR\" \/>\n<meta name=\"twitter:card\" content=\"summary_large_image\" \/>\n<meta name=\"twitter:label1\" content=\"Escrito por\" \/>\n\t<meta name=\"twitter:data1\" content=\"EDITOR\" \/>\n\t<meta name=\"twitter:label2\" content=\"Tiempo de lectura\" \/>\n\t<meta name=\"twitter:data2\" content=\"2 minutos\" \/>\n<script type=\"application\/ld+json\" class=\"yoast-schema-graph\">{\"@context\":\"https:\/\/schema.org\",\"@graph\":[{\"@type\":\"WebPage\",\"@id\":\"https:\/\/laprensacristiana.com\/?p=2657\",\"url\":\"https:\/\/laprensacristiana.com\/?p=2657\",\"name\":\"\u201cDios quiere bendecirte a trav\u00e9s de tus palabras\u201d - La Prensa Cristiana\",\"isPartOf\":{\"@id\":\"https:\/\/laprensacristiana.com\/#website\"},\"datePublished\":\"2017-04-05T22:03:46+00:00\",\"dateModified\":\"2017-04-05T22:22:09+00:00\",\"author\":{\"@id\":\"https:\/\/laprensacristiana.com\/#\/schema\/person\/3e7d82c6bfd6b1fa67010f8f7cd5256e\"},\"breadcrumb\":{\"@id\":\"https:\/\/laprensacristiana.com\/?p=2657#breadcrumb\"},\"inLanguage\":\"es\",\"potentialAction\":[{\"@type\":\"ReadAction\",\"target\":[\"https:\/\/laprensacristiana.com\/?p=2657\"]}]},{\"@type\":\"BreadcrumbList\",\"@id\":\"https:\/\/laprensacristiana.com\/?p=2657#breadcrumb\",\"itemListElement\":[{\"@type\":\"ListItem\",\"position\":1,\"name\":\"Portada\",\"item\":\"https:\/\/laprensacristiana.com\/\"},{\"@type\":\"ListItem\",\"position\":2,\"name\":\"\u201cDios quiere bendecirte a trav\u00e9s de tus palabras\u201d\"}]},{\"@type\":\"WebSite\",\"@id\":\"https:\/\/laprensacristiana.com\/#website\",\"url\":\"https:\/\/laprensacristiana.com\/\",\"name\":\"La Prensa Cristiana\",\"description\":\"Anunciando Las Buenas Nuevas\",\"potentialAction\":[{\"@type\":\"SearchAction\",\"target\":{\"@type\":\"EntryPoint\",\"urlTemplate\":\"https:\/\/laprensacristiana.com\/?s={search_term_string}\"},\"query-input\":\"required name=search_term_string\"}],\"inLanguage\":\"es\"},{\"@type\":\"Person\",\"@id\":\"https:\/\/laprensacristiana.com\/#\/schema\/person\/3e7d82c6bfd6b1fa67010f8f7cd5256e\",\"name\":\"EDITOR\",\"image\":{\"@type\":\"ImageObject\",\"inLanguage\":\"es\",\"@id\":\"https:\/\/laprensacristiana.com\/#\/schema\/person\/image\/\",\"url\":\"https:\/\/secure.gravatar.com\/avatar\/72069dfb6c13772d9e8381e3638666d2?s=96&d=mm&r=g\",\"contentUrl\":\"https:\/\/secure.gravatar.com\/avatar\/72069dfb6c13772d9e8381e3638666d2?s=96&d=mm&r=g\",\"caption\":\"EDITOR\"},\"url\":\"https:\/\/laprensacristiana.com\/?author=3\"}]}<\/script>\n<!-- \/ Yoast SEO plugin. -->","yoast_head_json":{"title":"\u201cDios quiere bendecirte a trav\u00e9s de tus palabras\u201d - La Prensa Cristiana","robots":{"index":"index","follow":"follow","max-snippet":"max-snippet:-1","max-image-preview":"max-image-preview:large","max-video-preview":"max-video-preview:-1"},"canonical":"https:\/\/laprensacristiana.com\/?p=2657","og_locale":"es_ES","og_type":"article","og_title":"\u201cDios quiere bendecirte a trav\u00e9s de tus palabras\u201d - La Prensa Cristiana","og_description":"Por: Licda. Marielos Salinas. Sab\u00edas que tus palabras, son de suma importancia, siempre y cuando sean agradables\u00a0 a Dios, debemos de tener mucho cuidado de c\u00f3mo nos expresamos de todo lo que decimos; mira que si t\u00fa solo hablas cosas negativas eso te suceder\u00e1. Pero si empiezas a Bendecir con tu boca a hablar, palabra [&hellip;]","og_url":"https:\/\/laprensacristiana.com\/?p=2657","og_site_name":"La Prensa Cristiana","article_published_time":"2017-04-05T22:03:46+00:00","article_modified_time":"2017-04-05T22:22:09+00:00","og_image":[{"width":2560,"height":1429,"url":"https:\/\/laprensacristiana.com\/wp-content\/uploads\/2016\/11\/REFLEXION-MARIELOS-SALINAS-01-scaled.jpg","type":"image\/jpeg"}],"author":"EDITOR","twitter_card":"summary_large_image","twitter_misc":{"Escrito por":"EDITOR","Tiempo de lectura":"2 minutos"},"schema":{"@context":"https:\/\/schema.org","@graph":[{"@type":"WebPage","@id":"https:\/\/laprensacristiana.com\/?p=2657","url":"https:\/\/laprensacristiana.com\/?p=2657","name":"\u201cDios quiere bendecirte a trav\u00e9s de tus palabras\u201d - La Prensa Cristiana","isPartOf":{"@id":"https:\/\/laprensacristiana.com\/#website"},"datePublished":"2017-04-05T22:03:46+00:00","dateModified":"2017-04-05T22:22:09+00:00","author":{"@id":"https:\/\/laprensacristiana.com\/#\/schema\/person\/3e7d82c6bfd6b1fa67010f8f7cd5256e"},"breadcrumb":{"@id":"https:\/\/laprensacristiana.com\/?p=2657#breadcrumb"},"inLanguage":"es","potentialAction":[{"@type":"ReadAction","target":["https:\/\/laprensacristiana.com\/?p=2657"]}]},{"@type":"BreadcrumbList","@id":"https:\/\/laprensacristiana.com\/?p=2657#breadcrumb","itemListElement":[{"@type":"ListItem","position":1,"name":"Portada","item":"https:\/\/laprensacristiana.com\/"},{"@type":"ListItem","position":2,"name":"\u201cDios quiere bendecirte a trav\u00e9s de tus palabras\u201d"}]},{"@type":"WebSite","@id":"https:\/\/laprensacristiana.com\/#website","url":"https:\/\/laprensacristiana.com\/","name":"La Prensa Cristiana","description":"Anunciando Las Buenas Nuevas","potentialAction":[{"@type":"SearchAction","target":{"@type":"EntryPoint","urlTemplate":"https:\/\/laprensacristiana.com\/?s={search_term_string}"},"query-input":"required name=search_term_string"}],"inLanguage":"es"},{"@type":"Person","@id":"https:\/\/laprensacristiana.com\/#\/schema\/person\/3e7d82c6bfd6b1fa67010f8f7cd5256e","name":"EDITOR","image":{"@type":"ImageObject","inLanguage":"es","@id":"https:\/\/laprensacristiana.com\/#\/schema\/person\/image\/","url":"https:\/\/secure.gravatar.com\/avatar\/72069dfb6c13772d9e8381e3638666d2?s=96&d=mm&r=g","contentUrl":"https:\/\/secure.gravatar.com\/avatar\/72069dfb6c13772d9e8381e3638666d2?s=96&d=mm&r=g","caption":"EDITOR"},"url":"https:\/\/laprensacristiana.com\/?author=3"}]}},"_links":{"self":[{"href":"https:\/\/laprensacristiana.com\/index.php?rest_route=\/wp\/v2\/posts\/2657"}],"collection":[{"href":"https:\/\/laprensacristiana.com\/index.php?rest_route=\/wp\/v2\/posts"}],"about":[{"href":"https:\/\/laprensacristiana.com\/index.php?rest_route=\/wp\/v2\/types\/post"}],"author":[{"embeddable":true,"href":"https:\/\/laprensacristiana.com\/index.php?rest_route=\/wp\/v2\/users\/3"}],"replies":[{"embeddable":true,"href":"https:\/\/laprensacristiana.com\/index.php?rest_route=%2Fwp%2Fv2%2Fcomments&post=2657"}],"version-history":[{"count":2,"href":"https:\/\/laprensacristiana.com\/index.php?rest_route=\/wp\/v2\/posts\/2657\/revisions"}],"predecessor-version":[{"id":2659,"href":"https:\/\/laprensacristiana.com\/index.php?rest_route=\/wp\/v2\/posts\/2657\/revisions\/2659"}],"wp:featuredmedia":[{"embeddable":true,"href":"https:\/\/laprensacristiana.com\/index.php?rest_route=\/wp\/v2\/media\/1836"}],"wp:attachment":[{"href":"https:\/\/laprensacristiana.com\/index.php?rest_route=%2Fwp%2Fv2%2Fmedia&parent=2657"}],"wp:term":[{"taxonomy":"category","embeddable":true,"href":"https:\/\/laprensacristiana.com\/index.php?rest_route=%2Fwp%2Fv2%2Fcategories&post=2657"},{"taxonomy":"post_tag","embeddable":true,"href":"https:\/\/laprensacristiana.com\/index.php?rest_route=%2Fwp%2Fv2%2Ftags&post=2657"}],"curies":[{"name":"wp","href":"https:\/\/api.w.org\/{rel}","templated":true}]}}