{"id":2661,"date":"2017-04-05T22:55:22","date_gmt":"2017-04-05T22:55:22","guid":{"rendered":"https:\/\/laprensacristiana.com\/?p=2661"},"modified":"2020-07-02T00:55:09","modified_gmt":"2020-07-02T00:55:09","slug":"con-la-dedicacion-y-el-deseo-de-servir-a-dios","status":"publish","type":"post","link":"https:\/\/laprensacristiana.com\/?p=2661","title":{"rendered":"\u00abCon la dedicaci\u00f3n y el deseo de servir a Dios\u00bb"},"content":{"rendered":"<p><strong>Rene Caballero,<\/strong> talento de la m\u00fasica cristiana salvadore\u00f1a, form\u00f3 parte de la banda Cristo a las Naciones y Banda Sky, ah\u00ed debut\u00f3 como cantante y guitarrista. En el proyecto \u201cVen y toma tu lugar\u201d de Franklin Cerrato, realiz\u00f3 su primera gira por distintos pa\u00edses; lo cual le caus\u00f3 un gran entusiasmo por hacer realidad su llamado de ser instrumento en la mano de Dios.<\/p>\n<p>Desde el a\u00f1o 2008 ha tenido la oportunidad de ministrar con diversos cantantes de talla internacional como Roberto Orellana, Milton Valle, Jerry M\u00e1rquez, y junto al Ministro Dante Gebel; y en el \u00e1mbito nacional, junto a Pablo Rosales, V\u00edctor Hern\u00e1ndez, Luc\u00eda Parker, entre otros.<\/p>\n<p>Para este a\u00f1o estar\u00e1 lanzando la canci\u00f3n llamada <em>\u201cMi pasi\u00f3n\u201d,<\/em> melod\u00eda que hace a\u00f1os fue un boom a cargo de Erick Bola\u00f1os. Su letra es cautivante y prioriza poner la mirada en Dios. Adem\u00e1s, Caballero espera llevar su sonido innovador y que este sea de bendici\u00f3n para todo el cuerpo de Cristo.<\/p>\n","protected":false},"excerpt":{"rendered":"<p>Rene Caballero, talento de la m\u00fasica cristiana salvadore\u00f1a, form\u00f3 parte de la banda Cristo a las Naciones y Banda Sky, ah\u00ed debut\u00f3 como cantante y guitarrista. En el proyecto \u201cVen y toma tu lugar\u201d de Franklin Cerrato, realiz\u00f3 su primera gira por distintos pa\u00edses; lo cual le caus\u00f3 un gran entusiasmo por hacer realidad su [&hellip;]<\/p>\n","protected":false},"author":3,"featured_media":2662,"comment_status":"open","ping_status":"open","sticky":false,"template":"","format":"standard","meta":[],"categories":[36],"tags":[],"yoast_head":"<!-- This site is optimized with the Yoast SEO plugin v20.8 - https:\/\/yoast.com\/wordpress\/plugins\/seo\/ -->\n<title>&quot;Con la dedicaci\u00f3n y el deseo de servir a Dios&quot; - La Prensa Cristiana<\/title>\n<meta name=\"robots\" content=\"index, follow, max-snippet:-1, max-image-preview:large, max-video-preview:-1\" \/>\n<link rel=\"canonical\" href=\"https:\/\/laprensacristiana.com\/?p=2661\" \/>\n<meta property=\"og:locale\" content=\"es_ES\" \/>\n<meta property=\"og:type\" content=\"article\" \/>\n<meta property=\"og:title\" content=\"&quot;Con la dedicaci\u00f3n y el deseo de servir a Dios&quot; - La Prensa Cristiana\" \/>\n<meta property=\"og:description\" content=\"Rene Caballero, talento de la m\u00fasica cristiana salvadore\u00f1a, form\u00f3 parte de la banda Cristo a las Naciones y Banda Sky, ah\u00ed debut\u00f3 como cantante y guitarrista. En el proyecto \u201cVen y toma tu lugar\u201d de Franklin Cerrato, realiz\u00f3 su primera gira por distintos pa\u00edses; lo cual le caus\u00f3 un gran entusiasmo por hacer realidad su [&hellip;]\" \/>\n<meta property=\"og:url\" content=\"https:\/\/laprensacristiana.com\/?p=2661\" \/>\n<meta property=\"og:site_name\" content=\"La Prensa Cristiana\" \/>\n<meta property=\"article:published_time\" content=\"2017-04-05T22:55:22+00:00\" \/>\n<meta property=\"article:modified_time\" content=\"2020-07-02T00:55:09+00:00\" \/>\n<meta property=\"og:image\" content=\"https:\/\/laprensacristiana.com\/wp-content\/uploads\/2017\/04\/RENE-CABALLERO.jpg\" \/>\n\t<meta property=\"og:image:width\" content=\"1091\" \/>\n\t<meta property=\"og:image:height\" content=\"635\" \/>\n\t<meta property=\"og:image:type\" content=\"image\/jpeg\" \/>\n<meta name=\"author\" content=\"EDITOR\" \/>\n<meta name=\"twitter:card\" content=\"summary_large_image\" \/>\n<meta name=\"twitter:label1\" content=\"Escrito por\" \/>\n\t<meta name=\"twitter:data1\" content=\"EDITOR\" \/>\n\t<meta name=\"twitter:label2\" content=\"Tiempo de lectura\" \/>\n\t<meta name=\"twitter:data2\" content=\"1 minuto\" \/>\n<script type=\"application\/ld+json\" class=\"yoast-schema-graph\">{\"@context\":\"https:\/\/schema.org\",\"@graph\":[{\"@type\":\"WebPage\",\"@id\":\"https:\/\/laprensacristiana.com\/?p=2661\",\"url\":\"https:\/\/laprensacristiana.com\/?p=2661\",\"name\":\"\\\"Con la dedicaci\u00f3n y el deseo de servir a Dios\\\" - La Prensa Cristiana\",\"isPartOf\":{\"@id\":\"https:\/\/laprensacristiana.com\/#website\"},\"datePublished\":\"2017-04-05T22:55:22+00:00\",\"dateModified\":\"2020-07-02T00:55:09+00:00\",\"author\":{\"@id\":\"https:\/\/laprensacristiana.com\/#\/schema\/person\/3e7d82c6bfd6b1fa67010f8f7cd5256e\"},\"breadcrumb\":{\"@id\":\"https:\/\/laprensacristiana.com\/?p=2661#breadcrumb\"},\"inLanguage\":\"es\",\"potentialAction\":[{\"@type\":\"ReadAction\",\"target\":[\"https:\/\/laprensacristiana.com\/?p=2661\"]}]},{\"@type\":\"BreadcrumbList\",\"@id\":\"https:\/\/laprensacristiana.com\/?p=2661#breadcrumb\",\"itemListElement\":[{\"@type\":\"ListItem\",\"position\":1,\"name\":\"Portada\",\"item\":\"https:\/\/laprensacristiana.com\/\"},{\"@type\":\"ListItem\",\"position\":2,\"name\":\"\u00abCon la dedicaci\u00f3n y el deseo de servir a Dios\u00bb\"}]},{\"@type\":\"WebSite\",\"@id\":\"https:\/\/laprensacristiana.com\/#website\",\"url\":\"https:\/\/laprensacristiana.com\/\",\"name\":\"La Prensa Cristiana\",\"description\":\"Anunciando Las Buenas Nuevas\",\"potentialAction\":[{\"@type\":\"SearchAction\",\"target\":{\"@type\":\"EntryPoint\",\"urlTemplate\":\"https:\/\/laprensacristiana.com\/?s={search_term_string}\"},\"query-input\":\"required name=search_term_string\"}],\"inLanguage\":\"es\"},{\"@type\":\"Person\",\"@id\":\"https:\/\/laprensacristiana.com\/#\/schema\/person\/3e7d82c6bfd6b1fa67010f8f7cd5256e\",\"name\":\"EDITOR\",\"image\":{\"@type\":\"ImageObject\",\"inLanguage\":\"es\",\"@id\":\"https:\/\/laprensacristiana.com\/#\/schema\/person\/image\/\",\"url\":\"https:\/\/secure.gravatar.com\/avatar\/72069dfb6c13772d9e8381e3638666d2?s=96&d=mm&r=g\",\"contentUrl\":\"https:\/\/secure.gravatar.com\/avatar\/72069dfb6c13772d9e8381e3638666d2?s=96&d=mm&r=g\",\"caption\":\"EDITOR\"},\"url\":\"https:\/\/laprensacristiana.com\/?author=3\"}]}<\/script>\n<!-- \/ Yoast SEO plugin. -->","yoast_head_json":{"title":"\"Con la dedicaci\u00f3n y el deseo de servir a Dios\" - La Prensa Cristiana","robots":{"index":"index","follow":"follow","max-snippet":"max-snippet:-1","max-image-preview":"max-image-preview:large","max-video-preview":"max-video-preview:-1"},"canonical":"https:\/\/laprensacristiana.com\/?p=2661","og_locale":"es_ES","og_type":"article","og_title":"\"Con la dedicaci\u00f3n y el deseo de servir a Dios\" - La Prensa Cristiana","og_description":"Rene Caballero, talento de la m\u00fasica cristiana salvadore\u00f1a, form\u00f3 parte de la banda Cristo a las Naciones y Banda Sky, ah\u00ed debut\u00f3 como cantante y guitarrista. En el proyecto \u201cVen y toma tu lugar\u201d de Franklin Cerrato, realiz\u00f3 su primera gira por distintos pa\u00edses; lo cual le caus\u00f3 un gran entusiasmo por hacer realidad su [&hellip;]","og_url":"https:\/\/laprensacristiana.com\/?p=2661","og_site_name":"La Prensa Cristiana","article_published_time":"2017-04-05T22:55:22+00:00","article_modified_time":"2020-07-02T00:55:09+00:00","og_image":[{"width":1091,"height":635,"url":"https:\/\/laprensacristiana.com\/wp-content\/uploads\/2017\/04\/RENE-CABALLERO.jpg","type":"image\/jpeg"}],"author":"EDITOR","twitter_card":"summary_large_image","twitter_misc":{"Escrito por":"EDITOR","Tiempo de lectura":"1 minuto"},"schema":{"@context":"https:\/\/schema.org","@graph":[{"@type":"WebPage","@id":"https:\/\/laprensacristiana.com\/?p=2661","url":"https:\/\/laprensacristiana.com\/?p=2661","name":"\"Con la dedicaci\u00f3n y el deseo de servir a Dios\" - La Prensa Cristiana","isPartOf":{"@id":"https:\/\/laprensacristiana.com\/#website"},"datePublished":"2017-04-05T22:55:22+00:00","dateModified":"2020-07-02T00:55:09+00:00","author":{"@id":"https:\/\/laprensacristiana.com\/#\/schema\/person\/3e7d82c6bfd6b1fa67010f8f7cd5256e"},"breadcrumb":{"@id":"https:\/\/laprensacristiana.com\/?p=2661#breadcrumb"},"inLanguage":"es","potentialAction":[{"@type":"ReadAction","target":["https:\/\/laprensacristiana.com\/?p=2661"]}]},{"@type":"BreadcrumbList","@id":"https:\/\/laprensacristiana.com\/?p=2661#breadcrumb","itemListElement":[{"@type":"ListItem","position":1,"name":"Portada","item":"https:\/\/laprensacristiana.com\/"},{"@type":"ListItem","position":2,"name":"\u00abCon la dedicaci\u00f3n y el deseo de servir a Dios\u00bb"}]},{"@type":"WebSite","@id":"https:\/\/laprensacristiana.com\/#website","url":"https:\/\/laprensacristiana.com\/","name":"La Prensa Cristiana","description":"Anunciando Las Buenas Nuevas","potentialAction":[{"@type":"SearchAction","target":{"@type":"EntryPoint","urlTemplate":"https:\/\/laprensacristiana.com\/?s={search_term_string}"},"query-input":"required name=search_term_string"}],"inLanguage":"es"},{"@type":"Person","@id":"https:\/\/laprensacristiana.com\/#\/schema\/person\/3e7d82c6bfd6b1fa67010f8f7cd5256e","name":"EDITOR","image":{"@type":"ImageObject","inLanguage":"es","@id":"https:\/\/laprensacristiana.com\/#\/schema\/person\/image\/","url":"https:\/\/secure.gravatar.com\/avatar\/72069dfb6c13772d9e8381e3638666d2?s=96&d=mm&r=g","contentUrl":"https:\/\/secure.gravatar.com\/avatar\/72069dfb6c13772d9e8381e3638666d2?s=96&d=mm&r=g","caption":"EDITOR"},"url":"https:\/\/laprensacristiana.com\/?author=3"}]}},"_links":{"self":[{"href":"https:\/\/laprensacristiana.com\/index.php?rest_route=\/wp\/v2\/posts\/2661"}],"collection":[{"href":"https:\/\/laprensacristiana.com\/index.php?rest_route=\/wp\/v2\/posts"}],"about":[{"href":"https:\/\/laprensacristiana.com\/index.php?rest_route=\/wp\/v2\/types\/post"}],"author":[{"embeddable":true,"href":"https:\/\/laprensacristiana.com\/index.php?rest_route=\/wp\/v2\/users\/3"}],"replies":[{"embeddable":true,"href":"https:\/\/laprensacristiana.com\/index.php?rest_route=%2Fwp%2Fv2%2Fcomments&post=2661"}],"version-history":[{"count":2,"href":"https:\/\/laprensacristiana.com\/index.php?rest_route=\/wp\/v2\/posts\/2661\/revisions"}],"predecessor-version":[{"id":2664,"href":"https:\/\/laprensacristiana.com\/index.php?rest_route=\/wp\/v2\/posts\/2661\/revisions\/2664"}],"wp:featuredmedia":[{"embeddable":true,"href":"https:\/\/laprensacristiana.com\/index.php?rest_route=\/wp\/v2\/media\/2662"}],"wp:attachment":[{"href":"https:\/\/laprensacristiana.com\/index.php?rest_route=%2Fwp%2Fv2%2Fmedia&parent=2661"}],"wp:term":[{"taxonomy":"category","embeddable":true,"href":"https:\/\/laprensacristiana.com\/index.php?rest_route=%2Fwp%2Fv2%2Fcategories&post=2661"},{"taxonomy":"post_tag","embeddable":true,"href":"https:\/\/laprensacristiana.com\/index.php?rest_route=%2Fwp%2Fv2%2Ftags&post=2661"}],"curies":[{"name":"wp","href":"https:\/\/api.w.org\/{rel}","templated":true}]}}