{"id":2666,"date":"2017-04-06T18:39:05","date_gmt":"2017-04-06T18:39:05","guid":{"rendered":"https:\/\/laprensacristiana.com\/?p=2666"},"modified":"2020-07-02T00:54:57","modified_gmt":"2020-07-02T00:54:57","slug":"algo-diferente","status":"publish","type":"post","link":"https:\/\/laprensacristiana.com\/?p=2666","title":{"rendered":"\u00abAlgo diferente\u00bb"},"content":{"rendered":"<p>El joven solista Ricardo Reyes que forma parte del ministerio impacto del cielo (su nombre es con el fin de impactar vidas mediante el mensaje que viene directamente del cielo), est\u00e1 debutando en la m\u00fasica cristiana, en el a\u00f1o 2013 tuvo la oportunidad de cantar con Alex Zurdo, concierto que dio en el pa\u00eds.<\/p>\n<p>Para 2015 lanzaba su primera producci\u00f3n, llamada \u201cImpactantemente celestial\u201d, disco que constaba de g\u00e9neros musicales como rap, hip hop y reggaet\u00f3n, de igual forma fue lanzado el video oficial del tema \u201cYo la alabo\u201d, canci\u00f3n promocional de esta producci\u00f3n.<\/p>\n<p>El pasado 29 de marzo estren\u00f3 una nueva canci\u00f3n titulada <strong>\u201cAlgo diferente\u201d<\/strong> y pone a disposici\u00f3n el video oficial. \u00a0Esta canci\u00f3n naci\u00f3 para poder aportar un cambio a la realidad en la que estamos sumergidos, seg\u00fan comenta Reyes, y que la \u00fanica diferencia ante todo eso es tener a Dios en nuestras vidas.<\/p>\n<p><em>\u201cCon este tema se trata de impactar en los j\u00f3venes tanto creyentes como no en la palabra que se puede cambiar nuestro rumbo empezando el cambio en cada uno tomando como eje principal el esp\u00edritu santo nuestra energ\u00eda vital<\/em>\u201d. Expres\u00f3 Ricardo.<\/p>\n<p>Compartimos el v\u00eddeo:<\/p>\n<p><iframe loading=\"lazy\" title=\"Algo diferente - Impacto del cielo|| V\u00eddeo Oficial\" width=\"696\" height=\"392\" src=\"https:\/\/www.youtube.com\/embed\/bAjD4Nn1Rso?feature=oembed\" frameborder=\"0\" allow=\"accelerometer; autoplay; encrypted-media; gyroscope; picture-in-picture\" allowfullscreen><\/iframe><\/p>\n<p>&nbsp;<\/p>\n<p>&nbsp;<\/p>\n","protected":false},"excerpt":{"rendered":"<p>El joven solista Ricardo Reyes que forma parte del ministerio impacto del cielo (su nombre es con el fin de impactar vidas mediante el mensaje que viene directamente del cielo), est\u00e1 debutando en la m\u00fasica cristiana, en el a\u00f1o 2013 tuvo la oportunidad de cantar con Alex Zurdo, concierto que dio en el pa\u00eds. Para [&hellip;]<\/p>\n","protected":false},"author":3,"featured_media":2667,"comment_status":"open","ping_status":"open","sticky":false,"template":"","format":"standard","meta":[],"categories":[36],"tags":[],"yoast_head":"<!-- This site is optimized with the Yoast SEO plugin v20.8 - https:\/\/yoast.com\/wordpress\/plugins\/seo\/ -->\n<title>&quot;Algo diferente&quot; - La Prensa Cristiana<\/title>\n<meta name=\"robots\" content=\"index, follow, max-snippet:-1, max-image-preview:large, max-video-preview:-1\" \/>\n<link rel=\"canonical\" href=\"https:\/\/laprensacristiana.com\/?p=2666\" \/>\n<meta property=\"og:locale\" content=\"es_ES\" \/>\n<meta property=\"og:type\" content=\"article\" \/>\n<meta property=\"og:title\" content=\"&quot;Algo diferente&quot; - La Prensa Cristiana\" \/>\n<meta property=\"og:description\" content=\"El joven solista Ricardo Reyes que forma parte del ministerio impacto del cielo (su nombre es con el fin de impactar vidas mediante el mensaje que viene directamente del cielo), est\u00e1 debutando en la m\u00fasica cristiana, en el a\u00f1o 2013 tuvo la oportunidad de cantar con Alex Zurdo, concierto que dio en el pa\u00eds. Para [&hellip;]\" \/>\n<meta property=\"og:url\" content=\"https:\/\/laprensacristiana.com\/?p=2666\" \/>\n<meta property=\"og:site_name\" content=\"La Prensa Cristiana\" \/>\n<meta property=\"article:published_time\" content=\"2017-04-06T18:39:05+00:00\" \/>\n<meta property=\"article:modified_time\" content=\"2020-07-02T00:54:57+00:00\" \/>\n<meta property=\"og:image\" content=\"https:\/\/laprensacristiana.com\/wp-content\/uploads\/2017\/04\/RICARDO-REYES.jpg\" \/>\n\t<meta property=\"og:image:width\" content=\"897\" \/>\n\t<meta property=\"og:image:height\" content=\"734\" \/>\n\t<meta property=\"og:image:type\" content=\"image\/jpeg\" \/>\n<meta name=\"author\" content=\"EDITOR\" \/>\n<meta name=\"twitter:card\" content=\"summary_large_image\" \/>\n<meta name=\"twitter:label1\" content=\"Escrito por\" \/>\n\t<meta name=\"twitter:data1\" content=\"EDITOR\" \/>\n\t<meta name=\"twitter:label2\" content=\"Tiempo de lectura\" \/>\n\t<meta name=\"twitter:data2\" content=\"1 minuto\" \/>\n<script type=\"application\/ld+json\" class=\"yoast-schema-graph\">{\"@context\":\"https:\/\/schema.org\",\"@graph\":[{\"@type\":\"WebPage\",\"@id\":\"https:\/\/laprensacristiana.com\/?p=2666\",\"url\":\"https:\/\/laprensacristiana.com\/?p=2666\",\"name\":\"\\\"Algo diferente\\\" - La Prensa Cristiana\",\"isPartOf\":{\"@id\":\"https:\/\/laprensacristiana.com\/#website\"},\"datePublished\":\"2017-04-06T18:39:05+00:00\",\"dateModified\":\"2020-07-02T00:54:57+00:00\",\"author\":{\"@id\":\"https:\/\/laprensacristiana.com\/#\/schema\/person\/3e7d82c6bfd6b1fa67010f8f7cd5256e\"},\"breadcrumb\":{\"@id\":\"https:\/\/laprensacristiana.com\/?p=2666#breadcrumb\"},\"inLanguage\":\"es\",\"potentialAction\":[{\"@type\":\"ReadAction\",\"target\":[\"https:\/\/laprensacristiana.com\/?p=2666\"]}]},{\"@type\":\"BreadcrumbList\",\"@id\":\"https:\/\/laprensacristiana.com\/?p=2666#breadcrumb\",\"itemListElement\":[{\"@type\":\"ListItem\",\"position\":1,\"name\":\"Portada\",\"item\":\"https:\/\/laprensacristiana.com\/\"},{\"@type\":\"ListItem\",\"position\":2,\"name\":\"\u00abAlgo diferente\u00bb\"}]},{\"@type\":\"WebSite\",\"@id\":\"https:\/\/laprensacristiana.com\/#website\",\"url\":\"https:\/\/laprensacristiana.com\/\",\"name\":\"La Prensa Cristiana\",\"description\":\"Anunciando Las Buenas Nuevas\",\"potentialAction\":[{\"@type\":\"SearchAction\",\"target\":{\"@type\":\"EntryPoint\",\"urlTemplate\":\"https:\/\/laprensacristiana.com\/?s={search_term_string}\"},\"query-input\":\"required name=search_term_string\"}],\"inLanguage\":\"es\"},{\"@type\":\"Person\",\"@id\":\"https:\/\/laprensacristiana.com\/#\/schema\/person\/3e7d82c6bfd6b1fa67010f8f7cd5256e\",\"name\":\"EDITOR\",\"image\":{\"@type\":\"ImageObject\",\"inLanguage\":\"es\",\"@id\":\"https:\/\/laprensacristiana.com\/#\/schema\/person\/image\/\",\"url\":\"https:\/\/secure.gravatar.com\/avatar\/72069dfb6c13772d9e8381e3638666d2?s=96&d=mm&r=g\",\"contentUrl\":\"https:\/\/secure.gravatar.com\/avatar\/72069dfb6c13772d9e8381e3638666d2?s=96&d=mm&r=g\",\"caption\":\"EDITOR\"},\"url\":\"https:\/\/laprensacristiana.com\/?author=3\"}]}<\/script>\n<!-- \/ Yoast SEO plugin. -->","yoast_head_json":{"title":"\"Algo diferente\" - La Prensa Cristiana","robots":{"index":"index","follow":"follow","max-snippet":"max-snippet:-1","max-image-preview":"max-image-preview:large","max-video-preview":"max-video-preview:-1"},"canonical":"https:\/\/laprensacristiana.com\/?p=2666","og_locale":"es_ES","og_type":"article","og_title":"\"Algo diferente\" - La Prensa Cristiana","og_description":"El joven solista Ricardo Reyes que forma parte del ministerio impacto del cielo (su nombre es con el fin de impactar vidas mediante el mensaje que viene directamente del cielo), est\u00e1 debutando en la m\u00fasica cristiana, en el a\u00f1o 2013 tuvo la oportunidad de cantar con Alex Zurdo, concierto que dio en el pa\u00eds. Para [&hellip;]","og_url":"https:\/\/laprensacristiana.com\/?p=2666","og_site_name":"La Prensa Cristiana","article_published_time":"2017-04-06T18:39:05+00:00","article_modified_time":"2020-07-02T00:54:57+00:00","og_image":[{"width":897,"height":734,"url":"https:\/\/laprensacristiana.com\/wp-content\/uploads\/2017\/04\/RICARDO-REYES.jpg","type":"image\/jpeg"}],"author":"EDITOR","twitter_card":"summary_large_image","twitter_misc":{"Escrito por":"EDITOR","Tiempo de lectura":"1 minuto"},"schema":{"@context":"https:\/\/schema.org","@graph":[{"@type":"WebPage","@id":"https:\/\/laprensacristiana.com\/?p=2666","url":"https:\/\/laprensacristiana.com\/?p=2666","name":"\"Algo diferente\" - La Prensa Cristiana","isPartOf":{"@id":"https:\/\/laprensacristiana.com\/#website"},"datePublished":"2017-04-06T18:39:05+00:00","dateModified":"2020-07-02T00:54:57+00:00","author":{"@id":"https:\/\/laprensacristiana.com\/#\/schema\/person\/3e7d82c6bfd6b1fa67010f8f7cd5256e"},"breadcrumb":{"@id":"https:\/\/laprensacristiana.com\/?p=2666#breadcrumb"},"inLanguage":"es","potentialAction":[{"@type":"ReadAction","target":["https:\/\/laprensacristiana.com\/?p=2666"]}]},{"@type":"BreadcrumbList","@id":"https:\/\/laprensacristiana.com\/?p=2666#breadcrumb","itemListElement":[{"@type":"ListItem","position":1,"name":"Portada","item":"https:\/\/laprensacristiana.com\/"},{"@type":"ListItem","position":2,"name":"\u00abAlgo diferente\u00bb"}]},{"@type":"WebSite","@id":"https:\/\/laprensacristiana.com\/#website","url":"https:\/\/laprensacristiana.com\/","name":"La Prensa Cristiana","description":"Anunciando Las Buenas Nuevas","potentialAction":[{"@type":"SearchAction","target":{"@type":"EntryPoint","urlTemplate":"https:\/\/laprensacristiana.com\/?s={search_term_string}"},"query-input":"required name=search_term_string"}],"inLanguage":"es"},{"@type":"Person","@id":"https:\/\/laprensacristiana.com\/#\/schema\/person\/3e7d82c6bfd6b1fa67010f8f7cd5256e","name":"EDITOR","image":{"@type":"ImageObject","inLanguage":"es","@id":"https:\/\/laprensacristiana.com\/#\/schema\/person\/image\/","url":"https:\/\/secure.gravatar.com\/avatar\/72069dfb6c13772d9e8381e3638666d2?s=96&d=mm&r=g","contentUrl":"https:\/\/secure.gravatar.com\/avatar\/72069dfb6c13772d9e8381e3638666d2?s=96&d=mm&r=g","caption":"EDITOR"},"url":"https:\/\/laprensacristiana.com\/?author=3"}]}},"_links":{"self":[{"href":"https:\/\/laprensacristiana.com\/index.php?rest_route=\/wp\/v2\/posts\/2666"}],"collection":[{"href":"https:\/\/laprensacristiana.com\/index.php?rest_route=\/wp\/v2\/posts"}],"about":[{"href":"https:\/\/laprensacristiana.com\/index.php?rest_route=\/wp\/v2\/types\/post"}],"author":[{"embeddable":true,"href":"https:\/\/laprensacristiana.com\/index.php?rest_route=\/wp\/v2\/users\/3"}],"replies":[{"embeddable":true,"href":"https:\/\/laprensacristiana.com\/index.php?rest_route=%2Fwp%2Fv2%2Fcomments&post=2666"}],"version-history":[{"count":1,"href":"https:\/\/laprensacristiana.com\/index.php?rest_route=\/wp\/v2\/posts\/2666\/revisions"}],"predecessor-version":[{"id":2668,"href":"https:\/\/laprensacristiana.com\/index.php?rest_route=\/wp\/v2\/posts\/2666\/revisions\/2668"}],"wp:featuredmedia":[{"embeddable":true,"href":"https:\/\/laprensacristiana.com\/index.php?rest_route=\/wp\/v2\/media\/2667"}],"wp:attachment":[{"href":"https:\/\/laprensacristiana.com\/index.php?rest_route=%2Fwp%2Fv2%2Fmedia&parent=2666"}],"wp:term":[{"taxonomy":"category","embeddable":true,"href":"https:\/\/laprensacristiana.com\/index.php?rest_route=%2Fwp%2Fv2%2Fcategories&post=2666"},{"taxonomy":"post_tag","embeddable":true,"href":"https:\/\/laprensacristiana.com\/index.php?rest_route=%2Fwp%2Fv2%2Ftags&post=2666"}],"curies":[{"name":"wp","href":"https:\/\/api.w.org\/{rel}","templated":true}]}}