{"id":2669,"date":"2017-04-06T21:26:03","date_gmt":"2017-04-06T21:26:03","guid":{"rendered":"https:\/\/laprensacristiana.com\/?p=2669"},"modified":"2017-04-06T21:28:35","modified_gmt":"2017-04-06T21:28:35","slug":"pandemia-de-la-pobreza","status":"publish","type":"post","link":"https:\/\/laprensacristiana.com\/?p=2669","title":{"rendered":"Pandemia de la pobreza"},"content":{"rendered":"<h4><em>Por :\u00a0Pastor Edgard L\u00f3pez Bertrand jr<\/em><\/h4>\n<p>Pobreza, parece que es el tema que esta en boca de todos los conocedores, la pobreza como tal puede presentarse de diferentes formas o maneras; la pobreza espiritual, material, mental, financiera entre otras. Pobreza es un adjetivo que hace referencia a las personas que carecen de recursos necesarios para satisfacer sus necesidades b\u00e1sicas, tales como alimentos, educaci\u00f3n, salud. En mi opini\u00f3n la pobreza inicia por el lado espiritual, una persona pobre es aquella que carece de un ser Superior, carece de fe, carece de un Salvador; una persona que no tiene a quien correr en sus momentos de fortaleza o debilidad.<\/p>\n<p>Entendamos por pobreza espiritual, la falta de Dios en la vida de todo ser humano, alguien dijo que hay personas tan pobres que todo lo que tienen es dinero, como tambi\u00e9n aquellos que todo lo que tienen es orgullo de sus logros personales; personas vac\u00edas, solitarias, rebeldes, independientes pero esclavizadas por su soberbia y arrogancia. Esa es la pobreza m\u00e1s grande en todo ser humano el revelarse ante ese Dios todo poderoso quien cre\u00f3 los cielos y la tierra, es creer que por medio de sus m\u00e9ritos propios pueden dominar sus luchas internas con el pecado; nadie puede estar separado del amor de Dios y tener victoria en la vida.<\/p>\n<p>Rompe con el ciclo de pobreza en tu vida, reconoce que Jes\u00fas es Dios y que lejos de \u00c9l no encontrar\u00e1s salvaci\u00f3n y perd\u00f3n de pecados; no son tus cualidades personales, no son tus habilidades las que te sacar\u00e1n de la pobreza espiritual, es \u00a1JES\u00daS! y solamente \u00a1JES\u00daS! quien abre la puerta a la abundancia espiritual. No vivas como mendigo cuando puedes sentarte a diario a la mesa del Rey, no le pidas pan al hambre, permite que sea Dios quien salve hoy tu vida de esta tremenda necesidad de comer del pan de vida y de beber el agua de vida que es Cristo, te invito hoy a que rompas el ciclo de la pobreza espiritual que es el origen de toda pobreza.<\/p>\n","protected":false},"excerpt":{"rendered":"<p>Por :\u00a0Pastor Edgard L\u00f3pez Bertrand jr Pobreza, parece que es el tema que esta en boca de todos los conocedores, la pobreza como tal puede presentarse de diferentes formas o maneras; la pobreza espiritual, material, mental, financiera entre otras. Pobreza es un adjetivo que hace referencia a las personas que carecen de recursos necesarios para [&hellip;]<\/p>\n","protected":false},"author":3,"featured_media":1351,"comment_status":"open","ping_status":"open","sticky":false,"template":"","format":"standard","meta":[],"categories":[23],"tags":[],"yoast_head":"<!-- This site is optimized with the Yoast SEO plugin v20.8 - https:\/\/yoast.com\/wordpress\/plugins\/seo\/ -->\n<title>Pandemia de la pobreza - La Prensa Cristiana<\/title>\n<meta name=\"robots\" content=\"index, follow, max-snippet:-1, max-image-preview:large, max-video-preview:-1\" \/>\n<link rel=\"canonical\" href=\"https:\/\/laprensacristiana.com\/?p=2669\" \/>\n<meta property=\"og:locale\" content=\"es_ES\" \/>\n<meta property=\"og:type\" content=\"article\" \/>\n<meta property=\"og:title\" content=\"Pandemia de la pobreza - La Prensa Cristiana\" \/>\n<meta property=\"og:description\" content=\"Por :\u00a0Pastor Edgard L\u00f3pez Bertrand jr Pobreza, parece que es el tema que esta en boca de todos los conocedores, la pobreza como tal puede presentarse de diferentes formas o maneras; la pobreza espiritual, material, mental, financiera entre otras. Pobreza es un adjetivo que hace referencia a las personas que carecen de recursos necesarios para [&hellip;]\" \/>\n<meta property=\"og:url\" content=\"https:\/\/laprensacristiana.com\/?p=2669\" \/>\n<meta property=\"og:site_name\" content=\"La Prensa Cristiana\" \/>\n<meta property=\"article:published_time\" content=\"2017-04-06T21:26:03+00:00\" \/>\n<meta property=\"article:modified_time\" content=\"2017-04-06T21:28:35+00:00\" \/>\n<meta property=\"og:image\" content=\"https:\/\/laprensacristiana.com\/wp-content\/uploads\/2016\/08\/OPINION-PASTOR-TOBY-JR-01-scaled.jpg\" \/>\n\t<meta property=\"og:image:width\" content=\"2560\" \/>\n\t<meta property=\"og:image:height\" content=\"1429\" \/>\n\t<meta property=\"og:image:type\" content=\"image\/jpeg\" \/>\n<meta name=\"author\" content=\"EDITOR\" \/>\n<meta name=\"twitter:card\" content=\"summary_large_image\" \/>\n<meta name=\"twitter:label1\" content=\"Escrito por\" \/>\n\t<meta name=\"twitter:data1\" content=\"EDITOR\" \/>\n\t<meta name=\"twitter:label2\" content=\"Tiempo de lectura\" \/>\n\t<meta name=\"twitter:data2\" content=\"2 minutos\" \/>\n<script type=\"application\/ld+json\" class=\"yoast-schema-graph\">{\"@context\":\"https:\/\/schema.org\",\"@graph\":[{\"@type\":\"WebPage\",\"@id\":\"https:\/\/laprensacristiana.com\/?p=2669\",\"url\":\"https:\/\/laprensacristiana.com\/?p=2669\",\"name\":\"Pandemia de la pobreza - La Prensa Cristiana\",\"isPartOf\":{\"@id\":\"https:\/\/laprensacristiana.com\/#website\"},\"datePublished\":\"2017-04-06T21:26:03+00:00\",\"dateModified\":\"2017-04-06T21:28:35+00:00\",\"author\":{\"@id\":\"https:\/\/laprensacristiana.com\/#\/schema\/person\/3e7d82c6bfd6b1fa67010f8f7cd5256e\"},\"breadcrumb\":{\"@id\":\"https:\/\/laprensacristiana.com\/?p=2669#breadcrumb\"},\"inLanguage\":\"es\",\"potentialAction\":[{\"@type\":\"ReadAction\",\"target\":[\"https:\/\/laprensacristiana.com\/?p=2669\"]}]},{\"@type\":\"BreadcrumbList\",\"@id\":\"https:\/\/laprensacristiana.com\/?p=2669#breadcrumb\",\"itemListElement\":[{\"@type\":\"ListItem\",\"position\":1,\"name\":\"Portada\",\"item\":\"https:\/\/laprensacristiana.com\/\"},{\"@type\":\"ListItem\",\"position\":2,\"name\":\"Pandemia de la pobreza\"}]},{\"@type\":\"WebSite\",\"@id\":\"https:\/\/laprensacristiana.com\/#website\",\"url\":\"https:\/\/laprensacristiana.com\/\",\"name\":\"La Prensa Cristiana\",\"description\":\"Anunciando Las Buenas Nuevas\",\"potentialAction\":[{\"@type\":\"SearchAction\",\"target\":{\"@type\":\"EntryPoint\",\"urlTemplate\":\"https:\/\/laprensacristiana.com\/?s={search_term_string}\"},\"query-input\":\"required name=search_term_string\"}],\"inLanguage\":\"es\"},{\"@type\":\"Person\",\"@id\":\"https:\/\/laprensacristiana.com\/#\/schema\/person\/3e7d82c6bfd6b1fa67010f8f7cd5256e\",\"name\":\"EDITOR\",\"image\":{\"@type\":\"ImageObject\",\"inLanguage\":\"es\",\"@id\":\"https:\/\/laprensacristiana.com\/#\/schema\/person\/image\/\",\"url\":\"https:\/\/secure.gravatar.com\/avatar\/72069dfb6c13772d9e8381e3638666d2?s=96&d=mm&r=g\",\"contentUrl\":\"https:\/\/secure.gravatar.com\/avatar\/72069dfb6c13772d9e8381e3638666d2?s=96&d=mm&r=g\",\"caption\":\"EDITOR\"},\"url\":\"https:\/\/laprensacristiana.com\/?author=3\"}]}<\/script>\n<!-- \/ Yoast SEO plugin. -->","yoast_head_json":{"title":"Pandemia de la pobreza - La Prensa Cristiana","robots":{"index":"index","follow":"follow","max-snippet":"max-snippet:-1","max-image-preview":"max-image-preview:large","max-video-preview":"max-video-preview:-1"},"canonical":"https:\/\/laprensacristiana.com\/?p=2669","og_locale":"es_ES","og_type":"article","og_title":"Pandemia de la pobreza - La Prensa Cristiana","og_description":"Por :\u00a0Pastor Edgard L\u00f3pez Bertrand jr Pobreza, parece que es el tema que esta en boca de todos los conocedores, la pobreza como tal puede presentarse de diferentes formas o maneras; la pobreza espiritual, material, mental, financiera entre otras. Pobreza es un adjetivo que hace referencia a las personas que carecen de recursos necesarios para [&hellip;]","og_url":"https:\/\/laprensacristiana.com\/?p=2669","og_site_name":"La Prensa Cristiana","article_published_time":"2017-04-06T21:26:03+00:00","article_modified_time":"2017-04-06T21:28:35+00:00","og_image":[{"width":2560,"height":1429,"url":"https:\/\/laprensacristiana.com\/wp-content\/uploads\/2016\/08\/OPINION-PASTOR-TOBY-JR-01-scaled.jpg","type":"image\/jpeg"}],"author":"EDITOR","twitter_card":"summary_large_image","twitter_misc":{"Escrito por":"EDITOR","Tiempo de lectura":"2 minutos"},"schema":{"@context":"https:\/\/schema.org","@graph":[{"@type":"WebPage","@id":"https:\/\/laprensacristiana.com\/?p=2669","url":"https:\/\/laprensacristiana.com\/?p=2669","name":"Pandemia de la pobreza - La Prensa Cristiana","isPartOf":{"@id":"https:\/\/laprensacristiana.com\/#website"},"datePublished":"2017-04-06T21:26:03+00:00","dateModified":"2017-04-06T21:28:35+00:00","author":{"@id":"https:\/\/laprensacristiana.com\/#\/schema\/person\/3e7d82c6bfd6b1fa67010f8f7cd5256e"},"breadcrumb":{"@id":"https:\/\/laprensacristiana.com\/?p=2669#breadcrumb"},"inLanguage":"es","potentialAction":[{"@type":"ReadAction","target":["https:\/\/laprensacristiana.com\/?p=2669"]}]},{"@type":"BreadcrumbList","@id":"https:\/\/laprensacristiana.com\/?p=2669#breadcrumb","itemListElement":[{"@type":"ListItem","position":1,"name":"Portada","item":"https:\/\/laprensacristiana.com\/"},{"@type":"ListItem","position":2,"name":"Pandemia de la pobreza"}]},{"@type":"WebSite","@id":"https:\/\/laprensacristiana.com\/#website","url":"https:\/\/laprensacristiana.com\/","name":"La Prensa Cristiana","description":"Anunciando Las Buenas Nuevas","potentialAction":[{"@type":"SearchAction","target":{"@type":"EntryPoint","urlTemplate":"https:\/\/laprensacristiana.com\/?s={search_term_string}"},"query-input":"required name=search_term_string"}],"inLanguage":"es"},{"@type":"Person","@id":"https:\/\/laprensacristiana.com\/#\/schema\/person\/3e7d82c6bfd6b1fa67010f8f7cd5256e","name":"EDITOR","image":{"@type":"ImageObject","inLanguage":"es","@id":"https:\/\/laprensacristiana.com\/#\/schema\/person\/image\/","url":"https:\/\/secure.gravatar.com\/avatar\/72069dfb6c13772d9e8381e3638666d2?s=96&d=mm&r=g","contentUrl":"https:\/\/secure.gravatar.com\/avatar\/72069dfb6c13772d9e8381e3638666d2?s=96&d=mm&r=g","caption":"EDITOR"},"url":"https:\/\/laprensacristiana.com\/?author=3"}]}},"_links":{"self":[{"href":"https:\/\/laprensacristiana.com\/index.php?rest_route=\/wp\/v2\/posts\/2669"}],"collection":[{"href":"https:\/\/laprensacristiana.com\/index.php?rest_route=\/wp\/v2\/posts"}],"about":[{"href":"https:\/\/laprensacristiana.com\/index.php?rest_route=\/wp\/v2\/types\/post"}],"author":[{"embeddable":true,"href":"https:\/\/laprensacristiana.com\/index.php?rest_route=\/wp\/v2\/users\/3"}],"replies":[{"embeddable":true,"href":"https:\/\/laprensacristiana.com\/index.php?rest_route=%2Fwp%2Fv2%2Fcomments&post=2669"}],"version-history":[{"count":2,"href":"https:\/\/laprensacristiana.com\/index.php?rest_route=\/wp\/v2\/posts\/2669\/revisions"}],"predecessor-version":[{"id":2671,"href":"https:\/\/laprensacristiana.com\/index.php?rest_route=\/wp\/v2\/posts\/2669\/revisions\/2671"}],"wp:featuredmedia":[{"embeddable":true,"href":"https:\/\/laprensacristiana.com\/index.php?rest_route=\/wp\/v2\/media\/1351"}],"wp:attachment":[{"href":"https:\/\/laprensacristiana.com\/index.php?rest_route=%2Fwp%2Fv2%2Fmedia&parent=2669"}],"wp:term":[{"taxonomy":"category","embeddable":true,"href":"https:\/\/laprensacristiana.com\/index.php?rest_route=%2Fwp%2Fv2%2Fcategories&post=2669"},{"taxonomy":"post_tag","embeddable":true,"href":"https:\/\/laprensacristiana.com\/index.php?rest_route=%2Fwp%2Fv2%2Ftags&post=2669"}],"curies":[{"name":"wp","href":"https:\/\/api.w.org\/{rel}","templated":true}]}}