{"id":2680,"date":"2017-04-07T01:26:47","date_gmt":"2017-04-07T01:26:47","guid":{"rendered":"https:\/\/laprensacristiana.com\/?p=2680"},"modified":"2020-07-02T00:54:06","modified_gmt":"2020-07-02T00:54:06","slug":"vive-al-maximo","status":"publish","type":"post","link":"https:\/\/laprensacristiana.com\/?p=2680","title":{"rendered":"\u00abVive al m\u00e1ximo\u00bb"},"content":{"rendered":"<h3 style=\"line-height: 19.5pt; margin: 0cm 0cm 19.5pt 0cm;\">Los solistas de or\u00edgenes puertorrique\u00f1os, unen sus voces para deleitar a sus seguidores.<\/h3>\n<p style=\"line-height: 19.5pt; font-variant-ligatures: normal; font-variant-caps: normal; orphans: 2; text-align: start; widows: 2; -webkit-text-stroke-width: 0px; word-spacing: 0px; margin: 0cm 0cm 19.5pt 0cm;\"><span style=\"font-size: 11.5pt; font-family: 'Verdana','sans-serif'; color: #222222;\">El cantautor Benjam\u00edn Rivera junto al cantante de m\u00fasica cristiana urbana Alex Zurdo, anunciaron por medio de sus redes sociales ayer una canci\u00f3n llamada \u00abVive al m\u00e1ximo\u00bb.<\/span><\/p>\n<p style=\"line-height: 19.5pt; font-variant-ligatures: normal; font-variant-caps: normal; orphans: 2; text-align: start; widows: 2; -webkit-text-stroke-width: 0px; word-spacing: 0px; margin: 0cm 0cm 19.5pt 0cm;\"><span style=\"font-size: 11.5pt; font-family: 'Verdana','sans-serif'; color: #222222;\">Esta canci\u00f3n habla que la vida es un regalo del cielo, y que por ello se debe vivir m\u00e1s, para esto es importante alcanzar las metas y sue\u00f1os trazados. Adem\u00e1s, de puntualizar que vivir al m\u00e1ximo es estar libre de p\u00e1nico y vivir al m\u00e1ximo con Dios. Con estas letras, los cantantes pretenden que sea un \u00e1nimo y una bendici\u00f3n para quienes gusten escucharla.\u00a0<\/span><\/p>\n","protected":false},"excerpt":{"rendered":"<p>Los solistas de or\u00edgenes puertorrique\u00f1os, unen sus voces para deleitar a sus seguidores. El cantautor Benjam\u00edn Rivera junto al cantante de m\u00fasica cristiana urbana Alex Zurdo, anunciaron por medio de sus redes sociales ayer una canci\u00f3n llamada \u00abVive al m\u00e1ximo\u00bb. Esta canci\u00f3n habla que la vida es un regalo del cielo, y que por ello [&hellip;]<\/p>\n","protected":false},"author":3,"featured_media":2678,"comment_status":"open","ping_status":"open","sticky":false,"template":"","format":"standard","meta":[],"categories":[101],"tags":[],"yoast_head":"<!-- This site is optimized with the Yoast SEO plugin v20.8 - https:\/\/yoast.com\/wordpress\/plugins\/seo\/ -->\n<title>&quot;Vive al m\u00e1ximo&quot; - La Prensa Cristiana<\/title>\n<meta name=\"robots\" content=\"index, follow, max-snippet:-1, max-image-preview:large, max-video-preview:-1\" \/>\n<link rel=\"canonical\" href=\"https:\/\/laprensacristiana.com\/?p=2680\" \/>\n<meta property=\"og:locale\" content=\"es_ES\" \/>\n<meta property=\"og:type\" content=\"article\" \/>\n<meta property=\"og:title\" content=\"&quot;Vive al m\u00e1ximo&quot; - La Prensa Cristiana\" \/>\n<meta property=\"og:description\" content=\"Los solistas de or\u00edgenes puertorrique\u00f1os, unen sus voces para deleitar a sus seguidores. El cantautor Benjam\u00edn Rivera junto al cantante de m\u00fasica cristiana urbana Alex Zurdo, anunciaron por medio de sus redes sociales ayer una canci\u00f3n llamada \u00abVive al m\u00e1ximo\u00bb. Esta canci\u00f3n habla que la vida es un regalo del cielo, y que por ello [&hellip;]\" \/>\n<meta property=\"og:url\" content=\"https:\/\/laprensacristiana.com\/?p=2680\" \/>\n<meta property=\"og:site_name\" content=\"La Prensa Cristiana\" \/>\n<meta property=\"article:published_time\" content=\"2017-04-07T01:26:47+00:00\" \/>\n<meta property=\"article:modified_time\" content=\"2020-07-02T00:54:06+00:00\" \/>\n<meta property=\"og:image\" content=\"https:\/\/laprensacristiana.com\/wp-content\/uploads\/2017\/04\/BRYAZ.jpg\" \/>\n\t<meta property=\"og:image:width\" content=\"897\" \/>\n\t<meta property=\"og:image:height\" content=\"734\" \/>\n\t<meta property=\"og:image:type\" content=\"image\/jpeg\" \/>\n<meta name=\"author\" content=\"EDITOR\" \/>\n<meta name=\"twitter:card\" content=\"summary_large_image\" \/>\n<meta name=\"twitter:label1\" content=\"Escrito por\" \/>\n\t<meta name=\"twitter:data1\" content=\"EDITOR\" \/>\n\t<meta name=\"twitter:label2\" content=\"Tiempo de lectura\" \/>\n\t<meta name=\"twitter:data2\" content=\"1 minuto\" \/>\n<script type=\"application\/ld+json\" class=\"yoast-schema-graph\">{\"@context\":\"https:\/\/schema.org\",\"@graph\":[{\"@type\":\"WebPage\",\"@id\":\"https:\/\/laprensacristiana.com\/?p=2680\",\"url\":\"https:\/\/laprensacristiana.com\/?p=2680\",\"name\":\"\\\"Vive al m\u00e1ximo\\\" - La Prensa Cristiana\",\"isPartOf\":{\"@id\":\"https:\/\/laprensacristiana.com\/#website\"},\"datePublished\":\"2017-04-07T01:26:47+00:00\",\"dateModified\":\"2020-07-02T00:54:06+00:00\",\"author\":{\"@id\":\"https:\/\/laprensacristiana.com\/#\/schema\/person\/3e7d82c6bfd6b1fa67010f8f7cd5256e\"},\"breadcrumb\":{\"@id\":\"https:\/\/laprensacristiana.com\/?p=2680#breadcrumb\"},\"inLanguage\":\"es\",\"potentialAction\":[{\"@type\":\"ReadAction\",\"target\":[\"https:\/\/laprensacristiana.com\/?p=2680\"]}]},{\"@type\":\"BreadcrumbList\",\"@id\":\"https:\/\/laprensacristiana.com\/?p=2680#breadcrumb\",\"itemListElement\":[{\"@type\":\"ListItem\",\"position\":1,\"name\":\"Portada\",\"item\":\"https:\/\/laprensacristiana.com\/\"},{\"@type\":\"ListItem\",\"position\":2,\"name\":\"\u00abVive al m\u00e1ximo\u00bb\"}]},{\"@type\":\"WebSite\",\"@id\":\"https:\/\/laprensacristiana.com\/#website\",\"url\":\"https:\/\/laprensacristiana.com\/\",\"name\":\"La Prensa Cristiana\",\"description\":\"Anunciando Las Buenas Nuevas\",\"potentialAction\":[{\"@type\":\"SearchAction\",\"target\":{\"@type\":\"EntryPoint\",\"urlTemplate\":\"https:\/\/laprensacristiana.com\/?s={search_term_string}\"},\"query-input\":\"required name=search_term_string\"}],\"inLanguage\":\"es\"},{\"@type\":\"Person\",\"@id\":\"https:\/\/laprensacristiana.com\/#\/schema\/person\/3e7d82c6bfd6b1fa67010f8f7cd5256e\",\"name\":\"EDITOR\",\"image\":{\"@type\":\"ImageObject\",\"inLanguage\":\"es\",\"@id\":\"https:\/\/laprensacristiana.com\/#\/schema\/person\/image\/\",\"url\":\"https:\/\/secure.gravatar.com\/avatar\/72069dfb6c13772d9e8381e3638666d2?s=96&d=mm&r=g\",\"contentUrl\":\"https:\/\/secure.gravatar.com\/avatar\/72069dfb6c13772d9e8381e3638666d2?s=96&d=mm&r=g\",\"caption\":\"EDITOR\"},\"url\":\"https:\/\/laprensacristiana.com\/?author=3\"}]}<\/script>\n<!-- \/ Yoast SEO plugin. -->","yoast_head_json":{"title":"\"Vive al m\u00e1ximo\" - La Prensa Cristiana","robots":{"index":"index","follow":"follow","max-snippet":"max-snippet:-1","max-image-preview":"max-image-preview:large","max-video-preview":"max-video-preview:-1"},"canonical":"https:\/\/laprensacristiana.com\/?p=2680","og_locale":"es_ES","og_type":"article","og_title":"\"Vive al m\u00e1ximo\" - La Prensa Cristiana","og_description":"Los solistas de or\u00edgenes puertorrique\u00f1os, unen sus voces para deleitar a sus seguidores. El cantautor Benjam\u00edn Rivera junto al cantante de m\u00fasica cristiana urbana Alex Zurdo, anunciaron por medio de sus redes sociales ayer una canci\u00f3n llamada \u00abVive al m\u00e1ximo\u00bb. Esta canci\u00f3n habla que la vida es un regalo del cielo, y que por ello [&hellip;]","og_url":"https:\/\/laprensacristiana.com\/?p=2680","og_site_name":"La Prensa Cristiana","article_published_time":"2017-04-07T01:26:47+00:00","article_modified_time":"2020-07-02T00:54:06+00:00","og_image":[{"width":897,"height":734,"url":"https:\/\/laprensacristiana.com\/wp-content\/uploads\/2017\/04\/BRYAZ.jpg","type":"image\/jpeg"}],"author":"EDITOR","twitter_card":"summary_large_image","twitter_misc":{"Escrito por":"EDITOR","Tiempo de lectura":"1 minuto"},"schema":{"@context":"https:\/\/schema.org","@graph":[{"@type":"WebPage","@id":"https:\/\/laprensacristiana.com\/?p=2680","url":"https:\/\/laprensacristiana.com\/?p=2680","name":"\"Vive al m\u00e1ximo\" - La Prensa Cristiana","isPartOf":{"@id":"https:\/\/laprensacristiana.com\/#website"},"datePublished":"2017-04-07T01:26:47+00:00","dateModified":"2020-07-02T00:54:06+00:00","author":{"@id":"https:\/\/laprensacristiana.com\/#\/schema\/person\/3e7d82c6bfd6b1fa67010f8f7cd5256e"},"breadcrumb":{"@id":"https:\/\/laprensacristiana.com\/?p=2680#breadcrumb"},"inLanguage":"es","potentialAction":[{"@type":"ReadAction","target":["https:\/\/laprensacristiana.com\/?p=2680"]}]},{"@type":"BreadcrumbList","@id":"https:\/\/laprensacristiana.com\/?p=2680#breadcrumb","itemListElement":[{"@type":"ListItem","position":1,"name":"Portada","item":"https:\/\/laprensacristiana.com\/"},{"@type":"ListItem","position":2,"name":"\u00abVive al m\u00e1ximo\u00bb"}]},{"@type":"WebSite","@id":"https:\/\/laprensacristiana.com\/#website","url":"https:\/\/laprensacristiana.com\/","name":"La Prensa Cristiana","description":"Anunciando Las Buenas Nuevas","potentialAction":[{"@type":"SearchAction","target":{"@type":"EntryPoint","urlTemplate":"https:\/\/laprensacristiana.com\/?s={search_term_string}"},"query-input":"required name=search_term_string"}],"inLanguage":"es"},{"@type":"Person","@id":"https:\/\/laprensacristiana.com\/#\/schema\/person\/3e7d82c6bfd6b1fa67010f8f7cd5256e","name":"EDITOR","image":{"@type":"ImageObject","inLanguage":"es","@id":"https:\/\/laprensacristiana.com\/#\/schema\/person\/image\/","url":"https:\/\/secure.gravatar.com\/avatar\/72069dfb6c13772d9e8381e3638666d2?s=96&d=mm&r=g","contentUrl":"https:\/\/secure.gravatar.com\/avatar\/72069dfb6c13772d9e8381e3638666d2?s=96&d=mm&r=g","caption":"EDITOR"},"url":"https:\/\/laprensacristiana.com\/?author=3"}]}},"_links":{"self":[{"href":"https:\/\/laprensacristiana.com\/index.php?rest_route=\/wp\/v2\/posts\/2680"}],"collection":[{"href":"https:\/\/laprensacristiana.com\/index.php?rest_route=\/wp\/v2\/posts"}],"about":[{"href":"https:\/\/laprensacristiana.com\/index.php?rest_route=\/wp\/v2\/types\/post"}],"author":[{"embeddable":true,"href":"https:\/\/laprensacristiana.com\/index.php?rest_route=\/wp\/v2\/users\/3"}],"replies":[{"embeddable":true,"href":"https:\/\/laprensacristiana.com\/index.php?rest_route=%2Fwp%2Fv2%2Fcomments&post=2680"}],"version-history":[{"count":2,"href":"https:\/\/laprensacristiana.com\/index.php?rest_route=\/wp\/v2\/posts\/2680\/revisions"}],"predecessor-version":[{"id":2682,"href":"https:\/\/laprensacristiana.com\/index.php?rest_route=\/wp\/v2\/posts\/2680\/revisions\/2682"}],"wp:featuredmedia":[{"embeddable":true,"href":"https:\/\/laprensacristiana.com\/index.php?rest_route=\/wp\/v2\/media\/2678"}],"wp:attachment":[{"href":"https:\/\/laprensacristiana.com\/index.php?rest_route=%2Fwp%2Fv2%2Fmedia&parent=2680"}],"wp:term":[{"taxonomy":"category","embeddable":true,"href":"https:\/\/laprensacristiana.com\/index.php?rest_route=%2Fwp%2Fv2%2Fcategories&post=2680"},{"taxonomy":"post_tag","embeddable":true,"href":"https:\/\/laprensacristiana.com\/index.php?rest_route=%2Fwp%2Fv2%2Ftags&post=2680"}],"curies":[{"name":"wp","href":"https:\/\/api.w.org\/{rel}","templated":true}]}}