{"id":2683,"date":"2017-04-07T21:34:29","date_gmt":"2017-04-07T21:34:29","guid":{"rendered":"https:\/\/laprensacristiana.com\/?p=2683"},"modified":"2020-07-02T00:53:53","modified_gmt":"2020-07-02T00:53:53","slug":"de-fuerza-y-poder","status":"publish","type":"post","link":"https:\/\/laprensacristiana.com\/?p=2683","title":{"rendered":"De fuerza y poder"},"content":{"rendered":"<p>Para el viernes 21 de abril est\u00e1 programado un evento al aire libre de parte de los Ministerios Hope y Oasis, dicha actividad reunir\u00e1 a un grupo de hombres estadounidenses dedicados a romper objetos pesados solamente con sus brazos.<\/p>\n<p>La actividad dar\u00e1 lugar en la famosa \u201cConcha ac\u00fastica\u201d, en las instalaciones de la Universidad Nacional de El Salvador. El evento consiste en realizar un espect\u00e1culo en donde los hombres de gran fuerza siendo cristianos, hagan demostraciones de sus habilidades, y as\u00ed captar la atenci\u00f3n del p\u00fablico, para luego predicarles, ya que ellos con el tiempo aceptaron a Cristo.<img decoding=\"async\" loading=\"lazy\" class=\"size-medium wp-image-2685 alignleft\" src=\"https:\/\/laprensacristiana.com\/wp-content\/uploads\/2017\/04\/WhatsApp-Image-2017-04-06-at-17.14.47-194x300.jpeg\" alt=\"AFICHE\" width=\"194\" height=\"300\" srcset=\"https:\/\/laprensacristiana.com\/wp-content\/uploads\/2017\/04\/WhatsApp-Image-2017-04-06-at-17.14.47-194x300.jpeg 194w, https:\/\/laprensacristiana.com\/wp-content\/uploads\/2017\/04\/WhatsApp-Image-2017-04-06-at-17.14.47-600x927.jpeg 600w, https:\/\/laprensacristiana.com\/wp-content\/uploads\/2017\/04\/WhatsApp-Image-2017-04-06-at-17.14.47-768x1187.jpeg 768w, https:\/\/laprensacristiana.com\/wp-content\/uploads\/2017\/04\/WhatsApp-Image-2017-04-06-at-17.14.47-663x1024.jpeg 663w, https:\/\/laprensacristiana.com\/wp-content\/uploads\/2017\/04\/WhatsApp-Image-2017-04-06-at-17.14.47-696x1076.jpeg 696w, https:\/\/laprensacristiana.com\/wp-content\/uploads\/2017\/04\/WhatsApp-Image-2017-04-06-at-17.14.47-272x420.jpeg 272w, https:\/\/laprensacristiana.com\/wp-content\/uploads\/2017\/04\/WhatsApp-Image-2017-04-06-at-17.14.47.jpeg 825w\" sizes=\"(max-width: 194px) 100vw, 194px\" \/><\/p>\n<p>Para ese d\u00eda, habr\u00e1 sorpresas, entre ellas personas invitadas y la presencia de las autoridades de la instituci\u00f3n. El objetivo de llevarse a cabo es transmitir un mensaje evangel\u00edstico a los j\u00f3venes. Adem\u00e1s, la actividad no tiene costo alguno.<\/p>\n<p>&nbsp;<\/p>\n","protected":false},"excerpt":{"rendered":"<p>Para el viernes 21 de abril est\u00e1 programado un evento al aire libre de parte de los Ministerios Hope y Oasis, dicha actividad reunir\u00e1 a un grupo de hombres estadounidenses dedicados a romper objetos pesados solamente con sus brazos. La actividad dar\u00e1 lugar en la famosa \u201cConcha ac\u00fastica\u201d, en las instalaciones de la Universidad Nacional [&hellip;]<\/p>\n","protected":false},"author":3,"featured_media":2684,"comment_status":"open","ping_status":"open","sticky":false,"template":"","format":"standard","meta":[],"categories":[36],"tags":[],"yoast_head":"<!-- This site is optimized with the Yoast SEO plugin v20.8 - https:\/\/yoast.com\/wordpress\/plugins\/seo\/ -->\n<title>De fuerza y poder - La Prensa Cristiana<\/title>\n<meta name=\"robots\" content=\"index, follow, max-snippet:-1, max-image-preview:large, max-video-preview:-1\" \/>\n<link rel=\"canonical\" href=\"https:\/\/laprensacristiana.com\/?p=2683\" \/>\n<meta property=\"og:locale\" content=\"es_ES\" \/>\n<meta property=\"og:type\" content=\"article\" \/>\n<meta property=\"og:title\" content=\"De fuerza y poder - La Prensa Cristiana\" \/>\n<meta property=\"og:description\" content=\"Para el viernes 21 de abril est\u00e1 programado un evento al aire libre de parte de los Ministerios Hope y Oasis, dicha actividad reunir\u00e1 a un grupo de hombres estadounidenses dedicados a romper objetos pesados solamente con sus brazos. La actividad dar\u00e1 lugar en la famosa \u201cConcha ac\u00fastica\u201d, en las instalaciones de la Universidad Nacional [&hellip;]\" \/>\n<meta property=\"og:url\" content=\"https:\/\/laprensacristiana.com\/?p=2683\" \/>\n<meta property=\"og:site_name\" content=\"La Prensa Cristiana\" \/>\n<meta property=\"article:published_time\" content=\"2017-04-07T21:34:29+00:00\" \/>\n<meta property=\"article:modified_time\" content=\"2020-07-02T00:53:53+00:00\" \/>\n<meta property=\"og:image\" content=\"https:\/\/laprensacristiana.com\/wp-content\/uploads\/2017\/04\/FUERZA-Y-PODER.jpg\" \/>\n\t<meta property=\"og:image:width\" content=\"897\" \/>\n\t<meta property=\"og:image:height\" content=\"734\" \/>\n\t<meta property=\"og:image:type\" content=\"image\/jpeg\" \/>\n<meta name=\"author\" content=\"EDITOR\" \/>\n<meta name=\"twitter:card\" content=\"summary_large_image\" \/>\n<meta name=\"twitter:label1\" content=\"Escrito por\" \/>\n\t<meta name=\"twitter:data1\" content=\"EDITOR\" \/>\n\t<meta name=\"twitter:label2\" content=\"Tiempo de lectura\" \/>\n\t<meta name=\"twitter:data2\" content=\"1 minuto\" \/>\n<script type=\"application\/ld+json\" class=\"yoast-schema-graph\">{\"@context\":\"https:\/\/schema.org\",\"@graph\":[{\"@type\":\"WebPage\",\"@id\":\"https:\/\/laprensacristiana.com\/?p=2683\",\"url\":\"https:\/\/laprensacristiana.com\/?p=2683\",\"name\":\"De fuerza y poder - La Prensa Cristiana\",\"isPartOf\":{\"@id\":\"https:\/\/laprensacristiana.com\/#website\"},\"datePublished\":\"2017-04-07T21:34:29+00:00\",\"dateModified\":\"2020-07-02T00:53:53+00:00\",\"author\":{\"@id\":\"https:\/\/laprensacristiana.com\/#\/schema\/person\/3e7d82c6bfd6b1fa67010f8f7cd5256e\"},\"breadcrumb\":{\"@id\":\"https:\/\/laprensacristiana.com\/?p=2683#breadcrumb\"},\"inLanguage\":\"es\",\"potentialAction\":[{\"@type\":\"ReadAction\",\"target\":[\"https:\/\/laprensacristiana.com\/?p=2683\"]}]},{\"@type\":\"BreadcrumbList\",\"@id\":\"https:\/\/laprensacristiana.com\/?p=2683#breadcrumb\",\"itemListElement\":[{\"@type\":\"ListItem\",\"position\":1,\"name\":\"Portada\",\"item\":\"https:\/\/laprensacristiana.com\/\"},{\"@type\":\"ListItem\",\"position\":2,\"name\":\"De fuerza y poder\"}]},{\"@type\":\"WebSite\",\"@id\":\"https:\/\/laprensacristiana.com\/#website\",\"url\":\"https:\/\/laprensacristiana.com\/\",\"name\":\"La Prensa Cristiana\",\"description\":\"Anunciando Las Buenas Nuevas\",\"potentialAction\":[{\"@type\":\"SearchAction\",\"target\":{\"@type\":\"EntryPoint\",\"urlTemplate\":\"https:\/\/laprensacristiana.com\/?s={search_term_string}\"},\"query-input\":\"required name=search_term_string\"}],\"inLanguage\":\"es\"},{\"@type\":\"Person\",\"@id\":\"https:\/\/laprensacristiana.com\/#\/schema\/person\/3e7d82c6bfd6b1fa67010f8f7cd5256e\",\"name\":\"EDITOR\",\"image\":{\"@type\":\"ImageObject\",\"inLanguage\":\"es\",\"@id\":\"https:\/\/laprensacristiana.com\/#\/schema\/person\/image\/\",\"url\":\"https:\/\/secure.gravatar.com\/avatar\/72069dfb6c13772d9e8381e3638666d2?s=96&d=mm&r=g\",\"contentUrl\":\"https:\/\/secure.gravatar.com\/avatar\/72069dfb6c13772d9e8381e3638666d2?s=96&d=mm&r=g\",\"caption\":\"EDITOR\"},\"url\":\"https:\/\/laprensacristiana.com\/?author=3\"}]}<\/script>\n<!-- \/ Yoast SEO plugin. -->","yoast_head_json":{"title":"De fuerza y poder - La Prensa Cristiana","robots":{"index":"index","follow":"follow","max-snippet":"max-snippet:-1","max-image-preview":"max-image-preview:large","max-video-preview":"max-video-preview:-1"},"canonical":"https:\/\/laprensacristiana.com\/?p=2683","og_locale":"es_ES","og_type":"article","og_title":"De fuerza y poder - La Prensa Cristiana","og_description":"Para el viernes 21 de abril est\u00e1 programado un evento al aire libre de parte de los Ministerios Hope y Oasis, dicha actividad reunir\u00e1 a un grupo de hombres estadounidenses dedicados a romper objetos pesados solamente con sus brazos. La actividad dar\u00e1 lugar en la famosa \u201cConcha ac\u00fastica\u201d, en las instalaciones de la Universidad Nacional [&hellip;]","og_url":"https:\/\/laprensacristiana.com\/?p=2683","og_site_name":"La Prensa Cristiana","article_published_time":"2017-04-07T21:34:29+00:00","article_modified_time":"2020-07-02T00:53:53+00:00","og_image":[{"width":897,"height":734,"url":"https:\/\/laprensacristiana.com\/wp-content\/uploads\/2017\/04\/FUERZA-Y-PODER.jpg","type":"image\/jpeg"}],"author":"EDITOR","twitter_card":"summary_large_image","twitter_misc":{"Escrito por":"EDITOR","Tiempo de lectura":"1 minuto"},"schema":{"@context":"https:\/\/schema.org","@graph":[{"@type":"WebPage","@id":"https:\/\/laprensacristiana.com\/?p=2683","url":"https:\/\/laprensacristiana.com\/?p=2683","name":"De fuerza y poder - La Prensa Cristiana","isPartOf":{"@id":"https:\/\/laprensacristiana.com\/#website"},"datePublished":"2017-04-07T21:34:29+00:00","dateModified":"2020-07-02T00:53:53+00:00","author":{"@id":"https:\/\/laprensacristiana.com\/#\/schema\/person\/3e7d82c6bfd6b1fa67010f8f7cd5256e"},"breadcrumb":{"@id":"https:\/\/laprensacristiana.com\/?p=2683#breadcrumb"},"inLanguage":"es","potentialAction":[{"@type":"ReadAction","target":["https:\/\/laprensacristiana.com\/?p=2683"]}]},{"@type":"BreadcrumbList","@id":"https:\/\/laprensacristiana.com\/?p=2683#breadcrumb","itemListElement":[{"@type":"ListItem","position":1,"name":"Portada","item":"https:\/\/laprensacristiana.com\/"},{"@type":"ListItem","position":2,"name":"De fuerza y poder"}]},{"@type":"WebSite","@id":"https:\/\/laprensacristiana.com\/#website","url":"https:\/\/laprensacristiana.com\/","name":"La Prensa Cristiana","description":"Anunciando Las Buenas Nuevas","potentialAction":[{"@type":"SearchAction","target":{"@type":"EntryPoint","urlTemplate":"https:\/\/laprensacristiana.com\/?s={search_term_string}"},"query-input":"required name=search_term_string"}],"inLanguage":"es"},{"@type":"Person","@id":"https:\/\/laprensacristiana.com\/#\/schema\/person\/3e7d82c6bfd6b1fa67010f8f7cd5256e","name":"EDITOR","image":{"@type":"ImageObject","inLanguage":"es","@id":"https:\/\/laprensacristiana.com\/#\/schema\/person\/image\/","url":"https:\/\/secure.gravatar.com\/avatar\/72069dfb6c13772d9e8381e3638666d2?s=96&d=mm&r=g","contentUrl":"https:\/\/secure.gravatar.com\/avatar\/72069dfb6c13772d9e8381e3638666d2?s=96&d=mm&r=g","caption":"EDITOR"},"url":"https:\/\/laprensacristiana.com\/?author=3"}]}},"_links":{"self":[{"href":"https:\/\/laprensacristiana.com\/index.php?rest_route=\/wp\/v2\/posts\/2683"}],"collection":[{"href":"https:\/\/laprensacristiana.com\/index.php?rest_route=\/wp\/v2\/posts"}],"about":[{"href":"https:\/\/laprensacristiana.com\/index.php?rest_route=\/wp\/v2\/types\/post"}],"author":[{"embeddable":true,"href":"https:\/\/laprensacristiana.com\/index.php?rest_route=\/wp\/v2\/users\/3"}],"replies":[{"embeddable":true,"href":"https:\/\/laprensacristiana.com\/index.php?rest_route=%2Fwp%2Fv2%2Fcomments&post=2683"}],"version-history":[{"count":3,"href":"https:\/\/laprensacristiana.com\/index.php?rest_route=\/wp\/v2\/posts\/2683\/revisions"}],"predecessor-version":[{"id":2688,"href":"https:\/\/laprensacristiana.com\/index.php?rest_route=\/wp\/v2\/posts\/2683\/revisions\/2688"}],"wp:featuredmedia":[{"embeddable":true,"href":"https:\/\/laprensacristiana.com\/index.php?rest_route=\/wp\/v2\/media\/2684"}],"wp:attachment":[{"href":"https:\/\/laprensacristiana.com\/index.php?rest_route=%2Fwp%2Fv2%2Fmedia&parent=2683"}],"wp:term":[{"taxonomy":"category","embeddable":true,"href":"https:\/\/laprensacristiana.com\/index.php?rest_route=%2Fwp%2Fv2%2Fcategories&post=2683"},{"taxonomy":"post_tag","embeddable":true,"href":"https:\/\/laprensacristiana.com\/index.php?rest_route=%2Fwp%2Fv2%2Ftags&post=2683"}],"curies":[{"name":"wp","href":"https:\/\/api.w.org\/{rel}","templated":true}]}}