{"id":2707,"date":"2017-04-17T21:25:21","date_gmt":"2017-04-17T21:25:21","guid":{"rendered":"https:\/\/laprensacristiana.com\/?p=2707"},"modified":"2020-07-02T00:53:11","modified_gmt":"2020-07-02T00:53:11","slug":"proclaman-a-dios-como-su-unico-salvador","status":"publish","type":"post","link":"https:\/\/laprensacristiana.com\/?p=2707","title":{"rendered":"Proclaman a Dios como su \u00fanico salvador"},"content":{"rendered":"<p>El pasado s\u00e1bado, se realiz\u00f3 el congreso denominado \u201cPentecost\u00e9s Hoy 2017&#8243; en las instalaciones del Centro de Ferias y Convenciones CIFCO de parte de diversas congregaciones evang\u00e9licas.<\/p>\n<p>El objetivo de llevar acab\u00f3 dicho evento, fue hacerle ver a las personas que el \u00fanico que puede salvar y levantar a El Salvador es Dios, como cristianos creen firmemente que solo la oraci\u00f3n y la rendici\u00f3n hacia el Se\u00f1or es el camino id\u00f3neo para que la violencia y la maldad que resguarda al pa\u00eds, desaparezca.<\/p>\n<p><img decoding=\"async\" loading=\"lazy\" class=\"aligncenter wp-image-2712 size-medium\" src=\"https:\/\/laprensacristiana.com\/wp-content\/uploads\/2017\/04\/PH1-300x199.jpg\" alt=\"\" width=\"300\" height=\"199\" srcset=\"https:\/\/laprensacristiana.com\/wp-content\/uploads\/2017\/04\/PH1-300x199.jpg 300w, https:\/\/laprensacristiana.com\/wp-content\/uploads\/2017\/04\/PH1-600x399.jpg 600w, https:\/\/laprensacristiana.com\/wp-content\/uploads\/2017\/04\/PH1-768x510.jpg 768w, https:\/\/laprensacristiana.com\/wp-content\/uploads\/2017\/04\/PH1-696x463.jpg 696w, https:\/\/laprensacristiana.com\/wp-content\/uploads\/2017\/04\/PH1-632x420.jpg 632w, https:\/\/laprensacristiana.com\/wp-content\/uploads\/2017\/04\/PH1.jpg 1023w\" sizes=\"(max-width: 300px) 100vw, 300px\" \/><\/p>\n<p>En el transcurso de la actividad se presentaron l\u00edderes que ministraban con su palabra y de igual forma l\u00edderes que lo hicieron desde su experiencia como adoradores, como el caso del salmista Ricardo Quinteros, quien expres\u00f3 lo siguiente: <strong><em>\u00abDebemos de transicionar, porque muchas veces nos quedamos con lo t\u00e9cnico y no pasamos a la parte m\u00e1s importante \u201clo espiritual\u201d. Cuando Dios hablo de adoradores, dijo que es una cuesti\u00f3n de esp\u00edritu, sin mascara y sin falsedad. Este evento permiti\u00f3 tocar temas que son claves, buscar tiempos de transformaci\u00f3n, no solo de m\u00fasica. El que est\u00e1 mal con Dios se vuelve a \u00e9l\u00bb.<\/em><\/strong><\/p>\n<figure id=\"attachment_2709\" aria-describedby=\"caption-attachment-2709\" style=\"width: 194px\" class=\"wp-caption alignright\"><img decoding=\"async\" loading=\"lazy\" class=\"size-full wp-image-2709\" src=\"https:\/\/laprensacristiana.com\/wp-content\/uploads\/2017\/04\/PH5.png\" alt=\"Alberto Picariello, pastor de la Iglesia Huellas de Unci\u00f3n. \" width=\"194\" height=\"186\" \/><figcaption id=\"caption-attachment-2709\" class=\"wp-caption-text\">Alberto Picariello, pastor de la Iglesia Huellas de Unci\u00f3n.<\/figcaption><\/figure>\n<p>El pastor general de la iglesia Huellas de Unci\u00f3n Alberto Picariello, quien fue parte de la organizaci\u00f3n, dijo: <strong><em>\u00abImpactar la atm\u00f3sfera espiritual a trav\u00e9s de la alabanza y oraci\u00f3n. Desde que el congreso naci\u00f3 no era para la iglesia sino, como un congreso para la naci\u00f3n. Representa una obra de parte de Dios y estar satisfechos al saber que estamos haciendo lo correcto\u00bb.<\/em><\/strong><\/p>\n<p>Para el pastor Picariello, ha sido un respaldo de parte de Dios el hecho que el congreso ha crecido pues este se convirti\u00f3 en el tercer congreso que se organiza desde el 2015, y que paso de ser un momento donde solo se reun\u00eda un reducido n\u00famero de pastores y ahora son m\u00e1s los que creen en el poder de una oraci\u00f3n. <strong><em>\u00abLa iglesia de Cristo es la respuesta para esta naci\u00f3n, para esta tierra, no hay un salvador aparte que Jesucristo, somos la iglesia responsable de hacerlo. As\u00ed que levant\u00e9monos, cre\u00e1mosle al Se\u00f1or y clam\u00e9mosle para que las cosas cambien\u00bb<\/em><\/strong>. A\u00f1adi\u00f3.<\/p>\n<figure id=\"attachment_2710\" aria-describedby=\"caption-attachment-2710\" style=\"width: 194px\" class=\"wp-caption alignleft\"><img decoding=\"async\" loading=\"lazy\" class=\"size-full wp-image-2710\" src=\"https:\/\/laprensacristiana.com\/wp-content\/uploads\/2017\/04\/PH4.png\" alt=\"Pastor Cesar Gonz\u00e1lez. \" width=\"194\" height=\"186\" \/><figcaption id=\"caption-attachment-2710\" class=\"wp-caption-text\">Pastor Cesar Gonz\u00e1lez.<\/figcaption><\/figure>\n<p>Fueron cientos de personas que asistieron a la actividad, y que de forma unida clamaron por un pa\u00eds mejor, para que sea Dios quien restaure a la naci\u00f3n de todo el peligro que a diario se registra. El pastor, Cesar Gonz\u00e1lez, dijo: <strong><em>\u00abHemos visto dos temas que han sido edificantes. Dios quiere volver a restaurar eso que se hab\u00eda perdido en un tiempo determinado\u00bb.<\/em><\/strong><\/p>\n<p>Para muchos de los pastores que se dieron cita ese d\u00eda, el evento represent\u00f3 una gran ense\u00f1anza para su iglesia, tal es el caso del pastor y doctor Josu\u00e9 Anaya, quien comparti\u00f3 palabras diciendo que para \u00e9l fue un momento excelente, menciona que logr\u00f3 sentir la presencia del Se\u00f1or. Y esto le sirvi\u00f3 para llevar un mejor instrumento de la palabra de Dios a su congregaci\u00f3n<\/p>\n<p>Tanto j\u00f3venes como adultos acudieron a esta reuni\u00f3n, en donde adem\u00e1s de escuchar la palabra de Dios que estaba hablando a sus vidas, pudieron disfrutar de puntos art\u00edsticos.<\/p>\n<p>La pastora Lorena Jacqueline Veliz, manifest\u00f3 su entusiasmo por el congreso mencionando unas palabras: <strong><em>\u00abNos hace reflexionar, nos hace entender lo que el Se\u00f1or desea hacer. Esto es una forma de ense\u00f1arle al pueblo de la gran responsabilidad que se tiene al tener una forma de vida que hace nadar en santidad\u00bb.\u00a0<\/em><\/strong><\/p>\n<p><img decoding=\"async\" loading=\"lazy\" class=\"size-medium wp-image-2713 aligncenter\" src=\"https:\/\/laprensacristiana.com\/wp-content\/uploads\/2017\/04\/PH3-300x264.jpg\" alt=\"SONY DSC\" width=\"300\" height=\"264\" srcset=\"https:\/\/laprensacristiana.com\/wp-content\/uploads\/2017\/04\/PH3-300x264.jpg 300w, https:\/\/laprensacristiana.com\/wp-content\/uploads\/2017\/04\/PH3-600x528.jpg 600w, https:\/\/laprensacristiana.com\/wp-content\/uploads\/2017\/04\/PH3-768x676.jpg 768w, https:\/\/laprensacristiana.com\/wp-content\/uploads\/2017\/04\/PH3-696x612.jpg 696w, https:\/\/laprensacristiana.com\/wp-content\/uploads\/2017\/04\/PH3-477x420.jpg 477w, https:\/\/laprensacristiana.com\/wp-content\/uploads\/2017\/04\/PH3.jpg 883w\" sizes=\"(max-width: 300px) 100vw, 300px\" \/><\/p>\n","protected":false},"excerpt":{"rendered":"<p>El pasado s\u00e1bado, se realiz\u00f3 el congreso denominado \u201cPentecost\u00e9s Hoy 2017&#8243; en las instalaciones del Centro de Ferias y Convenciones CIFCO de parte de diversas congregaciones evang\u00e9licas. El objetivo de llevar acab\u00f3 dicho evento, fue hacerle ver a las personas que el \u00fanico que puede salvar y levantar a El Salvador es Dios, como cristianos [&hellip;]<\/p>\n","protected":false},"author":3,"featured_media":2708,"comment_status":"open","ping_status":"open","sticky":false,"template":"","format":"standard","meta":[],"categories":[56],"tags":[],"yoast_head":"<!-- This site is optimized with the Yoast SEO plugin v20.8 - https:\/\/yoast.com\/wordpress\/plugins\/seo\/ -->\n<title>Proclaman a Dios como su \u00fanico salvador - La Prensa Cristiana<\/title>\n<meta name=\"robots\" content=\"index, follow, max-snippet:-1, max-image-preview:large, max-video-preview:-1\" \/>\n<link rel=\"canonical\" href=\"https:\/\/laprensacristiana.com\/?p=2707\" \/>\n<meta property=\"og:locale\" content=\"es_ES\" \/>\n<meta property=\"og:type\" content=\"article\" \/>\n<meta property=\"og:title\" content=\"Proclaman a Dios como su \u00fanico salvador - La Prensa Cristiana\" \/>\n<meta property=\"og:description\" content=\"El pasado s\u00e1bado, se realiz\u00f3 el congreso denominado \u201cPentecost\u00e9s Hoy 2017&#8243; en las instalaciones del Centro de Ferias y Convenciones CIFCO de parte de diversas congregaciones evang\u00e9licas. El objetivo de llevar acab\u00f3 dicho evento, fue hacerle ver a las personas que el \u00fanico que puede salvar y levantar a El Salvador es Dios, como cristianos [&hellip;]\" \/>\n<meta property=\"og:url\" content=\"https:\/\/laprensacristiana.com\/?p=2707\" \/>\n<meta property=\"og:site_name\" content=\"La Prensa Cristiana\" \/>\n<meta property=\"article:published_time\" content=\"2017-04-17T21:25:21+00:00\" \/>\n<meta property=\"article:modified_time\" content=\"2020-07-02T00:53:11+00:00\" \/>\n<meta property=\"og:image\" content=\"https:\/\/laprensacristiana.com\/wp-content\/uploads\/2017\/04\/PHP.jpg\" \/>\n\t<meta property=\"og:image:width\" content=\"1153\" \/>\n\t<meta property=\"og:image:height\" content=\"601\" \/>\n\t<meta property=\"og:image:type\" content=\"image\/jpeg\" \/>\n<meta name=\"author\" content=\"EDITOR\" \/>\n<meta name=\"twitter:card\" content=\"summary_large_image\" \/>\n<meta name=\"twitter:label1\" content=\"Escrito por\" \/>\n\t<meta name=\"twitter:data1\" content=\"EDITOR\" \/>\n\t<meta name=\"twitter:label2\" content=\"Tiempo de lectura\" \/>\n\t<meta name=\"twitter:data2\" content=\"3 minutos\" \/>\n<script type=\"application\/ld+json\" class=\"yoast-schema-graph\">{\"@context\":\"https:\/\/schema.org\",\"@graph\":[{\"@type\":\"WebPage\",\"@id\":\"https:\/\/laprensacristiana.com\/?p=2707\",\"url\":\"https:\/\/laprensacristiana.com\/?p=2707\",\"name\":\"Proclaman a Dios como su \u00fanico salvador - La Prensa Cristiana\",\"isPartOf\":{\"@id\":\"https:\/\/laprensacristiana.com\/#website\"},\"datePublished\":\"2017-04-17T21:25:21+00:00\",\"dateModified\":\"2020-07-02T00:53:11+00:00\",\"author\":{\"@id\":\"https:\/\/laprensacristiana.com\/#\/schema\/person\/3e7d82c6bfd6b1fa67010f8f7cd5256e\"},\"breadcrumb\":{\"@id\":\"https:\/\/laprensacristiana.com\/?p=2707#breadcrumb\"},\"inLanguage\":\"es\",\"potentialAction\":[{\"@type\":\"ReadAction\",\"target\":[\"https:\/\/laprensacristiana.com\/?p=2707\"]}]},{\"@type\":\"BreadcrumbList\",\"@id\":\"https:\/\/laprensacristiana.com\/?p=2707#breadcrumb\",\"itemListElement\":[{\"@type\":\"ListItem\",\"position\":1,\"name\":\"Portada\",\"item\":\"https:\/\/laprensacristiana.com\/\"},{\"@type\":\"ListItem\",\"position\":2,\"name\":\"Proclaman a Dios como su \u00fanico salvador\"}]},{\"@type\":\"WebSite\",\"@id\":\"https:\/\/laprensacristiana.com\/#website\",\"url\":\"https:\/\/laprensacristiana.com\/\",\"name\":\"La Prensa Cristiana\",\"description\":\"Anunciando Las Buenas Nuevas\",\"potentialAction\":[{\"@type\":\"SearchAction\",\"target\":{\"@type\":\"EntryPoint\",\"urlTemplate\":\"https:\/\/laprensacristiana.com\/?s={search_term_string}\"},\"query-input\":\"required name=search_term_string\"}],\"inLanguage\":\"es\"},{\"@type\":\"Person\",\"@id\":\"https:\/\/laprensacristiana.com\/#\/schema\/person\/3e7d82c6bfd6b1fa67010f8f7cd5256e\",\"name\":\"EDITOR\",\"image\":{\"@type\":\"ImageObject\",\"inLanguage\":\"es\",\"@id\":\"https:\/\/laprensacristiana.com\/#\/schema\/person\/image\/\",\"url\":\"https:\/\/secure.gravatar.com\/avatar\/72069dfb6c13772d9e8381e3638666d2?s=96&d=mm&r=g\",\"contentUrl\":\"https:\/\/secure.gravatar.com\/avatar\/72069dfb6c13772d9e8381e3638666d2?s=96&d=mm&r=g\",\"caption\":\"EDITOR\"},\"url\":\"https:\/\/laprensacristiana.com\/?author=3\"}]}<\/script>\n<!-- \/ Yoast SEO plugin. -->","yoast_head_json":{"title":"Proclaman a Dios como su \u00fanico salvador - La Prensa Cristiana","robots":{"index":"index","follow":"follow","max-snippet":"max-snippet:-1","max-image-preview":"max-image-preview:large","max-video-preview":"max-video-preview:-1"},"canonical":"https:\/\/laprensacristiana.com\/?p=2707","og_locale":"es_ES","og_type":"article","og_title":"Proclaman a Dios como su \u00fanico salvador - La Prensa Cristiana","og_description":"El pasado s\u00e1bado, se realiz\u00f3 el congreso denominado \u201cPentecost\u00e9s Hoy 2017&#8243; en las instalaciones del Centro de Ferias y Convenciones CIFCO de parte de diversas congregaciones evang\u00e9licas. El objetivo de llevar acab\u00f3 dicho evento, fue hacerle ver a las personas que el \u00fanico que puede salvar y levantar a El Salvador es Dios, como cristianos [&hellip;]","og_url":"https:\/\/laprensacristiana.com\/?p=2707","og_site_name":"La Prensa Cristiana","article_published_time":"2017-04-17T21:25:21+00:00","article_modified_time":"2020-07-02T00:53:11+00:00","og_image":[{"width":1153,"height":601,"url":"https:\/\/laprensacristiana.com\/wp-content\/uploads\/2017\/04\/PHP.jpg","type":"image\/jpeg"}],"author":"EDITOR","twitter_card":"summary_large_image","twitter_misc":{"Escrito por":"EDITOR","Tiempo de lectura":"3 minutos"},"schema":{"@context":"https:\/\/schema.org","@graph":[{"@type":"WebPage","@id":"https:\/\/laprensacristiana.com\/?p=2707","url":"https:\/\/laprensacristiana.com\/?p=2707","name":"Proclaman a Dios como su \u00fanico salvador - La Prensa Cristiana","isPartOf":{"@id":"https:\/\/laprensacristiana.com\/#website"},"datePublished":"2017-04-17T21:25:21+00:00","dateModified":"2020-07-02T00:53:11+00:00","author":{"@id":"https:\/\/laprensacristiana.com\/#\/schema\/person\/3e7d82c6bfd6b1fa67010f8f7cd5256e"},"breadcrumb":{"@id":"https:\/\/laprensacristiana.com\/?p=2707#breadcrumb"},"inLanguage":"es","potentialAction":[{"@type":"ReadAction","target":["https:\/\/laprensacristiana.com\/?p=2707"]}]},{"@type":"BreadcrumbList","@id":"https:\/\/laprensacristiana.com\/?p=2707#breadcrumb","itemListElement":[{"@type":"ListItem","position":1,"name":"Portada","item":"https:\/\/laprensacristiana.com\/"},{"@type":"ListItem","position":2,"name":"Proclaman a Dios como su \u00fanico salvador"}]},{"@type":"WebSite","@id":"https:\/\/laprensacristiana.com\/#website","url":"https:\/\/laprensacristiana.com\/","name":"La Prensa Cristiana","description":"Anunciando Las Buenas Nuevas","potentialAction":[{"@type":"SearchAction","target":{"@type":"EntryPoint","urlTemplate":"https:\/\/laprensacristiana.com\/?s={search_term_string}"},"query-input":"required name=search_term_string"}],"inLanguage":"es"},{"@type":"Person","@id":"https:\/\/laprensacristiana.com\/#\/schema\/person\/3e7d82c6bfd6b1fa67010f8f7cd5256e","name":"EDITOR","image":{"@type":"ImageObject","inLanguage":"es","@id":"https:\/\/laprensacristiana.com\/#\/schema\/person\/image\/","url":"https:\/\/secure.gravatar.com\/avatar\/72069dfb6c13772d9e8381e3638666d2?s=96&d=mm&r=g","contentUrl":"https:\/\/secure.gravatar.com\/avatar\/72069dfb6c13772d9e8381e3638666d2?s=96&d=mm&r=g","caption":"EDITOR"},"url":"https:\/\/laprensacristiana.com\/?author=3"}]}},"_links":{"self":[{"href":"https:\/\/laprensacristiana.com\/index.php?rest_route=\/wp\/v2\/posts\/2707"}],"collection":[{"href":"https:\/\/laprensacristiana.com\/index.php?rest_route=\/wp\/v2\/posts"}],"about":[{"href":"https:\/\/laprensacristiana.com\/index.php?rest_route=\/wp\/v2\/types\/post"}],"author":[{"embeddable":true,"href":"https:\/\/laprensacristiana.com\/index.php?rest_route=\/wp\/v2\/users\/3"}],"replies":[{"embeddable":true,"href":"https:\/\/laprensacristiana.com\/index.php?rest_route=%2Fwp%2Fv2%2Fcomments&post=2707"}],"version-history":[{"count":2,"href":"https:\/\/laprensacristiana.com\/index.php?rest_route=\/wp\/v2\/posts\/2707\/revisions"}],"predecessor-version":[{"id":2715,"href":"https:\/\/laprensacristiana.com\/index.php?rest_route=\/wp\/v2\/posts\/2707\/revisions\/2715"}],"wp:featuredmedia":[{"embeddable":true,"href":"https:\/\/laprensacristiana.com\/index.php?rest_route=\/wp\/v2\/media\/2708"}],"wp:attachment":[{"href":"https:\/\/laprensacristiana.com\/index.php?rest_route=%2Fwp%2Fv2%2Fmedia&parent=2707"}],"wp:term":[{"taxonomy":"category","embeddable":true,"href":"https:\/\/laprensacristiana.com\/index.php?rest_route=%2Fwp%2Fv2%2Fcategories&post=2707"},{"taxonomy":"post_tag","embeddable":true,"href":"https:\/\/laprensacristiana.com\/index.php?rest_route=%2Fwp%2Fv2%2Ftags&post=2707"}],"curies":[{"name":"wp","href":"https:\/\/api.w.org\/{rel}","templated":true}]}}