{"id":2718,"date":"2017-04-18T20:17:47","date_gmt":"2017-04-18T20:17:47","guid":{"rendered":"https:\/\/laprensacristiana.com\/?p=2718"},"modified":"2020-07-02T00:52:44","modified_gmt":"2020-07-02T00:52:44","slug":"la-luz","status":"publish","type":"post","link":"https:\/\/laprensacristiana.com\/?p=2718","title":{"rendered":"\u00abLa Luz\u00bb"},"content":{"rendered":"<h2>La banda salvadore\u00f1a desde que anunciaba su material nuevo, sus seguidores empezaron a deleitarse con su m\u00fasica.<\/h2>\n<p>Hace apenas unos d\u00edas, la banda cristiana de m\u00fasica reggae Lion, lanz\u00f3 su nuevo v\u00eddeo bajo el nombre <strong><em>\u00abLa Luz\u00bb<\/em><\/strong>, anunci\u00e1ndolo con mucho entusiasmo por medio de sus redes sociales. Y esta, siendo una de las canciones que formar\u00e1 parte de su nueva producci\u00f3n que se titular\u00e1 \u00abPureza\u00bb.<\/p>\n<p>Lo nuevo de esta banda, se est\u00e1 lanzando antes de su esperado tour por el pa\u00eds sudamericano Argentina, que est\u00e1 programado para el mes de mayo.<\/p>\n<p>La banda de orgullo salvadore\u00f1o, que desde el 2005 est\u00e1 impactando a j\u00f3venes y adultos con su \u00fanico estilo musical, solo pretenden llevar el mensaje de Dios a quienes escuchen sus letras. Y este nuevo material no ser\u00e1 la excepci\u00f3n; pues la inspiraci\u00f3n de \u00abLa Luz\u00bb significa la luz del mundo que es Jes\u00fas, quien se sacrific\u00f3 en una cruz por todos nosotros.<\/p>\n<p>Compartimos el v\u00eddeo:<\/p>\n<p><iframe loading=\"lazy\" title=\"LA LUZ - LION RFC - OFICIAL\" width=\"696\" height=\"392\" src=\"https:\/\/www.youtube.com\/embed\/ruT_MyHvbJ4?feature=oembed\" frameborder=\"0\" allow=\"accelerometer; autoplay; encrypted-media; gyroscope; picture-in-picture\" allowfullscreen><\/iframe><\/p>\n<p>&nbsp;<\/p>\n<p>&nbsp;<\/p>\n<p>&nbsp;<\/p>\n","protected":false},"excerpt":{"rendered":"<p>La banda salvadore\u00f1a desde que anunciaba su material nuevo, sus seguidores empezaron a deleitarse con su m\u00fasica. Hace apenas unos d\u00edas, la banda cristiana de m\u00fasica reggae Lion, lanz\u00f3 su nuevo v\u00eddeo bajo el nombre \u00abLa Luz\u00bb, anunci\u00e1ndolo con mucho entusiasmo por medio de sus redes sociales. Y esta, siendo una de las canciones que [&hellip;]<\/p>\n","protected":false},"author":3,"featured_media":2719,"comment_status":"open","ping_status":"open","sticky":false,"template":"","format":"standard","meta":[],"categories":[36],"tags":[],"yoast_head":"<!-- This site is optimized with the Yoast SEO plugin v20.8 - https:\/\/yoast.com\/wordpress\/plugins\/seo\/ -->\n<title>&quot;La Luz&quot; - La Prensa Cristiana<\/title>\n<meta name=\"robots\" content=\"index, follow, max-snippet:-1, max-image-preview:large, max-video-preview:-1\" \/>\n<link rel=\"canonical\" href=\"https:\/\/laprensacristiana.com\/?p=2718\" \/>\n<meta property=\"og:locale\" content=\"es_ES\" \/>\n<meta property=\"og:type\" content=\"article\" \/>\n<meta property=\"og:title\" content=\"&quot;La Luz&quot; - La Prensa Cristiana\" \/>\n<meta property=\"og:description\" content=\"La banda salvadore\u00f1a desde que anunciaba su material nuevo, sus seguidores empezaron a deleitarse con su m\u00fasica. Hace apenas unos d\u00edas, la banda cristiana de m\u00fasica reggae Lion, lanz\u00f3 su nuevo v\u00eddeo bajo el nombre \u00abLa Luz\u00bb, anunci\u00e1ndolo con mucho entusiasmo por medio de sus redes sociales. Y esta, siendo una de las canciones que [&hellip;]\" \/>\n<meta property=\"og:url\" content=\"https:\/\/laprensacristiana.com\/?p=2718\" \/>\n<meta property=\"og:site_name\" content=\"La Prensa Cristiana\" \/>\n<meta property=\"article:published_time\" content=\"2017-04-18T20:17:47+00:00\" \/>\n<meta property=\"article:modified_time\" content=\"2020-07-02T00:52:44+00:00\" \/>\n<meta property=\"og:image\" content=\"https:\/\/laprensacristiana.com\/wp-content\/uploads\/2017\/04\/LA-LUZ.jpg\" \/>\n\t<meta property=\"og:image:width\" content=\"827\" \/>\n\t<meta property=\"og:image:height\" content=\"827\" \/>\n\t<meta property=\"og:image:type\" content=\"image\/jpeg\" \/>\n<meta name=\"author\" content=\"EDITOR\" \/>\n<meta name=\"twitter:card\" content=\"summary_large_image\" \/>\n<meta name=\"twitter:label1\" content=\"Escrito por\" \/>\n\t<meta name=\"twitter:data1\" content=\"EDITOR\" \/>\n\t<meta name=\"twitter:label2\" content=\"Tiempo de lectura\" \/>\n\t<meta name=\"twitter:data2\" content=\"1 minuto\" \/>\n<script type=\"application\/ld+json\" class=\"yoast-schema-graph\">{\"@context\":\"https:\/\/schema.org\",\"@graph\":[{\"@type\":\"WebPage\",\"@id\":\"https:\/\/laprensacristiana.com\/?p=2718\",\"url\":\"https:\/\/laprensacristiana.com\/?p=2718\",\"name\":\"\\\"La Luz\\\" - La Prensa Cristiana\",\"isPartOf\":{\"@id\":\"https:\/\/laprensacristiana.com\/#website\"},\"datePublished\":\"2017-04-18T20:17:47+00:00\",\"dateModified\":\"2020-07-02T00:52:44+00:00\",\"author\":{\"@id\":\"https:\/\/laprensacristiana.com\/#\/schema\/person\/3e7d82c6bfd6b1fa67010f8f7cd5256e\"},\"breadcrumb\":{\"@id\":\"https:\/\/laprensacristiana.com\/?p=2718#breadcrumb\"},\"inLanguage\":\"es\",\"potentialAction\":[{\"@type\":\"ReadAction\",\"target\":[\"https:\/\/laprensacristiana.com\/?p=2718\"]}]},{\"@type\":\"BreadcrumbList\",\"@id\":\"https:\/\/laprensacristiana.com\/?p=2718#breadcrumb\",\"itemListElement\":[{\"@type\":\"ListItem\",\"position\":1,\"name\":\"Portada\",\"item\":\"https:\/\/laprensacristiana.com\/\"},{\"@type\":\"ListItem\",\"position\":2,\"name\":\"\u00abLa Luz\u00bb\"}]},{\"@type\":\"WebSite\",\"@id\":\"https:\/\/laprensacristiana.com\/#website\",\"url\":\"https:\/\/laprensacristiana.com\/\",\"name\":\"La Prensa Cristiana\",\"description\":\"Anunciando Las Buenas Nuevas\",\"potentialAction\":[{\"@type\":\"SearchAction\",\"target\":{\"@type\":\"EntryPoint\",\"urlTemplate\":\"https:\/\/laprensacristiana.com\/?s={search_term_string}\"},\"query-input\":\"required name=search_term_string\"}],\"inLanguage\":\"es\"},{\"@type\":\"Person\",\"@id\":\"https:\/\/laprensacristiana.com\/#\/schema\/person\/3e7d82c6bfd6b1fa67010f8f7cd5256e\",\"name\":\"EDITOR\",\"image\":{\"@type\":\"ImageObject\",\"inLanguage\":\"es\",\"@id\":\"https:\/\/laprensacristiana.com\/#\/schema\/person\/image\/\",\"url\":\"https:\/\/secure.gravatar.com\/avatar\/72069dfb6c13772d9e8381e3638666d2?s=96&d=mm&r=g\",\"contentUrl\":\"https:\/\/secure.gravatar.com\/avatar\/72069dfb6c13772d9e8381e3638666d2?s=96&d=mm&r=g\",\"caption\":\"EDITOR\"},\"url\":\"https:\/\/laprensacristiana.com\/?author=3\"}]}<\/script>\n<!-- \/ Yoast SEO plugin. -->","yoast_head_json":{"title":"\"La Luz\" - La Prensa Cristiana","robots":{"index":"index","follow":"follow","max-snippet":"max-snippet:-1","max-image-preview":"max-image-preview:large","max-video-preview":"max-video-preview:-1"},"canonical":"https:\/\/laprensacristiana.com\/?p=2718","og_locale":"es_ES","og_type":"article","og_title":"\"La Luz\" - La Prensa Cristiana","og_description":"La banda salvadore\u00f1a desde que anunciaba su material nuevo, sus seguidores empezaron a deleitarse con su m\u00fasica. Hace apenas unos d\u00edas, la banda cristiana de m\u00fasica reggae Lion, lanz\u00f3 su nuevo v\u00eddeo bajo el nombre \u00abLa Luz\u00bb, anunci\u00e1ndolo con mucho entusiasmo por medio de sus redes sociales. Y esta, siendo una de las canciones que [&hellip;]","og_url":"https:\/\/laprensacristiana.com\/?p=2718","og_site_name":"La Prensa Cristiana","article_published_time":"2017-04-18T20:17:47+00:00","article_modified_time":"2020-07-02T00:52:44+00:00","og_image":[{"width":827,"height":827,"url":"https:\/\/laprensacristiana.com\/wp-content\/uploads\/2017\/04\/LA-LUZ.jpg","type":"image\/jpeg"}],"author":"EDITOR","twitter_card":"summary_large_image","twitter_misc":{"Escrito por":"EDITOR","Tiempo de lectura":"1 minuto"},"schema":{"@context":"https:\/\/schema.org","@graph":[{"@type":"WebPage","@id":"https:\/\/laprensacristiana.com\/?p=2718","url":"https:\/\/laprensacristiana.com\/?p=2718","name":"\"La Luz\" - La Prensa Cristiana","isPartOf":{"@id":"https:\/\/laprensacristiana.com\/#website"},"datePublished":"2017-04-18T20:17:47+00:00","dateModified":"2020-07-02T00:52:44+00:00","author":{"@id":"https:\/\/laprensacristiana.com\/#\/schema\/person\/3e7d82c6bfd6b1fa67010f8f7cd5256e"},"breadcrumb":{"@id":"https:\/\/laprensacristiana.com\/?p=2718#breadcrumb"},"inLanguage":"es","potentialAction":[{"@type":"ReadAction","target":["https:\/\/laprensacristiana.com\/?p=2718"]}]},{"@type":"BreadcrumbList","@id":"https:\/\/laprensacristiana.com\/?p=2718#breadcrumb","itemListElement":[{"@type":"ListItem","position":1,"name":"Portada","item":"https:\/\/laprensacristiana.com\/"},{"@type":"ListItem","position":2,"name":"\u00abLa Luz\u00bb"}]},{"@type":"WebSite","@id":"https:\/\/laprensacristiana.com\/#website","url":"https:\/\/laprensacristiana.com\/","name":"La Prensa Cristiana","description":"Anunciando Las Buenas Nuevas","potentialAction":[{"@type":"SearchAction","target":{"@type":"EntryPoint","urlTemplate":"https:\/\/laprensacristiana.com\/?s={search_term_string}"},"query-input":"required name=search_term_string"}],"inLanguage":"es"},{"@type":"Person","@id":"https:\/\/laprensacristiana.com\/#\/schema\/person\/3e7d82c6bfd6b1fa67010f8f7cd5256e","name":"EDITOR","image":{"@type":"ImageObject","inLanguage":"es","@id":"https:\/\/laprensacristiana.com\/#\/schema\/person\/image\/","url":"https:\/\/secure.gravatar.com\/avatar\/72069dfb6c13772d9e8381e3638666d2?s=96&d=mm&r=g","contentUrl":"https:\/\/secure.gravatar.com\/avatar\/72069dfb6c13772d9e8381e3638666d2?s=96&d=mm&r=g","caption":"EDITOR"},"url":"https:\/\/laprensacristiana.com\/?author=3"}]}},"_links":{"self":[{"href":"https:\/\/laprensacristiana.com\/index.php?rest_route=\/wp\/v2\/posts\/2718"}],"collection":[{"href":"https:\/\/laprensacristiana.com\/index.php?rest_route=\/wp\/v2\/posts"}],"about":[{"href":"https:\/\/laprensacristiana.com\/index.php?rest_route=\/wp\/v2\/types\/post"}],"author":[{"embeddable":true,"href":"https:\/\/laprensacristiana.com\/index.php?rest_route=\/wp\/v2\/users\/3"}],"replies":[{"embeddable":true,"href":"https:\/\/laprensacristiana.com\/index.php?rest_route=%2Fwp%2Fv2%2Fcomments&post=2718"}],"version-history":[{"count":5,"href":"https:\/\/laprensacristiana.com\/index.php?rest_route=\/wp\/v2\/posts\/2718\/revisions"}],"predecessor-version":[{"id":2724,"href":"https:\/\/laprensacristiana.com\/index.php?rest_route=\/wp\/v2\/posts\/2718\/revisions\/2724"}],"wp:featuredmedia":[{"embeddable":true,"href":"https:\/\/laprensacristiana.com\/index.php?rest_route=\/wp\/v2\/media\/2719"}],"wp:attachment":[{"href":"https:\/\/laprensacristiana.com\/index.php?rest_route=%2Fwp%2Fv2%2Fmedia&parent=2718"}],"wp:term":[{"taxonomy":"category","embeddable":true,"href":"https:\/\/laprensacristiana.com\/index.php?rest_route=%2Fwp%2Fv2%2Fcategories&post=2718"},{"taxonomy":"post_tag","embeddable":true,"href":"https:\/\/laprensacristiana.com\/index.php?rest_route=%2Fwp%2Fv2%2Ftags&post=2718"}],"curies":[{"name":"wp","href":"https:\/\/api.w.org\/{rel}","templated":true}]}}