{"id":2738,"date":"2017-04-21T02:54:50","date_gmt":"2017-04-21T02:54:50","guid":{"rendered":"https:\/\/laprensacristiana.com\/?p=2738"},"modified":"2020-07-02T00:52:13","modified_gmt":"2020-07-02T00:52:13","slug":"defienden-la-vida-alzando-su-voz","status":"publish","type":"post","link":"https:\/\/laprensacristiana.com\/?p=2738","title":{"rendered":"Defienden la vida alzando su voz"},"content":{"rendered":"<h3>Debido a la necesidad que existe que en El Salvador haya un respeto hacia la vida humana, los valores y la familia, organizaciones unen su voz a un solo llamado.<\/h3>\n<p><em><strong>\u00abEsc\u00fachanos SV\u00bb<\/strong><\/em> De esta forma se hace llamar la campa\u00f1a implementada por la iglesia evang\u00e9lica, asociaciones provida, medios de comunicaci\u00f3n y otras organizaciones. Este movimiento pretende alzar la voz hacia los diputados de la Asamblea Legislativa que conforman la comisi\u00f3n de Puntos Constitucionales, expresando sus preocupaciones ante el proyecto de ley que propone despenalizar el aborto.<\/p>\n<p><a href=\"https:\/\/www.facebook.com\/escuchanossv\/?fref=ts\">Esc\u00fachanos SV<\/a>, respalda su iniciativa poniendo en claro las m\u00faltiples razones por las que se oponen a que el aborto sea permitido en el pa\u00eds. Entre ellas, subrayan que no se trata de un simple hecho como lo quieren hacer ver, sino un asesinato, un atropello a la vida del ser humano y que irrumpe en la creaci\u00f3n genuina hecha por Dios.<\/p>\n<p>As\u00ed mismo, solicitan a la comisi\u00f3n que honren y velen por los derechos fundamentales de la sociedad, guardando sus m\u00e1ximos ideales (paz, vida, familia y bien com\u00fan).<\/p>\n<p>Esta campa\u00f1a se ha desglosado en tres objetivos o partes:<\/p>\n<p>Primero, llamar la atenci\u00f3n de los diputados, con las diversas piezas presentadas hacia la comisi\u00f3n; segundo, unir a los salvadore\u00f1os provida, m\u00e1s de 20 instituciones de diferentes \u00edndole est\u00e1n apoyando la campa\u00f1a, cada uno defendiendo la vida; y el tercero alzando la voz, hoy en punto de las 8:00 p.m. la campa\u00f1a lanz\u00f3 un v\u00eddeo que hacen llegar a los diputados, en donde muestran la carta que expone las preocupaciones que aquejan a la poblaci\u00f3n en cuanto la legalizaci\u00f3n del aborto.<\/p>\n<p>&nbsp;<\/p>\n<figure id=\"attachment_2739\" aria-describedby=\"caption-attachment-2739\" style=\"width: 285px\" class=\"wp-caption aligncenter\"><img decoding=\"async\" loading=\"lazy\" class=\" wp-image-2739\" src=\"https:\/\/laprensacristiana.com\/wp-content\/uploads\/2017\/04\/ESCUCHANOS-SV-232x300.jpg\" alt=\"Documento hacia los miembros de la Comisi\u00f3n de Puntos Constitucionales de la Asamblea Legislativa. \" width=\"285\" height=\"393\" \/><figcaption id=\"caption-attachment-2739\" class=\"wp-caption-text\">Documento hacia los miembros de la Comisi\u00f3n de Puntos Constitucionales de la Asamblea Legislativa.<\/figcaption><\/figure>\n","protected":false},"excerpt":{"rendered":"<p>Debido a la necesidad que existe que en El Salvador haya un respeto hacia la vida humana, los valores y la familia, organizaciones unen su voz a un solo llamado. \u00abEsc\u00fachanos SV\u00bb De esta forma se hace llamar la campa\u00f1a implementada por la iglesia evang\u00e9lica, asociaciones provida, medios de comunicaci\u00f3n y otras organizaciones. Este movimiento [&hellip;]<\/p>\n","protected":false},"author":3,"featured_media":2740,"comment_status":"open","ping_status":"open","sticky":false,"template":"","format":"standard","meta":[],"categories":[56],"tags":[],"yoast_head":"<!-- This site is optimized with the Yoast SEO plugin v20.8 - https:\/\/yoast.com\/wordpress\/plugins\/seo\/ -->\n<title>Defienden la vida alzando su voz - La Prensa Cristiana<\/title>\n<meta name=\"robots\" content=\"index, follow, max-snippet:-1, max-image-preview:large, max-video-preview:-1\" \/>\n<link rel=\"canonical\" href=\"https:\/\/laprensacristiana.com\/?p=2738\" \/>\n<meta property=\"og:locale\" content=\"es_ES\" \/>\n<meta property=\"og:type\" content=\"article\" \/>\n<meta property=\"og:title\" content=\"Defienden la vida alzando su voz - La Prensa Cristiana\" \/>\n<meta property=\"og:description\" content=\"Debido a la necesidad que existe que en El Salvador haya un respeto hacia la vida humana, los valores y la familia, organizaciones unen su voz a un solo llamado. \u00abEsc\u00fachanos SV\u00bb De esta forma se hace llamar la campa\u00f1a implementada por la iglesia evang\u00e9lica, asociaciones provida, medios de comunicaci\u00f3n y otras organizaciones. Este movimiento [&hellip;]\" \/>\n<meta property=\"og:url\" content=\"https:\/\/laprensacristiana.com\/?p=2738\" \/>\n<meta property=\"og:site_name\" content=\"La Prensa Cristiana\" \/>\n<meta property=\"article:published_time\" content=\"2017-04-21T02:54:50+00:00\" \/>\n<meta property=\"article:modified_time\" content=\"2020-07-02T00:52:13+00:00\" \/>\n<meta property=\"og:image\" content=\"https:\/\/laprensacristiana.com\/wp-content\/uploads\/2017\/04\/ESCUCHANOS-SV-1.png\" \/>\n\t<meta property=\"og:image:width\" content=\"850\" \/>\n\t<meta property=\"og:image:height\" content=\"850\" \/>\n\t<meta property=\"og:image:type\" content=\"image\/png\" \/>\n<meta name=\"author\" content=\"EDITOR\" \/>\n<meta name=\"twitter:card\" content=\"summary_large_image\" \/>\n<meta name=\"twitter:label1\" content=\"Escrito por\" \/>\n\t<meta name=\"twitter:data1\" content=\"EDITOR\" \/>\n\t<meta name=\"twitter:label2\" content=\"Tiempo de lectura\" \/>\n\t<meta name=\"twitter:data2\" content=\"2 minutos\" \/>\n<script type=\"application\/ld+json\" class=\"yoast-schema-graph\">{\"@context\":\"https:\/\/schema.org\",\"@graph\":[{\"@type\":\"WebPage\",\"@id\":\"https:\/\/laprensacristiana.com\/?p=2738\",\"url\":\"https:\/\/laprensacristiana.com\/?p=2738\",\"name\":\"Defienden la vida alzando su voz - La Prensa Cristiana\",\"isPartOf\":{\"@id\":\"https:\/\/laprensacristiana.com\/#website\"},\"datePublished\":\"2017-04-21T02:54:50+00:00\",\"dateModified\":\"2020-07-02T00:52:13+00:00\",\"author\":{\"@id\":\"https:\/\/laprensacristiana.com\/#\/schema\/person\/3e7d82c6bfd6b1fa67010f8f7cd5256e\"},\"breadcrumb\":{\"@id\":\"https:\/\/laprensacristiana.com\/?p=2738#breadcrumb\"},\"inLanguage\":\"es\",\"potentialAction\":[{\"@type\":\"ReadAction\",\"target\":[\"https:\/\/laprensacristiana.com\/?p=2738\"]}]},{\"@type\":\"BreadcrumbList\",\"@id\":\"https:\/\/laprensacristiana.com\/?p=2738#breadcrumb\",\"itemListElement\":[{\"@type\":\"ListItem\",\"position\":1,\"name\":\"Portada\",\"item\":\"https:\/\/laprensacristiana.com\/\"},{\"@type\":\"ListItem\",\"position\":2,\"name\":\"Defienden la vida alzando su voz\"}]},{\"@type\":\"WebSite\",\"@id\":\"https:\/\/laprensacristiana.com\/#website\",\"url\":\"https:\/\/laprensacristiana.com\/\",\"name\":\"La Prensa Cristiana\",\"description\":\"Anunciando Las Buenas Nuevas\",\"potentialAction\":[{\"@type\":\"SearchAction\",\"target\":{\"@type\":\"EntryPoint\",\"urlTemplate\":\"https:\/\/laprensacristiana.com\/?s={search_term_string}\"},\"query-input\":\"required name=search_term_string\"}],\"inLanguage\":\"es\"},{\"@type\":\"Person\",\"@id\":\"https:\/\/laprensacristiana.com\/#\/schema\/person\/3e7d82c6bfd6b1fa67010f8f7cd5256e\",\"name\":\"EDITOR\",\"image\":{\"@type\":\"ImageObject\",\"inLanguage\":\"es\",\"@id\":\"https:\/\/laprensacristiana.com\/#\/schema\/person\/image\/\",\"url\":\"https:\/\/secure.gravatar.com\/avatar\/72069dfb6c13772d9e8381e3638666d2?s=96&d=mm&r=g\",\"contentUrl\":\"https:\/\/secure.gravatar.com\/avatar\/72069dfb6c13772d9e8381e3638666d2?s=96&d=mm&r=g\",\"caption\":\"EDITOR\"},\"url\":\"https:\/\/laprensacristiana.com\/?author=3\"}]}<\/script>\n<!-- \/ Yoast SEO plugin. -->","yoast_head_json":{"title":"Defienden la vida alzando su voz - La Prensa Cristiana","robots":{"index":"index","follow":"follow","max-snippet":"max-snippet:-1","max-image-preview":"max-image-preview:large","max-video-preview":"max-video-preview:-1"},"canonical":"https:\/\/laprensacristiana.com\/?p=2738","og_locale":"es_ES","og_type":"article","og_title":"Defienden la vida alzando su voz - La Prensa Cristiana","og_description":"Debido a la necesidad que existe que en El Salvador haya un respeto hacia la vida humana, los valores y la familia, organizaciones unen su voz a un solo llamado. \u00abEsc\u00fachanos SV\u00bb De esta forma se hace llamar la campa\u00f1a implementada por la iglesia evang\u00e9lica, asociaciones provida, medios de comunicaci\u00f3n y otras organizaciones. Este movimiento [&hellip;]","og_url":"https:\/\/laprensacristiana.com\/?p=2738","og_site_name":"La Prensa Cristiana","article_published_time":"2017-04-21T02:54:50+00:00","article_modified_time":"2020-07-02T00:52:13+00:00","og_image":[{"width":850,"height":850,"url":"https:\/\/laprensacristiana.com\/wp-content\/uploads\/2017\/04\/ESCUCHANOS-SV-1.png","type":"image\/png"}],"author":"EDITOR","twitter_card":"summary_large_image","twitter_misc":{"Escrito por":"EDITOR","Tiempo de lectura":"2 minutos"},"schema":{"@context":"https:\/\/schema.org","@graph":[{"@type":"WebPage","@id":"https:\/\/laprensacristiana.com\/?p=2738","url":"https:\/\/laprensacristiana.com\/?p=2738","name":"Defienden la vida alzando su voz - La Prensa Cristiana","isPartOf":{"@id":"https:\/\/laprensacristiana.com\/#website"},"datePublished":"2017-04-21T02:54:50+00:00","dateModified":"2020-07-02T00:52:13+00:00","author":{"@id":"https:\/\/laprensacristiana.com\/#\/schema\/person\/3e7d82c6bfd6b1fa67010f8f7cd5256e"},"breadcrumb":{"@id":"https:\/\/laprensacristiana.com\/?p=2738#breadcrumb"},"inLanguage":"es","potentialAction":[{"@type":"ReadAction","target":["https:\/\/laprensacristiana.com\/?p=2738"]}]},{"@type":"BreadcrumbList","@id":"https:\/\/laprensacristiana.com\/?p=2738#breadcrumb","itemListElement":[{"@type":"ListItem","position":1,"name":"Portada","item":"https:\/\/laprensacristiana.com\/"},{"@type":"ListItem","position":2,"name":"Defienden la vida alzando su voz"}]},{"@type":"WebSite","@id":"https:\/\/laprensacristiana.com\/#website","url":"https:\/\/laprensacristiana.com\/","name":"La Prensa Cristiana","description":"Anunciando Las Buenas Nuevas","potentialAction":[{"@type":"SearchAction","target":{"@type":"EntryPoint","urlTemplate":"https:\/\/laprensacristiana.com\/?s={search_term_string}"},"query-input":"required name=search_term_string"}],"inLanguage":"es"},{"@type":"Person","@id":"https:\/\/laprensacristiana.com\/#\/schema\/person\/3e7d82c6bfd6b1fa67010f8f7cd5256e","name":"EDITOR","image":{"@type":"ImageObject","inLanguage":"es","@id":"https:\/\/laprensacristiana.com\/#\/schema\/person\/image\/","url":"https:\/\/secure.gravatar.com\/avatar\/72069dfb6c13772d9e8381e3638666d2?s=96&d=mm&r=g","contentUrl":"https:\/\/secure.gravatar.com\/avatar\/72069dfb6c13772d9e8381e3638666d2?s=96&d=mm&r=g","caption":"EDITOR"},"url":"https:\/\/laprensacristiana.com\/?author=3"}]}},"_links":{"self":[{"href":"https:\/\/laprensacristiana.com\/index.php?rest_route=\/wp\/v2\/posts\/2738"}],"collection":[{"href":"https:\/\/laprensacristiana.com\/index.php?rest_route=\/wp\/v2\/posts"}],"about":[{"href":"https:\/\/laprensacristiana.com\/index.php?rest_route=\/wp\/v2\/types\/post"}],"author":[{"embeddable":true,"href":"https:\/\/laprensacristiana.com\/index.php?rest_route=\/wp\/v2\/users\/3"}],"replies":[{"embeddable":true,"href":"https:\/\/laprensacristiana.com\/index.php?rest_route=%2Fwp%2Fv2%2Fcomments&post=2738"}],"version-history":[{"count":3,"href":"https:\/\/laprensacristiana.com\/index.php?rest_route=\/wp\/v2\/posts\/2738\/revisions"}],"predecessor-version":[{"id":2743,"href":"https:\/\/laprensacristiana.com\/index.php?rest_route=\/wp\/v2\/posts\/2738\/revisions\/2743"}],"wp:featuredmedia":[{"embeddable":true,"href":"https:\/\/laprensacristiana.com\/index.php?rest_route=\/wp\/v2\/media\/2740"}],"wp:attachment":[{"href":"https:\/\/laprensacristiana.com\/index.php?rest_route=%2Fwp%2Fv2%2Fmedia&parent=2738"}],"wp:term":[{"taxonomy":"category","embeddable":true,"href":"https:\/\/laprensacristiana.com\/index.php?rest_route=%2Fwp%2Fv2%2Fcategories&post=2738"},{"taxonomy":"post_tag","embeddable":true,"href":"https:\/\/laprensacristiana.com\/index.php?rest_route=%2Fwp%2Fv2%2Ftags&post=2738"}],"curies":[{"name":"wp","href":"https:\/\/api.w.org\/{rel}","templated":true}]}}