{"id":2754,"date":"2017-04-25T20:02:49","date_gmt":"2017-04-25T20:02:49","guid":{"rendered":"https:\/\/laprensacristiana.com\/?p=2754"},"modified":"2020-07-02T00:51:44","modified_gmt":"2020-07-02T00:51:44","slug":"fuerza-y-poder","status":"publish","type":"post","link":"https:\/\/laprensacristiana.com\/?p=2754","title":{"rendered":"Fuerza y poder"},"content":{"rendered":"<p>El viernes pasado en punto de las 11 de la ma\u00f1ana en Concha Ac\u00fastica ubicada en las instalaciones de la Universidad de El Salvador, se llev\u00f3 a cabo la actividad Fuerza y Poder, organizado por los ministerios Hope y Oasis.<\/p>\n<figure id=\"attachment_2750\" aria-describedby=\"caption-attachment-2750\" style=\"width: 225px\" class=\"wp-caption alignleft\"><img decoding=\"async\" loading=\"lazy\" class=\"size-medium wp-image-2750\" src=\"https:\/\/laprensacristiana.com\/wp-content\/uploads\/2017\/04\/5a190dbe-68ee-4906-afff-a33eadc56cb6-225x300.jpg\" alt=\"Cortes\u00eda.\" width=\"225\" height=\"300\" srcset=\"https:\/\/laprensacristiana.com\/wp-content\/uploads\/2017\/04\/5a190dbe-68ee-4906-afff-a33eadc56cb6-225x300.jpg 225w, https:\/\/laprensacristiana.com\/wp-content\/uploads\/2017\/04\/5a190dbe-68ee-4906-afff-a33eadc56cb6-600x800.jpg 600w, https:\/\/laprensacristiana.com\/wp-content\/uploads\/2017\/04\/5a190dbe-68ee-4906-afff-a33eadc56cb6-768x1024.jpg 768w, https:\/\/laprensacristiana.com\/wp-content\/uploads\/2017\/04\/5a190dbe-68ee-4906-afff-a33eadc56cb6-696x928.jpg 696w, https:\/\/laprensacristiana.com\/wp-content\/uploads\/2017\/04\/5a190dbe-68ee-4906-afff-a33eadc56cb6-315x420.jpg 315w, https:\/\/laprensacristiana.com\/wp-content\/uploads\/2017\/04\/5a190dbe-68ee-4906-afff-a33eadc56cb6.jpg 960w\" sizes=\"(max-width: 225px) 100vw, 225px\" \/><figcaption id=\"caption-attachment-2750\" class=\"wp-caption-text\">Cortes\u00eda.<\/figcaption><\/figure>\n<p>El evento consisti\u00f3 en que un grupo de hombres estadounidenses que se dedican a realizar demostraciones de fuerza, con ello buscan atraer la atenci\u00f3n del p\u00fablico y despu\u00e9s como grupo poder hablar de la palabra de Dios, ya que son personas que con el tiempo han conocido del Se\u00f1or.<\/p>\n<p>En la actividad estuvieron presentes m\u00e1s de 200 personas, y siendo el mayor p\u00fablico la poblaci\u00f3n estudiantil, quienes con lo que presenciaron quedaron asombrados, siendo un d\u00eda de bendici\u00f3n al escuchar la experiencia de estos hombres que compartieron su testimonio.<\/p>\n<p><img decoding=\"async\" loading=\"lazy\" class=\"size-medium wp-image-2684 aligncenter\" src=\"https:\/\/laprensacristiana.com\/wp-content\/uploads\/2017\/04\/FUERZA-Y-PODER-300x245.jpg\" alt=\"FUERZA Y PODER\" width=\"300\" height=\"245\" srcset=\"https:\/\/laprensacristiana.com\/wp-content\/uploads\/2017\/04\/FUERZA-Y-PODER-300x245.jpg 300w, https:\/\/laprensacristiana.com\/wp-content\/uploads\/2017\/04\/FUERZA-Y-PODER-600x491.jpg 600w, https:\/\/laprensacristiana.com\/wp-content\/uploads\/2017\/04\/FUERZA-Y-PODER-768x628.jpg 768w, https:\/\/laprensacristiana.com\/wp-content\/uploads\/2017\/04\/FUERZA-Y-PODER-696x570.jpg 696w, https:\/\/laprensacristiana.com\/wp-content\/uploads\/2017\/04\/FUERZA-Y-PODER-513x420.jpg 513w, https:\/\/laprensacristiana.com\/wp-content\/uploads\/2017\/04\/FUERZA-Y-PODER.jpg 897w\" sizes=\"(max-width: 300px) 100vw, 300px\" \/><\/p>\n","protected":false},"excerpt":{"rendered":"<p>El viernes pasado en punto de las 11 de la ma\u00f1ana en Concha Ac\u00fastica ubicada en las instalaciones de la Universidad de El Salvador, se llev\u00f3 a cabo la actividad Fuerza y Poder, organizado por los ministerios Hope y Oasis. El evento consisti\u00f3 en que un grupo de hombres estadounidenses que se dedican a realizar [&hellip;]<\/p>\n","protected":false},"author":3,"featured_media":2749,"comment_status":"open","ping_status":"open","sticky":false,"template":"","format":"standard","meta":[],"categories":[36],"tags":[],"yoast_head":"<!-- This site is optimized with the Yoast SEO plugin v20.8 - https:\/\/yoast.com\/wordpress\/plugins\/seo\/ -->\n<title>Fuerza y poder - La Prensa Cristiana<\/title>\n<meta name=\"robots\" content=\"index, follow, max-snippet:-1, max-image-preview:large, max-video-preview:-1\" \/>\n<link rel=\"canonical\" href=\"https:\/\/laprensacristiana.com\/?p=2754\" \/>\n<meta property=\"og:locale\" content=\"es_ES\" \/>\n<meta property=\"og:type\" content=\"article\" \/>\n<meta property=\"og:title\" content=\"Fuerza y poder - La Prensa Cristiana\" \/>\n<meta property=\"og:description\" content=\"El viernes pasado en punto de las 11 de la ma\u00f1ana en Concha Ac\u00fastica ubicada en las instalaciones de la Universidad de El Salvador, se llev\u00f3 a cabo la actividad Fuerza y Poder, organizado por los ministerios Hope y Oasis. El evento consisti\u00f3 en que un grupo de hombres estadounidenses que se dedican a realizar [&hellip;]\" \/>\n<meta property=\"og:url\" content=\"https:\/\/laprensacristiana.com\/?p=2754\" \/>\n<meta property=\"og:site_name\" content=\"La Prensa Cristiana\" \/>\n<meta property=\"article:published_time\" content=\"2017-04-25T20:02:49+00:00\" \/>\n<meta property=\"article:modified_time\" content=\"2020-07-02T00:51:44+00:00\" \/>\n<meta property=\"og:image\" content=\"https:\/\/laprensacristiana.com\/wp-content\/uploads\/2017\/04\/OASIS.jpg\" \/>\n\t<meta property=\"og:image:width\" content=\"1280\" \/>\n\t<meta property=\"og:image:height\" content=\"960\" \/>\n\t<meta property=\"og:image:type\" content=\"image\/jpeg\" \/>\n<meta name=\"author\" content=\"EDITOR\" \/>\n<meta name=\"twitter:card\" content=\"summary_large_image\" \/>\n<meta name=\"twitter:label1\" content=\"Escrito por\" \/>\n\t<meta name=\"twitter:data1\" content=\"EDITOR\" \/>\n\t<meta name=\"twitter:label2\" content=\"Tiempo de lectura\" \/>\n\t<meta name=\"twitter:data2\" content=\"1 minuto\" \/>\n<script type=\"application\/ld+json\" class=\"yoast-schema-graph\">{\"@context\":\"https:\/\/schema.org\",\"@graph\":[{\"@type\":\"WebPage\",\"@id\":\"https:\/\/laprensacristiana.com\/?p=2754\",\"url\":\"https:\/\/laprensacristiana.com\/?p=2754\",\"name\":\"Fuerza y poder - La Prensa Cristiana\",\"isPartOf\":{\"@id\":\"https:\/\/laprensacristiana.com\/#website\"},\"datePublished\":\"2017-04-25T20:02:49+00:00\",\"dateModified\":\"2020-07-02T00:51:44+00:00\",\"author\":{\"@id\":\"https:\/\/laprensacristiana.com\/#\/schema\/person\/3e7d82c6bfd6b1fa67010f8f7cd5256e\"},\"breadcrumb\":{\"@id\":\"https:\/\/laprensacristiana.com\/?p=2754#breadcrumb\"},\"inLanguage\":\"es\",\"potentialAction\":[{\"@type\":\"ReadAction\",\"target\":[\"https:\/\/laprensacristiana.com\/?p=2754\"]}]},{\"@type\":\"BreadcrumbList\",\"@id\":\"https:\/\/laprensacristiana.com\/?p=2754#breadcrumb\",\"itemListElement\":[{\"@type\":\"ListItem\",\"position\":1,\"name\":\"Portada\",\"item\":\"https:\/\/laprensacristiana.com\/\"},{\"@type\":\"ListItem\",\"position\":2,\"name\":\"Fuerza y poder\"}]},{\"@type\":\"WebSite\",\"@id\":\"https:\/\/laprensacristiana.com\/#website\",\"url\":\"https:\/\/laprensacristiana.com\/\",\"name\":\"La Prensa Cristiana\",\"description\":\"Anunciando Las Buenas Nuevas\",\"potentialAction\":[{\"@type\":\"SearchAction\",\"target\":{\"@type\":\"EntryPoint\",\"urlTemplate\":\"https:\/\/laprensacristiana.com\/?s={search_term_string}\"},\"query-input\":\"required name=search_term_string\"}],\"inLanguage\":\"es\"},{\"@type\":\"Person\",\"@id\":\"https:\/\/laprensacristiana.com\/#\/schema\/person\/3e7d82c6bfd6b1fa67010f8f7cd5256e\",\"name\":\"EDITOR\",\"image\":{\"@type\":\"ImageObject\",\"inLanguage\":\"es\",\"@id\":\"https:\/\/laprensacristiana.com\/#\/schema\/person\/image\/\",\"url\":\"https:\/\/secure.gravatar.com\/avatar\/72069dfb6c13772d9e8381e3638666d2?s=96&d=mm&r=g\",\"contentUrl\":\"https:\/\/secure.gravatar.com\/avatar\/72069dfb6c13772d9e8381e3638666d2?s=96&d=mm&r=g\",\"caption\":\"EDITOR\"},\"url\":\"https:\/\/laprensacristiana.com\/?author=3\"}]}<\/script>\n<!-- \/ Yoast SEO plugin. -->","yoast_head_json":{"title":"Fuerza y poder - La Prensa Cristiana","robots":{"index":"index","follow":"follow","max-snippet":"max-snippet:-1","max-image-preview":"max-image-preview:large","max-video-preview":"max-video-preview:-1"},"canonical":"https:\/\/laprensacristiana.com\/?p=2754","og_locale":"es_ES","og_type":"article","og_title":"Fuerza y poder - La Prensa Cristiana","og_description":"El viernes pasado en punto de las 11 de la ma\u00f1ana en Concha Ac\u00fastica ubicada en las instalaciones de la Universidad de El Salvador, se llev\u00f3 a cabo la actividad Fuerza y Poder, organizado por los ministerios Hope y Oasis. El evento consisti\u00f3 en que un grupo de hombres estadounidenses que se dedican a realizar [&hellip;]","og_url":"https:\/\/laprensacristiana.com\/?p=2754","og_site_name":"La Prensa Cristiana","article_published_time":"2017-04-25T20:02:49+00:00","article_modified_time":"2020-07-02T00:51:44+00:00","og_image":[{"width":1280,"height":960,"url":"https:\/\/laprensacristiana.com\/wp-content\/uploads\/2017\/04\/OASIS.jpg","type":"image\/jpeg"}],"author":"EDITOR","twitter_card":"summary_large_image","twitter_misc":{"Escrito por":"EDITOR","Tiempo de lectura":"1 minuto"},"schema":{"@context":"https:\/\/schema.org","@graph":[{"@type":"WebPage","@id":"https:\/\/laprensacristiana.com\/?p=2754","url":"https:\/\/laprensacristiana.com\/?p=2754","name":"Fuerza y poder - La Prensa Cristiana","isPartOf":{"@id":"https:\/\/laprensacristiana.com\/#website"},"datePublished":"2017-04-25T20:02:49+00:00","dateModified":"2020-07-02T00:51:44+00:00","author":{"@id":"https:\/\/laprensacristiana.com\/#\/schema\/person\/3e7d82c6bfd6b1fa67010f8f7cd5256e"},"breadcrumb":{"@id":"https:\/\/laprensacristiana.com\/?p=2754#breadcrumb"},"inLanguage":"es","potentialAction":[{"@type":"ReadAction","target":["https:\/\/laprensacristiana.com\/?p=2754"]}]},{"@type":"BreadcrumbList","@id":"https:\/\/laprensacristiana.com\/?p=2754#breadcrumb","itemListElement":[{"@type":"ListItem","position":1,"name":"Portada","item":"https:\/\/laprensacristiana.com\/"},{"@type":"ListItem","position":2,"name":"Fuerza y poder"}]},{"@type":"WebSite","@id":"https:\/\/laprensacristiana.com\/#website","url":"https:\/\/laprensacristiana.com\/","name":"La Prensa Cristiana","description":"Anunciando Las Buenas Nuevas","potentialAction":[{"@type":"SearchAction","target":{"@type":"EntryPoint","urlTemplate":"https:\/\/laprensacristiana.com\/?s={search_term_string}"},"query-input":"required name=search_term_string"}],"inLanguage":"es"},{"@type":"Person","@id":"https:\/\/laprensacristiana.com\/#\/schema\/person\/3e7d82c6bfd6b1fa67010f8f7cd5256e","name":"EDITOR","image":{"@type":"ImageObject","inLanguage":"es","@id":"https:\/\/laprensacristiana.com\/#\/schema\/person\/image\/","url":"https:\/\/secure.gravatar.com\/avatar\/72069dfb6c13772d9e8381e3638666d2?s=96&d=mm&r=g","contentUrl":"https:\/\/secure.gravatar.com\/avatar\/72069dfb6c13772d9e8381e3638666d2?s=96&d=mm&r=g","caption":"EDITOR"},"url":"https:\/\/laprensacristiana.com\/?author=3"}]}},"_links":{"self":[{"href":"https:\/\/laprensacristiana.com\/index.php?rest_route=\/wp\/v2\/posts\/2754"}],"collection":[{"href":"https:\/\/laprensacristiana.com\/index.php?rest_route=\/wp\/v2\/posts"}],"about":[{"href":"https:\/\/laprensacristiana.com\/index.php?rest_route=\/wp\/v2\/types\/post"}],"author":[{"embeddable":true,"href":"https:\/\/laprensacristiana.com\/index.php?rest_route=\/wp\/v2\/users\/3"}],"replies":[{"embeddable":true,"href":"https:\/\/laprensacristiana.com\/index.php?rest_route=%2Fwp%2Fv2%2Fcomments&post=2754"}],"version-history":[{"count":1,"href":"https:\/\/laprensacristiana.com\/index.php?rest_route=\/wp\/v2\/posts\/2754\/revisions"}],"predecessor-version":[{"id":2755,"href":"https:\/\/laprensacristiana.com\/index.php?rest_route=\/wp\/v2\/posts\/2754\/revisions\/2755"}],"wp:featuredmedia":[{"embeddable":true,"href":"https:\/\/laprensacristiana.com\/index.php?rest_route=\/wp\/v2\/media\/2749"}],"wp:attachment":[{"href":"https:\/\/laprensacristiana.com\/index.php?rest_route=%2Fwp%2Fv2%2Fmedia&parent=2754"}],"wp:term":[{"taxonomy":"category","embeddable":true,"href":"https:\/\/laprensacristiana.com\/index.php?rest_route=%2Fwp%2Fv2%2Fcategories&post=2754"},{"taxonomy":"post_tag","embeddable":true,"href":"https:\/\/laprensacristiana.com\/index.php?rest_route=%2Fwp%2Fv2%2Ftags&post=2754"}],"curies":[{"name":"wp","href":"https:\/\/api.w.org\/{rel}","templated":true}]}}