{"id":2756,"date":"2017-04-25T22:23:45","date_gmt":"2017-04-25T22:23:45","guid":{"rendered":"https:\/\/laprensacristiana.com\/?p=2756"},"modified":"2020-07-02T00:51:35","modified_gmt":"2020-07-02T00:51:35","slug":"2756","status":"publish","type":"post","link":"https:\/\/laprensacristiana.com\/?p=2756","title":{"rendered":"\u00abInstruye al ni\u00f1o en el camino correcto&#8230;\u00bb"},"content":{"rendered":"<h3>Implementaron la campa\u00f1a motivados hacia la protecci\u00f3n de los m\u00e1s indefensos.<\/h3>\n<p>El domingo en conmemoraci\u00f3n del D\u00eda internacional de la lucha contra el maltrato infantil, El Comit\u00e9 de Protecci\u00f3n de la Ni\u00f1ez y la Adolescencia\u00a0 de Iglesia Infantil ELIM realiz\u00f3 una <strong><em>\u201cCampa\u00f1a de vacunaci\u00f3n contra el maltrato hacia ni\u00f1as, ni\u00f1os y adolescentes\u201d, <\/em><\/strong>con el slogan \u00abCon tu amor puedo vivir mejor\u00bb.<\/p>\n<figure id=\"attachment_2760\" aria-describedby=\"caption-attachment-2760\" style=\"width: 300px\" class=\"wp-caption aligncenter\"><img decoding=\"async\" loading=\"lazy\" class=\"wp-image-2760 size-medium\" src=\"https:\/\/laprensacristiana.com\/wp-content\/uploads\/2017\/04\/PORTADA-ELIM-300x255.jpg\" alt=\"PORTADA ELIM\" width=\"300\" height=\"255\" srcset=\"https:\/\/laprensacristiana.com\/wp-content\/uploads\/2017\/04\/PORTADA-ELIM-300x255.jpg 300w, https:\/\/laprensacristiana.com\/wp-content\/uploads\/2017\/04\/PORTADA-ELIM-600x510.jpg 600w, https:\/\/laprensacristiana.com\/wp-content\/uploads\/2017\/04\/PORTADA-ELIM-768x652.jpg 768w, https:\/\/laprensacristiana.com\/wp-content\/uploads\/2017\/04\/PORTADA-ELIM-696x591.jpg 696w, https:\/\/laprensacristiana.com\/wp-content\/uploads\/2017\/04\/PORTADA-ELIM-494x420.jpg 494w, https:\/\/laprensacristiana.com\/wp-content\/uploads\/2017\/04\/PORTADA-ELIM.jpg 904w\" sizes=\"(max-width: 300px) 100vw, 300px\" \/><figcaption id=\"caption-attachment-2760\" class=\"wp-caption-text\">Adultos se sumaban a la causa.<\/figcaption><\/figure>\n<p>La actividad realizada en ELIM Central, trat\u00f3 de otorgar un tratado en el que las personas incluidas padres de familia, j\u00f3venes, pastores y todo aquel que est\u00e1 en contra del maltrato infantil, firmaba un certificado de vacunaci\u00f3n en el cual inclu\u00eda deberes que se deben de tener hacia los infantes.<\/p>\n<p>La iglesia ELIM, considera que se debe romper el silencio existente en todas las formas de abuso que actualmente se ven en la sociedad. Con esta campa\u00f1a, la iglesia busc\u00f3 sensibilizar a sus miembros sobre la problem\u00e1tica y poder fomentar valores.<\/p>\n<figure id=\"attachment_2757\" aria-describedby=\"caption-attachment-2757\" style=\"width: 219px\" class=\"wp-caption alignright\"><img decoding=\"async\" loading=\"lazy\" class=\" wp-image-2757\" src=\"https:\/\/laprensacristiana.com\/wp-content\/uploads\/2017\/04\/ELIM-4-300x265.png\" alt=\"Emerson Araujo. \" width=\"219\" height=\"222\" \/><figcaption id=\"caption-attachment-2757\" class=\"wp-caption-text\">Emerson Araujo.<\/figcaption><\/figure>\n<p>Emerson Araujo, Coordinar del comit\u00e9 de Iglesia Infantil Elim, dijo: <strong><em>\u201cComo iglesia evang\u00e9lica nos hemos sumado al no al maltrato infantil. Ni\u00f1os y ni\u00f1as son atendidos en todos los servicios del domingo en donde los padres se comprometen al buen trato de los infantes. Los ni\u00f1os y ni\u00f1as realizan actividades cristianas y l\u00fadicas en donde se les ense\u00f1an sus derechos t deberes. Han sido muchos ni\u00f1os contentos por la campa\u00f1a diciendo mi mama no me pega. Cuando los padres no se unen a la campa\u00f1a, son indicado de que algo est\u00e1 pasando\u201d. <\/em><\/strong><\/p>\n<p>Diferentes \u00a0grupos de la iglesia se unieron a esta campa\u00f1a en funci\u00f3n de una cultura de prevenci\u00f3n de abuso contra los ni\u00f1os.<\/p>\n<p>Thania de Molina, quien es servidora del comit\u00e9 de apoyo Elim y madre de familia se uni\u00f3 a la vacunaci\u00f3n y opin\u00f3 sobre la campa\u00f1a: <strong><em>\u201cEs muy importante para concientizar al adulto en contra del maltrato, hay que valorar a los ni\u00f1os si desde peque\u00f1os se les promueve una buena autoestima ser\u00e1n buenos j\u00f3venes. Realmente han denigrado a la infancia, pensando que los ni\u00f1os no tienen el valor pero todos somos humano y hay que valorarlos as\u00ed sean peque\u00f1os o grandes\u201d.<\/em><\/strong><\/p>\n<figure id=\"attachment_2758\" aria-describedby=\"caption-attachment-2758\" style=\"width: 200px\" class=\"wp-caption aligncenter\"><img decoding=\"async\" loading=\"lazy\" class=\"size-medium wp-image-2758\" src=\"https:\/\/laprensacristiana.com\/wp-content\/uploads\/2017\/04\/ELIM-2-200x300.jpg\" alt=\"Thania de Molina. \" width=\"200\" height=\"300\" srcset=\"https:\/\/laprensacristiana.com\/wp-content\/uploads\/2017\/04\/ELIM-2-200x300.jpg 200w, https:\/\/laprensacristiana.com\/wp-content\/uploads\/2017\/04\/ELIM-2-600x900.jpg 600w, https:\/\/laprensacristiana.com\/wp-content\/uploads\/2017\/04\/ELIM-2-280x420.jpg 280w, https:\/\/laprensacristiana.com\/wp-content\/uploads\/2017\/04\/ELIM-2.jpg 672w\" sizes=\"(max-width: 200px) 100vw, 200px\" \/><figcaption id=\"caption-attachment-2758\" class=\"wp-caption-text\">Thania de Molina.<\/figcaption><\/figure>\n<p>Sumado a esto, en todo el mes de abril se estuvieron realizando otras actividades con apoyo de los departamentos de ELIM Infantil, entre ellos distribuir un list\u00f3n azul como s\u00edmbolo al rechazo del maltrato, mensajes enviados desde el pulpito, vacunaci\u00f3n contra el maltrato, etc.<\/p>\n<p>&nbsp;<\/p>\n","protected":false},"excerpt":{"rendered":"<p>Implementaron la campa\u00f1a motivados hacia la protecci\u00f3n de los m\u00e1s indefensos. El domingo en conmemoraci\u00f3n del D\u00eda internacional de la lucha contra el maltrato infantil, El Comit\u00e9 de Protecci\u00f3n de la Ni\u00f1ez y la Adolescencia\u00a0 de Iglesia Infantil ELIM realiz\u00f3 una \u201cCampa\u00f1a de vacunaci\u00f3n contra el maltrato hacia ni\u00f1as, ni\u00f1os y adolescentes\u201d, con el slogan [&hellip;]<\/p>\n","protected":false},"author":3,"featured_media":2759,"comment_status":"open","ping_status":"open","sticky":false,"template":"","format":"standard","meta":[],"categories":[36],"tags":[],"yoast_head":"<!-- This site is optimized with the Yoast SEO plugin v20.8 - https:\/\/yoast.com\/wordpress\/plugins\/seo\/ -->\n<title>&quot;Instruye al ni\u00f1o en el camino correcto...&quot; - La Prensa Cristiana<\/title>\n<meta name=\"robots\" content=\"index, follow, max-snippet:-1, max-image-preview:large, max-video-preview:-1\" \/>\n<link rel=\"canonical\" href=\"https:\/\/laprensacristiana.com\/?p=2756\" \/>\n<meta property=\"og:locale\" content=\"es_ES\" \/>\n<meta property=\"og:type\" content=\"article\" \/>\n<meta property=\"og:title\" content=\"&quot;Instruye al ni\u00f1o en el camino correcto...&quot; - La Prensa Cristiana\" \/>\n<meta property=\"og:description\" content=\"Implementaron la campa\u00f1a motivados hacia la protecci\u00f3n de los m\u00e1s indefensos. El domingo en conmemoraci\u00f3n del D\u00eda internacional de la lucha contra el maltrato infantil, El Comit\u00e9 de Protecci\u00f3n de la Ni\u00f1ez y la Adolescencia\u00a0 de Iglesia Infantil ELIM realiz\u00f3 una \u201cCampa\u00f1a de vacunaci\u00f3n contra el maltrato hacia ni\u00f1as, ni\u00f1os y adolescentes\u201d, con el slogan [&hellip;]\" \/>\n<meta property=\"og:url\" content=\"https:\/\/laprensacristiana.com\/?p=2756\" \/>\n<meta property=\"og:site_name\" content=\"La Prensa Cristiana\" \/>\n<meta property=\"article:published_time\" content=\"2017-04-25T22:23:45+00:00\" \/>\n<meta property=\"article:modified_time\" content=\"2020-07-02T00:51:35+00:00\" \/>\n<meta property=\"og:image\" content=\"https:\/\/laprensacristiana.com\/wp-content\/uploads\/2017\/04\/ELIM-3.jpg\" \/>\n\t<meta property=\"og:image:width\" content=\"1008\" \/>\n\t<meta property=\"og:image:height\" content=\"672\" \/>\n\t<meta property=\"og:image:type\" content=\"image\/jpeg\" \/>\n<meta name=\"author\" content=\"EDITOR\" \/>\n<meta name=\"twitter:card\" content=\"summary_large_image\" \/>\n<meta name=\"twitter:label1\" content=\"Escrito por\" \/>\n\t<meta name=\"twitter:data1\" content=\"EDITOR\" \/>\n\t<meta name=\"twitter:label2\" content=\"Tiempo de lectura\" \/>\n\t<meta name=\"twitter:data2\" content=\"2 minutos\" \/>\n<script type=\"application\/ld+json\" class=\"yoast-schema-graph\">{\"@context\":\"https:\/\/schema.org\",\"@graph\":[{\"@type\":\"WebPage\",\"@id\":\"https:\/\/laprensacristiana.com\/?p=2756\",\"url\":\"https:\/\/laprensacristiana.com\/?p=2756\",\"name\":\"\\\"Instruye al ni\u00f1o en el camino correcto...\\\" - La Prensa Cristiana\",\"isPartOf\":{\"@id\":\"https:\/\/laprensacristiana.com\/#website\"},\"datePublished\":\"2017-04-25T22:23:45+00:00\",\"dateModified\":\"2020-07-02T00:51:35+00:00\",\"author\":{\"@id\":\"https:\/\/laprensacristiana.com\/#\/schema\/person\/3e7d82c6bfd6b1fa67010f8f7cd5256e\"},\"breadcrumb\":{\"@id\":\"https:\/\/laprensacristiana.com\/?p=2756#breadcrumb\"},\"inLanguage\":\"es\",\"potentialAction\":[{\"@type\":\"ReadAction\",\"target\":[\"https:\/\/laprensacristiana.com\/?p=2756\"]}]},{\"@type\":\"BreadcrumbList\",\"@id\":\"https:\/\/laprensacristiana.com\/?p=2756#breadcrumb\",\"itemListElement\":[{\"@type\":\"ListItem\",\"position\":1,\"name\":\"Portada\",\"item\":\"https:\/\/laprensacristiana.com\/\"},{\"@type\":\"ListItem\",\"position\":2,\"name\":\"\u00abInstruye al ni\u00f1o en el camino correcto&#8230;\u00bb\"}]},{\"@type\":\"WebSite\",\"@id\":\"https:\/\/laprensacristiana.com\/#website\",\"url\":\"https:\/\/laprensacristiana.com\/\",\"name\":\"La Prensa Cristiana\",\"description\":\"Anunciando Las Buenas Nuevas\",\"potentialAction\":[{\"@type\":\"SearchAction\",\"target\":{\"@type\":\"EntryPoint\",\"urlTemplate\":\"https:\/\/laprensacristiana.com\/?s={search_term_string}\"},\"query-input\":\"required name=search_term_string\"}],\"inLanguage\":\"es\"},{\"@type\":\"Person\",\"@id\":\"https:\/\/laprensacristiana.com\/#\/schema\/person\/3e7d82c6bfd6b1fa67010f8f7cd5256e\",\"name\":\"EDITOR\",\"image\":{\"@type\":\"ImageObject\",\"inLanguage\":\"es\",\"@id\":\"https:\/\/laprensacristiana.com\/#\/schema\/person\/image\/\",\"url\":\"https:\/\/secure.gravatar.com\/avatar\/72069dfb6c13772d9e8381e3638666d2?s=96&d=mm&r=g\",\"contentUrl\":\"https:\/\/secure.gravatar.com\/avatar\/72069dfb6c13772d9e8381e3638666d2?s=96&d=mm&r=g\",\"caption\":\"EDITOR\"},\"url\":\"https:\/\/laprensacristiana.com\/?author=3\"}]}<\/script>\n<!-- \/ Yoast SEO plugin. -->","yoast_head_json":{"title":"\"Instruye al ni\u00f1o en el camino correcto...\" - La Prensa Cristiana","robots":{"index":"index","follow":"follow","max-snippet":"max-snippet:-1","max-image-preview":"max-image-preview:large","max-video-preview":"max-video-preview:-1"},"canonical":"https:\/\/laprensacristiana.com\/?p=2756","og_locale":"es_ES","og_type":"article","og_title":"\"Instruye al ni\u00f1o en el camino correcto...\" - La Prensa Cristiana","og_description":"Implementaron la campa\u00f1a motivados hacia la protecci\u00f3n de los m\u00e1s indefensos. El domingo en conmemoraci\u00f3n del D\u00eda internacional de la lucha contra el maltrato infantil, El Comit\u00e9 de Protecci\u00f3n de la Ni\u00f1ez y la Adolescencia\u00a0 de Iglesia Infantil ELIM realiz\u00f3 una \u201cCampa\u00f1a de vacunaci\u00f3n contra el maltrato hacia ni\u00f1as, ni\u00f1os y adolescentes\u201d, con el slogan [&hellip;]","og_url":"https:\/\/laprensacristiana.com\/?p=2756","og_site_name":"La Prensa Cristiana","article_published_time":"2017-04-25T22:23:45+00:00","article_modified_time":"2020-07-02T00:51:35+00:00","og_image":[{"width":1008,"height":672,"url":"https:\/\/laprensacristiana.com\/wp-content\/uploads\/2017\/04\/ELIM-3.jpg","type":"image\/jpeg"}],"author":"EDITOR","twitter_card":"summary_large_image","twitter_misc":{"Escrito por":"EDITOR","Tiempo de lectura":"2 minutos"},"schema":{"@context":"https:\/\/schema.org","@graph":[{"@type":"WebPage","@id":"https:\/\/laprensacristiana.com\/?p=2756","url":"https:\/\/laprensacristiana.com\/?p=2756","name":"\"Instruye al ni\u00f1o en el camino correcto...\" - La Prensa Cristiana","isPartOf":{"@id":"https:\/\/laprensacristiana.com\/#website"},"datePublished":"2017-04-25T22:23:45+00:00","dateModified":"2020-07-02T00:51:35+00:00","author":{"@id":"https:\/\/laprensacristiana.com\/#\/schema\/person\/3e7d82c6bfd6b1fa67010f8f7cd5256e"},"breadcrumb":{"@id":"https:\/\/laprensacristiana.com\/?p=2756#breadcrumb"},"inLanguage":"es","potentialAction":[{"@type":"ReadAction","target":["https:\/\/laprensacristiana.com\/?p=2756"]}]},{"@type":"BreadcrumbList","@id":"https:\/\/laprensacristiana.com\/?p=2756#breadcrumb","itemListElement":[{"@type":"ListItem","position":1,"name":"Portada","item":"https:\/\/laprensacristiana.com\/"},{"@type":"ListItem","position":2,"name":"\u00abInstruye al ni\u00f1o en el camino correcto&#8230;\u00bb"}]},{"@type":"WebSite","@id":"https:\/\/laprensacristiana.com\/#website","url":"https:\/\/laprensacristiana.com\/","name":"La Prensa Cristiana","description":"Anunciando Las Buenas Nuevas","potentialAction":[{"@type":"SearchAction","target":{"@type":"EntryPoint","urlTemplate":"https:\/\/laprensacristiana.com\/?s={search_term_string}"},"query-input":"required name=search_term_string"}],"inLanguage":"es"},{"@type":"Person","@id":"https:\/\/laprensacristiana.com\/#\/schema\/person\/3e7d82c6bfd6b1fa67010f8f7cd5256e","name":"EDITOR","image":{"@type":"ImageObject","inLanguage":"es","@id":"https:\/\/laprensacristiana.com\/#\/schema\/person\/image\/","url":"https:\/\/secure.gravatar.com\/avatar\/72069dfb6c13772d9e8381e3638666d2?s=96&d=mm&r=g","contentUrl":"https:\/\/secure.gravatar.com\/avatar\/72069dfb6c13772d9e8381e3638666d2?s=96&d=mm&r=g","caption":"EDITOR"},"url":"https:\/\/laprensacristiana.com\/?author=3"}]}},"_links":{"self":[{"href":"https:\/\/laprensacristiana.com\/index.php?rest_route=\/wp\/v2\/posts\/2756"}],"collection":[{"href":"https:\/\/laprensacristiana.com\/index.php?rest_route=\/wp\/v2\/posts"}],"about":[{"href":"https:\/\/laprensacristiana.com\/index.php?rest_route=\/wp\/v2\/types\/post"}],"author":[{"embeddable":true,"href":"https:\/\/laprensacristiana.com\/index.php?rest_route=\/wp\/v2\/users\/3"}],"replies":[{"embeddable":true,"href":"https:\/\/laprensacristiana.com\/index.php?rest_route=%2Fwp%2Fv2%2Fcomments&post=2756"}],"version-history":[{"count":5,"href":"https:\/\/laprensacristiana.com\/index.php?rest_route=\/wp\/v2\/posts\/2756\/revisions"}],"predecessor-version":[{"id":2766,"href":"https:\/\/laprensacristiana.com\/index.php?rest_route=\/wp\/v2\/posts\/2756\/revisions\/2766"}],"wp:featuredmedia":[{"embeddable":true,"href":"https:\/\/laprensacristiana.com\/index.php?rest_route=\/wp\/v2\/media\/2759"}],"wp:attachment":[{"href":"https:\/\/laprensacristiana.com\/index.php?rest_route=%2Fwp%2Fv2%2Fmedia&parent=2756"}],"wp:term":[{"taxonomy":"category","embeddable":true,"href":"https:\/\/laprensacristiana.com\/index.php?rest_route=%2Fwp%2Fv2%2Fcategories&post=2756"},{"taxonomy":"post_tag","embeddable":true,"href":"https:\/\/laprensacristiana.com\/index.php?rest_route=%2Fwp%2Fv2%2Ftags&post=2756"}],"curies":[{"name":"wp","href":"https:\/\/api.w.org\/{rel}","templated":true}]}}