{"id":2771,"date":"2017-05-02T19:40:16","date_gmt":"2017-05-02T19:40:16","guid":{"rendered":"https:\/\/laprensacristiana.com\/?p=2771"},"modified":"2020-07-02T00:51:03","modified_gmt":"2020-07-02T00:51:03","slug":"asi-se-vivio-el-primer-aniversario-de-lpc","status":"publish","type":"post","link":"https:\/\/laprensacristiana.com\/?p=2771","title":{"rendered":"As\u00ed se vivi\u00f3 el primer aniversario de LPC"},"content":{"rendered":"<p>Desde horas antes del esperado concierto con tributo a la m\u00fasica salvadore\u00f1a\u00a0se hac\u00edan los \u00faltimos retoques para dar inicio al evento que celebraba el primer aniversario de La Prensa Cristiana el pasado s\u00e1bado, llev\u00e1ndose a cabo en el auditorio de Iglesia de Dios en El Salvador.<\/p>\n<p><img decoding=\"async\" loading=\"lazy\" class=\"alignnone size-medium wp-image-2772 alignleft\" src=\"https:\/\/laprensacristiana.com\/wp-content\/uploads\/2017\/05\/GDS-300x206.jpg\" alt=\"GDS Band\" width=\"300\" height=\"206\" srcset=\"https:\/\/laprensacristiana.com\/wp-content\/uploads\/2017\/05\/GDS-300x206.jpg 300w, https:\/\/laprensacristiana.com\/wp-content\/uploads\/2017\/05\/GDS-600x412.jpg 600w, https:\/\/laprensacristiana.com\/wp-content\/uploads\/2017\/05\/GDS-768x528.jpg 768w, https:\/\/laprensacristiana.com\/wp-content\/uploads\/2017\/05\/GDS-100x70.jpg 100w, https:\/\/laprensacristiana.com\/wp-content\/uploads\/2017\/05\/GDS-218x150.jpg 218w, https:\/\/laprensacristiana.com\/wp-content\/uploads\/2017\/05\/GDS-696x478.jpg 696w, https:\/\/laprensacristiana.com\/wp-content\/uploads\/2017\/05\/GDS-611x420.jpg 611w, https:\/\/laprensacristiana.com\/wp-content\/uploads\/2017\/05\/GDS.jpg 949w\" sizes=\"(max-width: 300px) 100vw, 300px\" \/>El concierto dio inicio a las 4 de la tarde, conducido por el comunicador Samuel Barraza y dando su apertura GDS Band, quienes pusieron al p\u00fablico a calentar motores para todo lo que se esperaba en el transcurso de la actividad.<\/p>\n<p>Muchas personas de diferentes denominaciones se hicieron presentes en el lugar, grupos familiares, de amigos y congregaciones se dieron cita para poder disfrutar de los salmistas invitados. En el evento hubo momentos de oraci\u00f3n y adoraci\u00f3n por el triunfo del medio de comunicaci\u00f3n cristiano.<\/p>\n<p style=\"text-align: left;\"><img decoding=\"async\" loading=\"lazy\" class=\"alignnone size-medium wp-image-2773 aligncenter\" src=\"https:\/\/laprensacristiana.com\/wp-content\/uploads\/2017\/05\/HNO-MEDINA-300x200.jpg\" alt=\"De izquierda a derecha: Luis Medina (director de LPC), Pastor Vladimir Rivas y Samuel Barraza.\" width=\"300\" height=\"200\" srcset=\"https:\/\/laprensacristiana.com\/wp-content\/uploads\/2017\/05\/HNO-MEDINA-300x200.jpg 300w, https:\/\/laprensacristiana.com\/wp-content\/uploads\/2017\/05\/HNO-MEDINA-600x400.jpg 600w, https:\/\/laprensacristiana.com\/wp-content\/uploads\/2017\/05\/HNO-MEDINA-768x512.jpg 768w, https:\/\/laprensacristiana.com\/wp-content\/uploads\/2017\/05\/HNO-MEDINA-696x464.jpg 696w, https:\/\/laprensacristiana.com\/wp-content\/uploads\/2017\/05\/HNO-MEDINA-630x420.jpg 630w, https:\/\/laprensacristiana.com\/wp-content\/uploads\/2017\/05\/HNO-MEDINA.jpg 1020w\" sizes=\"(max-width: 300px) 100vw, 300px\" \/>El director del medio, Luis Medina, dijo sentirse agradecido con Dios y con cada una de las personas que forman parte activa del medio. Adem\u00e1s recalc\u00f3 que: <strong><em>\u201cLa Prensa Cristiana como tal, est\u00e1 cumpliendo sus prop\u00f3sitos y hoy en d\u00eda m\u00e1s que ser informaci\u00f3n, es una herramienta para el cristiano\u201d.<img decoding=\"async\" loading=\"lazy\" class=\"alignleft size-medium wp-image-2774\" src=\"https:\/\/laprensacristiana.com\/wp-content\/uploads\/2017\/05\/PASTOR-200x300.png\" alt=\"Pastor Danny Verdugo \" width=\"200\" height=\"300\" srcset=\"https:\/\/laprensacristiana.com\/wp-content\/uploads\/2017\/05\/PASTOR-200x300.png 200w, https:\/\/laprensacristiana.com\/wp-content\/uploads\/2017\/05\/PASTOR-600x900.png 600w, https:\/\/laprensacristiana.com\/wp-content\/uploads\/2017\/05\/PASTOR-280x420.png 280w, https:\/\/laprensacristiana.com\/wp-content\/uploads\/2017\/05\/PASTOR.png 672w\" sizes=\"(max-width: 200px) 100vw, 200px\" \/><\/em><\/strong><\/p>\n<p>La palabra de Dios estuvo dirigida por el Rev.\u00a0Danny Verdugo desde la ciudad de Nueva York, quien tambi\u00e9n expres\u00f3: <strong><em>\u201cPara m\u00ed es un privilegio estar aqu\u00ed. El a\u00f1o pasado tuve la oportunidad de sentarme con el equipo y ver tras cortinas c\u00f3mo funcionan y ver como se esmeran para que la noticia llegue a todo aquel que pueda leerla\u201d. <\/em><\/strong><\/p>\n<p>Entre los artistas que estuvieron presentes estuvo: Lion RFC, Roca Eterna, Pablo Rosales, Ricardo Quinteros, Rene Caballero, Todos por El Salvador.<\/p>\n<p><strong><em>\u201cHa sido una gran bendici\u00f3n compartir escenario con personas de gran trayectoria en el pa\u00eds. A los lectores de LPC les digo que puedan seguir apoyando este medio y que no sea solo un a\u00f1o, sino, m\u00e1s y que Dios haga su obra por medio de La Prensa Cristiana que es de gran bendici\u00f3n\u201d.<\/em><\/strong> As\u00ed se expres\u00f3 Rene Caballero quien hacia la presentaci\u00f3n de su disco.<img decoding=\"async\" loading=\"lazy\" class=\"alignleft size-medium wp-image-2775\" src=\"https:\/\/laprensacristiana.com\/wp-content\/uploads\/2017\/05\/PASTOR-JUAN-CARLOS-RIVAS-200x300.png\" alt=\"Pastor Juan Carlos Rivas\" width=\"200\" height=\"300\" srcset=\"https:\/\/laprensacristiana.com\/wp-content\/uploads\/2017\/05\/PASTOR-JUAN-CARLOS-RIVAS-200x300.png 200w, https:\/\/laprensacristiana.com\/wp-content\/uploads\/2017\/05\/PASTOR-JUAN-CARLOS-RIVAS-600x900.png 600w, https:\/\/laprensacristiana.com\/wp-content\/uploads\/2017\/05\/PASTOR-JUAN-CARLOS-RIVAS-280x420.png 280w, https:\/\/laprensacristiana.com\/wp-content\/uploads\/2017\/05\/PASTOR-JUAN-CARLOS-RIVAS.png 672w\" sizes=\"(max-width: 200px) 100vw, 200px\" \/><\/p>\n<p>Juan Carlos Rivas, pastor y shofarista de El Salvador, expres\u00f3: <strong><em>\u00abLa Prensa Cristiana ha sido de gran bendici\u00f3n nacional e internacional, ha tocado fronteras la unidad que LPC quiere hacer en el pa\u00eds se ha visto igual que su desempe\u00f1o. Yo invito a los pastores que no desmayemos, hay que enfocarnos apara llevar la palabra por medio de LPC. \u00a1Los felicito! Que la gloria de Dios sea derramada, porque esto va para m\u00e1s\u00bb.\u00a0<\/em><\/strong><\/p>\n<p>Galer\u00eda de Fotos:<\/p>\n<p><img decoding=\"async\" loading=\"lazy\" class=\"alignleft size-medium wp-image-2776\" src=\"https:\/\/laprensacristiana.com\/wp-content\/uploads\/2017\/05\/LION-300x200.jpg\" alt=\"Lion\" width=\"300\" height=\"200\" srcset=\"https:\/\/laprensacristiana.com\/wp-content\/uploads\/2017\/05\/LION-300x200.jpg 300w, https:\/\/laprensacristiana.com\/wp-content\/uploads\/2017\/05\/LION-600x400.jpg 600w, https:\/\/laprensacristiana.com\/wp-content\/uploads\/2017\/05\/LION-768x512.jpg 768w, https:\/\/laprensacristiana.com\/wp-content\/uploads\/2017\/05\/LION-696x464.jpg 696w, https:\/\/laprensacristiana.com\/wp-content\/uploads\/2017\/05\/LION-630x420.jpg 630w, https:\/\/laprensacristiana.com\/wp-content\/uploads\/2017\/05\/LION.jpg 1008w\" sizes=\"(max-width: 300px) 100vw, 300px\" \/><\/p>\n<p><img decoding=\"async\" loading=\"lazy\" class=\"alignleft size-medium wp-image-2777\" src=\"https:\/\/laprensacristiana.com\/wp-content\/uploads\/2017\/05\/RENE-CABALLERO-300x200.jpg\" alt=\"Rene Caballero\" width=\"300\" height=\"200\" srcset=\"https:\/\/laprensacristiana.com\/wp-content\/uploads\/2017\/05\/RENE-CABALLERO-300x200.jpg 300w, https:\/\/laprensacristiana.com\/wp-content\/uploads\/2017\/05\/RENE-CABALLERO-600x400.jpg 600w, https:\/\/laprensacristiana.com\/wp-content\/uploads\/2017\/05\/RENE-CABALLERO-768x512.jpg 768w, https:\/\/laprensacristiana.com\/wp-content\/uploads\/2017\/05\/RENE-CABALLERO-696x464.jpg 696w, https:\/\/laprensacristiana.com\/wp-content\/uploads\/2017\/05\/RENE-CABALLERO-630x420.jpg 630w, https:\/\/laprensacristiana.com\/wp-content\/uploads\/2017\/05\/RENE-CABALLERO.jpg 1008w\" sizes=\"(max-width: 300px) 100vw, 300px\" \/><img decoding=\"async\" loading=\"lazy\" class=\"alignleft size-medium wp-image-2778\" src=\"https:\/\/laprensacristiana.com\/wp-content\/uploads\/2017\/05\/TODOS-POR-EL-SALVADOR-300x200.jpg\" alt=\"Todos por El Salvador \" width=\"300\" height=\"200\" srcset=\"https:\/\/laprensacristiana.com\/wp-content\/uploads\/2017\/05\/TODOS-POR-EL-SALVADOR-300x200.jpg 300w, https:\/\/laprensacristiana.com\/wp-content\/uploads\/2017\/05\/TODOS-POR-EL-SALVADOR-600x400.jpg 600w, https:\/\/laprensacristiana.com\/wp-content\/uploads\/2017\/05\/TODOS-POR-EL-SALVADOR-768x512.jpg 768w, https:\/\/laprensacristiana.com\/wp-content\/uploads\/2017\/05\/TODOS-POR-EL-SALVADOR-696x464.jpg 696w, https:\/\/laprensacristiana.com\/wp-content\/uploads\/2017\/05\/TODOS-POR-EL-SALVADOR-630x420.jpg 630w, https:\/\/laprensacristiana.com\/wp-content\/uploads\/2017\/05\/TODOS-POR-EL-SALVADOR.jpg 1008w\" sizes=\"(max-width: 300px) 100vw, 300px\" \/><img decoding=\"async\" loading=\"lazy\" class=\"alignleft size-medium wp-image-2779\" src=\"https:\/\/laprensacristiana.com\/wp-content\/uploads\/2017\/05\/ROCA-ETERNA-Y-RICARDO-QUINTEROS-200x300.jpg\" alt=\"Roca Eterna y Ricardo Quinteros\" width=\"200\" height=\"300\" srcset=\"https:\/\/laprensacristiana.com\/wp-content\/uploads\/2017\/05\/ROCA-ETERNA-Y-RICARDO-QUINTEROS-200x300.jpg 200w, https:\/\/laprensacristiana.com\/wp-content\/uploads\/2017\/05\/ROCA-ETERNA-Y-RICARDO-QUINTEROS-600x900.jpg 600w, https:\/\/laprensacristiana.com\/wp-content\/uploads\/2017\/05\/ROCA-ETERNA-Y-RICARDO-QUINTEROS-280x420.jpg 280w, https:\/\/laprensacristiana.com\/wp-content\/uploads\/2017\/05\/ROCA-ETERNA-Y-RICARDO-QUINTEROS.jpg 672w\" sizes=\"(max-width: 200px) 100vw, 200px\" \/><img decoding=\"async\" loading=\"lazy\" class=\"alignleft size-medium wp-image-2780\" src=\"https:\/\/laprensacristiana.com\/wp-content\/uploads\/2017\/05\/PABLO-200x300.jpg\" alt=\"Pablo Rosales\" width=\"200\" height=\"300\" srcset=\"https:\/\/laprensacristiana.com\/wp-content\/uploads\/2017\/05\/PABLO-200x300.jpg 200w, https:\/\/laprensacristiana.com\/wp-content\/uploads\/2017\/05\/PABLO-600x900.jpg 600w, https:\/\/laprensacristiana.com\/wp-content\/uploads\/2017\/05\/PABLO-280x420.jpg 280w, https:\/\/laprensacristiana.com\/wp-content\/uploads\/2017\/05\/PABLO.jpg 672w\" sizes=\"(max-width: 200px) 100vw, 200px\" \/><img decoding=\"async\" loading=\"lazy\" class=\"alignleft size-medium wp-image-2781\" src=\"https:\/\/laprensacristiana.com\/wp-content\/uploads\/2017\/05\/P\u00daBLICO-300x200.jpg\" alt=\"P\u00fablico disfrutando \" width=\"300\" height=\"200\" srcset=\"https:\/\/laprensacristiana.com\/wp-content\/uploads\/2017\/05\/P\u00daBLICO-300x200.jpg 300w, https:\/\/laprensacristiana.com\/wp-content\/uploads\/2017\/05\/P\u00daBLICO-600x400.jpg 600w, https:\/\/laprensacristiana.com\/wp-content\/uploads\/2017\/05\/P\u00daBLICO-768x512.jpg 768w, https:\/\/laprensacristiana.com\/wp-content\/uploads\/2017\/05\/P\u00daBLICO-696x464.jpg 696w, https:\/\/laprensacristiana.com\/wp-content\/uploads\/2017\/05\/P\u00daBLICO-630x420.jpg 630w, https:\/\/laprensacristiana.com\/wp-content\/uploads\/2017\/05\/P\u00daBLICO.jpg 1008w\" sizes=\"(max-width: 300px) 100vw, 300px\" \/><\/p>\n","protected":false},"excerpt":{"rendered":"<p>Desde horas antes del esperado concierto con tributo a la m\u00fasica salvadore\u00f1a\u00a0se hac\u00edan los \u00faltimos retoques para dar inicio al evento que celebraba el primer aniversario de La Prensa Cristiana el pasado s\u00e1bado, llev\u00e1ndose a cabo en el auditorio de Iglesia de Dios en El Salvador. El concierto dio inicio a las 4 de la [&hellip;]<\/p>\n","protected":false},"author":3,"featured_media":2782,"comment_status":"open","ping_status":"open","sticky":false,"template":"","format":"standard","meta":[],"categories":[56],"tags":[],"yoast_head":"<!-- This site is optimized with the Yoast SEO plugin v20.8 - https:\/\/yoast.com\/wordpress\/plugins\/seo\/ -->\n<title>As\u00ed se vivi\u00f3 el primer aniversario de LPC - La Prensa Cristiana<\/title>\n<meta name=\"robots\" content=\"index, follow, max-snippet:-1, max-image-preview:large, max-video-preview:-1\" \/>\n<link rel=\"canonical\" href=\"https:\/\/laprensacristiana.com\/?p=2771\" \/>\n<meta property=\"og:locale\" content=\"es_ES\" \/>\n<meta property=\"og:type\" content=\"article\" \/>\n<meta property=\"og:title\" content=\"As\u00ed se vivi\u00f3 el primer aniversario de LPC - La Prensa Cristiana\" \/>\n<meta property=\"og:description\" content=\"Desde horas antes del esperado concierto con tributo a la m\u00fasica salvadore\u00f1a\u00a0se hac\u00edan los \u00faltimos retoques para dar inicio al evento que celebraba el primer aniversario de La Prensa Cristiana el pasado s\u00e1bado, llev\u00e1ndose a cabo en el auditorio de Iglesia de Dios en El Salvador. El concierto dio inicio a las 4 de la [&hellip;]\" \/>\n<meta property=\"og:url\" content=\"https:\/\/laprensacristiana.com\/?p=2771\" \/>\n<meta property=\"og:site_name\" content=\"La Prensa Cristiana\" \/>\n<meta property=\"article:published_time\" content=\"2017-05-02T19:40:16+00:00\" \/>\n<meta property=\"article:modified_time\" content=\"2020-07-02T00:51:03+00:00\" \/>\n<meta property=\"og:image\" content=\"https:\/\/laprensacristiana.com\/wp-content\/uploads\/2017\/05\/PORTADA.jpg\" \/>\n\t<meta property=\"og:image:width\" content=\"1224\" \/>\n\t<meta property=\"og:image:height\" content=\"539\" \/>\n\t<meta property=\"og:image:type\" content=\"image\/jpeg\" \/>\n<meta name=\"author\" content=\"EDITOR\" \/>\n<meta name=\"twitter:card\" content=\"summary_large_image\" \/>\n<meta name=\"twitter:label1\" content=\"Escrito por\" \/>\n\t<meta name=\"twitter:data1\" content=\"EDITOR\" \/>\n\t<meta name=\"twitter:label2\" content=\"Tiempo de lectura\" \/>\n\t<meta name=\"twitter:data2\" content=\"2 minutos\" \/>\n<script type=\"application\/ld+json\" class=\"yoast-schema-graph\">{\"@context\":\"https:\/\/schema.org\",\"@graph\":[{\"@type\":\"WebPage\",\"@id\":\"https:\/\/laprensacristiana.com\/?p=2771\",\"url\":\"https:\/\/laprensacristiana.com\/?p=2771\",\"name\":\"As\u00ed se vivi\u00f3 el primer aniversario de LPC - La Prensa Cristiana\",\"isPartOf\":{\"@id\":\"https:\/\/laprensacristiana.com\/#website\"},\"datePublished\":\"2017-05-02T19:40:16+00:00\",\"dateModified\":\"2020-07-02T00:51:03+00:00\",\"author\":{\"@id\":\"https:\/\/laprensacristiana.com\/#\/schema\/person\/3e7d82c6bfd6b1fa67010f8f7cd5256e\"},\"breadcrumb\":{\"@id\":\"https:\/\/laprensacristiana.com\/?p=2771#breadcrumb\"},\"inLanguage\":\"es\",\"potentialAction\":[{\"@type\":\"ReadAction\",\"target\":[\"https:\/\/laprensacristiana.com\/?p=2771\"]}]},{\"@type\":\"BreadcrumbList\",\"@id\":\"https:\/\/laprensacristiana.com\/?p=2771#breadcrumb\",\"itemListElement\":[{\"@type\":\"ListItem\",\"position\":1,\"name\":\"Portada\",\"item\":\"https:\/\/laprensacristiana.com\/\"},{\"@type\":\"ListItem\",\"position\":2,\"name\":\"As\u00ed se vivi\u00f3 el primer aniversario de LPC\"}]},{\"@type\":\"WebSite\",\"@id\":\"https:\/\/laprensacristiana.com\/#website\",\"url\":\"https:\/\/laprensacristiana.com\/\",\"name\":\"La Prensa Cristiana\",\"description\":\"Anunciando Las Buenas Nuevas\",\"potentialAction\":[{\"@type\":\"SearchAction\",\"target\":{\"@type\":\"EntryPoint\",\"urlTemplate\":\"https:\/\/laprensacristiana.com\/?s={search_term_string}\"},\"query-input\":\"required name=search_term_string\"}],\"inLanguage\":\"es\"},{\"@type\":\"Person\",\"@id\":\"https:\/\/laprensacristiana.com\/#\/schema\/person\/3e7d82c6bfd6b1fa67010f8f7cd5256e\",\"name\":\"EDITOR\",\"image\":{\"@type\":\"ImageObject\",\"inLanguage\":\"es\",\"@id\":\"https:\/\/laprensacristiana.com\/#\/schema\/person\/image\/\",\"url\":\"https:\/\/secure.gravatar.com\/avatar\/72069dfb6c13772d9e8381e3638666d2?s=96&d=mm&r=g\",\"contentUrl\":\"https:\/\/secure.gravatar.com\/avatar\/72069dfb6c13772d9e8381e3638666d2?s=96&d=mm&r=g\",\"caption\":\"EDITOR\"},\"url\":\"https:\/\/laprensacristiana.com\/?author=3\"}]}<\/script>\n<!-- \/ Yoast SEO plugin. -->","yoast_head_json":{"title":"As\u00ed se vivi\u00f3 el primer aniversario de LPC - La Prensa Cristiana","robots":{"index":"index","follow":"follow","max-snippet":"max-snippet:-1","max-image-preview":"max-image-preview:large","max-video-preview":"max-video-preview:-1"},"canonical":"https:\/\/laprensacristiana.com\/?p=2771","og_locale":"es_ES","og_type":"article","og_title":"As\u00ed se vivi\u00f3 el primer aniversario de LPC - La Prensa Cristiana","og_description":"Desde horas antes del esperado concierto con tributo a la m\u00fasica salvadore\u00f1a\u00a0se hac\u00edan los \u00faltimos retoques para dar inicio al evento que celebraba el primer aniversario de La Prensa Cristiana el pasado s\u00e1bado, llev\u00e1ndose a cabo en el auditorio de Iglesia de Dios en El Salvador. El concierto dio inicio a las 4 de la [&hellip;]","og_url":"https:\/\/laprensacristiana.com\/?p=2771","og_site_name":"La Prensa Cristiana","article_published_time":"2017-05-02T19:40:16+00:00","article_modified_time":"2020-07-02T00:51:03+00:00","og_image":[{"width":1224,"height":539,"url":"https:\/\/laprensacristiana.com\/wp-content\/uploads\/2017\/05\/PORTADA.jpg","type":"image\/jpeg"}],"author":"EDITOR","twitter_card":"summary_large_image","twitter_misc":{"Escrito por":"EDITOR","Tiempo de lectura":"2 minutos"},"schema":{"@context":"https:\/\/schema.org","@graph":[{"@type":"WebPage","@id":"https:\/\/laprensacristiana.com\/?p=2771","url":"https:\/\/laprensacristiana.com\/?p=2771","name":"As\u00ed se vivi\u00f3 el primer aniversario de LPC - La Prensa Cristiana","isPartOf":{"@id":"https:\/\/laprensacristiana.com\/#website"},"datePublished":"2017-05-02T19:40:16+00:00","dateModified":"2020-07-02T00:51:03+00:00","author":{"@id":"https:\/\/laprensacristiana.com\/#\/schema\/person\/3e7d82c6bfd6b1fa67010f8f7cd5256e"},"breadcrumb":{"@id":"https:\/\/laprensacristiana.com\/?p=2771#breadcrumb"},"inLanguage":"es","potentialAction":[{"@type":"ReadAction","target":["https:\/\/laprensacristiana.com\/?p=2771"]}]},{"@type":"BreadcrumbList","@id":"https:\/\/laprensacristiana.com\/?p=2771#breadcrumb","itemListElement":[{"@type":"ListItem","position":1,"name":"Portada","item":"https:\/\/laprensacristiana.com\/"},{"@type":"ListItem","position":2,"name":"As\u00ed se vivi\u00f3 el primer aniversario de LPC"}]},{"@type":"WebSite","@id":"https:\/\/laprensacristiana.com\/#website","url":"https:\/\/laprensacristiana.com\/","name":"La Prensa Cristiana","description":"Anunciando Las Buenas Nuevas","potentialAction":[{"@type":"SearchAction","target":{"@type":"EntryPoint","urlTemplate":"https:\/\/laprensacristiana.com\/?s={search_term_string}"},"query-input":"required name=search_term_string"}],"inLanguage":"es"},{"@type":"Person","@id":"https:\/\/laprensacristiana.com\/#\/schema\/person\/3e7d82c6bfd6b1fa67010f8f7cd5256e","name":"EDITOR","image":{"@type":"ImageObject","inLanguage":"es","@id":"https:\/\/laprensacristiana.com\/#\/schema\/person\/image\/","url":"https:\/\/secure.gravatar.com\/avatar\/72069dfb6c13772d9e8381e3638666d2?s=96&d=mm&r=g","contentUrl":"https:\/\/secure.gravatar.com\/avatar\/72069dfb6c13772d9e8381e3638666d2?s=96&d=mm&r=g","caption":"EDITOR"},"url":"https:\/\/laprensacristiana.com\/?author=3"}]}},"_links":{"self":[{"href":"https:\/\/laprensacristiana.com\/index.php?rest_route=\/wp\/v2\/posts\/2771"}],"collection":[{"href":"https:\/\/laprensacristiana.com\/index.php?rest_route=\/wp\/v2\/posts"}],"about":[{"href":"https:\/\/laprensacristiana.com\/index.php?rest_route=\/wp\/v2\/types\/post"}],"author":[{"embeddable":true,"href":"https:\/\/laprensacristiana.com\/index.php?rest_route=\/wp\/v2\/users\/3"}],"replies":[{"embeddable":true,"href":"https:\/\/laprensacristiana.com\/index.php?rest_route=%2Fwp%2Fv2%2Fcomments&post=2771"}],"version-history":[{"count":4,"href":"https:\/\/laprensacristiana.com\/index.php?rest_route=\/wp\/v2\/posts\/2771\/revisions"}],"predecessor-version":[{"id":2786,"href":"https:\/\/laprensacristiana.com\/index.php?rest_route=\/wp\/v2\/posts\/2771\/revisions\/2786"}],"wp:featuredmedia":[{"embeddable":true,"href":"https:\/\/laprensacristiana.com\/index.php?rest_route=\/wp\/v2\/media\/2782"}],"wp:attachment":[{"href":"https:\/\/laprensacristiana.com\/index.php?rest_route=%2Fwp%2Fv2%2Fmedia&parent=2771"}],"wp:term":[{"taxonomy":"category","embeddable":true,"href":"https:\/\/laprensacristiana.com\/index.php?rest_route=%2Fwp%2Fv2%2Fcategories&post=2771"},{"taxonomy":"post_tag","embeddable":true,"href":"https:\/\/laprensacristiana.com\/index.php?rest_route=%2Fwp%2Fv2%2Ftags&post=2771"}],"curies":[{"name":"wp","href":"https:\/\/api.w.org\/{rel}","templated":true}]}}