{"id":2792,"date":"2017-05-10T15:48:13","date_gmt":"2017-05-10T15:48:13","guid":{"rendered":"https:\/\/laprensacristiana.com\/?p=2792"},"modified":"2020-07-02T00:50:35","modified_gmt":"2020-07-02T00:50:35","slug":"sociedad-biblica-lanza-comic-no-temas","status":"publish","type":"post","link":"https:\/\/laprensacristiana.com\/?p=2792","title":{"rendered":"SOCIEDAD B\u00cdBLICA LANZA C\u00d3MIC \u201cNO TEMAS\u201d"},"content":{"rendered":"<p><strong>Sama estaba rodeado de muchos temores y hab\u00eda perdido toda su esperanza, pero\u2026 alguien lleg\u00f3 al rescate<\/strong><\/p>\n<p><strong>No temas,<\/strong> un c\u00f3mic de Sociedad B\u00edblica de El Salvador, su lanzamiento fue este s\u00e1bado 6 de mayo en CIFCO, donde se present\u00f3 el concepto del c\u00f3mic y el t\u00edtulo del primer cap\u00edtulo es <strong>\u201cNo temas porque yo estoy contigo\u201d<\/strong>, la historia es retomada de la Biblia de una manera para poder ver la vida, que no estamos solos y que a pesar de los miedos que tengamos, si tenemos <strong>Fe<\/strong>, Jes\u00fas estar\u00e1 con nosotros y nos proteger\u00e1 y ayudar\u00e1 a derrotar los devoradores.<\/p>\n<p>Sama el personaje principal de la historia, donde cada persona se puede ver reflejada en \u00e9l, al igual que un protagonista en una historia siempre hay un antagonista y en este caso son los devoradores quienes influyen el temor. Disfruta de este emocionante c\u00f3mic, donde incita a los ni\u00f1os que puedan entender que no est\u00e1n solos y que pueden enfrentar cada uno de los temores. <strong>\u201cEste material es una respuesta a la sociedad, va dirigido a ni\u00f1os de entre 9 a 15 a\u00f1os, sin embargo, la cultura del c\u00f3mic abarca muchas edades y eso no impide a que un adulto pueda adquirirlo y leerlo\u201d<\/strong> expres\u00f3 Pablo Langlois director de proyecto y multimedia<\/p>\n<p>Iv\u00e1n Anaya es el artista y el escritor, dibujante del c\u00f3mic \u201cNo Temas\u201d. \u201cla estructuraci\u00f3n de este c\u00f3mic tiene mucho que ver con conceptos b\u00edblicos, el concepto naci\u00f3 de las muchas veces que la Biblia dice No temas, es una palabra que se repite bastantes veces, todos tenemos temores, dentro de la historia se busca ayudar a los ni\u00f1os principalmente que venza los temores que se le presenten\u201d concluy\u00f3 Anaya.<\/p>\n<p><img decoding=\"async\" loading=\"lazy\" class=\"size-medium wp-image-2794\" src=\"https:\/\/laprensacristiana.com\/wp-content\/uploads\/2017\/05\/2-300x214.jpg\" alt=\"SONY DSC\" width=\"300\" height=\"214\" srcset=\"https:\/\/laprensacristiana.com\/wp-content\/uploads\/2017\/05\/2-300x214.jpg 300w, https:\/\/laprensacristiana.com\/wp-content\/uploads\/2017\/05\/2-600x428.jpg 600w, https:\/\/laprensacristiana.com\/wp-content\/uploads\/2017\/05\/2-768x548.jpg 768w, https:\/\/laprensacristiana.com\/wp-content\/uploads\/2017\/05\/2-1024x731.jpg 1024w, https:\/\/laprensacristiana.com\/wp-content\/uploads\/2017\/05\/2-100x70.jpg 100w, https:\/\/laprensacristiana.com\/wp-content\/uploads\/2017\/05\/2-696x497.jpg 696w, https:\/\/laprensacristiana.com\/wp-content\/uploads\/2017\/05\/2-1068x763.jpg 1068w, https:\/\/laprensacristiana.com\/wp-content\/uploads\/2017\/05\/2-588x420.jpg 588w\" sizes=\"(max-width: 300px) 100vw, 300px\" \/><\/p>\n<p>&nbsp;<\/p>\n<p>Pablo Gonz\u00e1lez, secretario general de Sociedad B\u00edblica de El Salvador comento:\u00a0 \u201cEste c\u00f3mic va en continuaci\u00f3n del proyecto de ense\u00f1anzas de valores, uno de los problemas que se presentan dentro de la ni\u00f1ez, los j\u00f3venes es el temor, es dif\u00edcil tratar de ense\u00f1arle valores, sin tambi\u00e9n combatir los temores, el principal recurso para manejar el temor es la confianza, conocer los temores, conocer c\u00f3mo se puede vivir con ellos y superarlos, se maneja una historia en la cual el superh\u00e9roe que se llama Sama va a ir enfrentando sus archienemigos que son el miedo, la soledad, el fracaso, la envidia entre otros.<\/p>\n<p>\u201cLa raz\u00f3n por la cual se hace el lanzamiento en CIFCO junto a los dem\u00e1s c\u00f3mic es que casi todos los c\u00f3mic est\u00e1n basados entre el bien y el mal, el bien siempre triunfa, pero tambi\u00e9n se puede identificar que muchos ni\u00f1os se identifican con los personajes malos de los c\u00f3mic, pocos son los que quieren someterse a las reglas, un superh\u00e9roe tiene familia, respeto a su padres, un trabajo, vive dentro de la sociedad con todas las reglas, los malos viven de la delincuencia, causan da\u00f1o, viven solos, pero ese concepto parece que enamora, por eso queremos darle un personaje para que quieran enamorarse y puedan decir yo quiero ser como Sama\u201d expres\u00f3 Pablo Gonz\u00e1lez.<\/p>\n<p>El c\u00f3mic est\u00e1 disponible en: Librer\u00edas Cristianas, Sociedad B\u00edblica de El Salvador y otros establecimientos, el precio de venta es de $2.00,\u00a0 cada dos meses se presentar\u00e1 un nuevo cap\u00edtulo durante 3 a\u00f1os, luego la historia parar\u00e1 y se har\u00e1 que el personaje crezca y que se enfrente a otro tipo de temores, te invitamos a que seas parte de esta historia, gracias a Sociedad B\u00edblica de El Salvador<\/p>\n<p>&nbsp;<\/p>\n","protected":false},"excerpt":{"rendered":"<p>Sama estaba rodeado de muchos temores y hab\u00eda perdido toda su esperanza, pero\u2026 alguien lleg\u00f3 al rescate No temas, un c\u00f3mic de Sociedad B\u00edblica de El Salvador, su lanzamiento fue este s\u00e1bado 6 de mayo en CIFCO, donde se present\u00f3 el concepto del c\u00f3mic y el t\u00edtulo del primer cap\u00edtulo es \u201cNo temas porque yo [&hellip;]<\/p>\n","protected":false},"author":3,"featured_media":2793,"comment_status":"open","ping_status":"open","sticky":false,"template":"","format":"standard","meta":[],"categories":[56],"tags":[],"yoast_head":"<!-- This site is optimized with the Yoast SEO plugin v20.8 - https:\/\/yoast.com\/wordpress\/plugins\/seo\/ -->\n<title>SOCIEDAD B\u00cdBLICA LANZA C\u00d3MIC \u201cNO TEMAS\u201d - La Prensa Cristiana<\/title>\n<meta name=\"robots\" content=\"index, follow, max-snippet:-1, max-image-preview:large, max-video-preview:-1\" \/>\n<link rel=\"canonical\" href=\"https:\/\/laprensacristiana.com\/?p=2792\" \/>\n<meta property=\"og:locale\" content=\"es_ES\" \/>\n<meta property=\"og:type\" content=\"article\" \/>\n<meta property=\"og:title\" content=\"SOCIEDAD B\u00cdBLICA LANZA C\u00d3MIC \u201cNO TEMAS\u201d - La Prensa Cristiana\" \/>\n<meta property=\"og:description\" content=\"Sama estaba rodeado de muchos temores y hab\u00eda perdido toda su esperanza, pero\u2026 alguien lleg\u00f3 al rescate No temas, un c\u00f3mic de Sociedad B\u00edblica de El Salvador, su lanzamiento fue este s\u00e1bado 6 de mayo en CIFCO, donde se present\u00f3 el concepto del c\u00f3mic y el t\u00edtulo del primer cap\u00edtulo es \u201cNo temas porque yo [&hellip;]\" \/>\n<meta property=\"og:url\" content=\"https:\/\/laprensacristiana.com\/?p=2792\" \/>\n<meta property=\"og:site_name\" content=\"La Prensa Cristiana\" \/>\n<meta property=\"article:published_time\" content=\"2017-05-10T15:48:13+00:00\" \/>\n<meta property=\"article:modified_time\" content=\"2020-07-02T00:50:35+00:00\" \/>\n<meta property=\"og:image\" content=\"https:\/\/laprensacristiana.com\/wp-content\/uploads\/2017\/05\/DSC09921-scaled.jpg\" \/>\n\t<meta property=\"og:image:width\" content=\"2560\" \/>\n\t<meta property=\"og:image:height\" content=\"1325\" \/>\n\t<meta property=\"og:image:type\" content=\"image\/jpeg\" \/>\n<meta name=\"author\" content=\"EDITOR\" \/>\n<meta name=\"twitter:card\" content=\"summary_large_image\" \/>\n<meta name=\"twitter:label1\" content=\"Escrito por\" \/>\n\t<meta name=\"twitter:data1\" content=\"EDITOR\" \/>\n\t<meta name=\"twitter:label2\" content=\"Tiempo de lectura\" \/>\n\t<meta name=\"twitter:data2\" content=\"3 minutos\" \/>\n<script type=\"application\/ld+json\" class=\"yoast-schema-graph\">{\"@context\":\"https:\/\/schema.org\",\"@graph\":[{\"@type\":\"WebPage\",\"@id\":\"https:\/\/laprensacristiana.com\/?p=2792\",\"url\":\"https:\/\/laprensacristiana.com\/?p=2792\",\"name\":\"SOCIEDAD B\u00cdBLICA LANZA C\u00d3MIC \u201cNO TEMAS\u201d - La Prensa Cristiana\",\"isPartOf\":{\"@id\":\"https:\/\/laprensacristiana.com\/#website\"},\"datePublished\":\"2017-05-10T15:48:13+00:00\",\"dateModified\":\"2020-07-02T00:50:35+00:00\",\"author\":{\"@id\":\"https:\/\/laprensacristiana.com\/#\/schema\/person\/3e7d82c6bfd6b1fa67010f8f7cd5256e\"},\"breadcrumb\":{\"@id\":\"https:\/\/laprensacristiana.com\/?p=2792#breadcrumb\"},\"inLanguage\":\"es\",\"potentialAction\":[{\"@type\":\"ReadAction\",\"target\":[\"https:\/\/laprensacristiana.com\/?p=2792\"]}]},{\"@type\":\"BreadcrumbList\",\"@id\":\"https:\/\/laprensacristiana.com\/?p=2792#breadcrumb\",\"itemListElement\":[{\"@type\":\"ListItem\",\"position\":1,\"name\":\"Portada\",\"item\":\"https:\/\/laprensacristiana.com\/\"},{\"@type\":\"ListItem\",\"position\":2,\"name\":\"SOCIEDAD B\u00cdBLICA LANZA C\u00d3MIC \u201cNO TEMAS\u201d\"}]},{\"@type\":\"WebSite\",\"@id\":\"https:\/\/laprensacristiana.com\/#website\",\"url\":\"https:\/\/laprensacristiana.com\/\",\"name\":\"La Prensa Cristiana\",\"description\":\"Anunciando Las Buenas Nuevas\",\"potentialAction\":[{\"@type\":\"SearchAction\",\"target\":{\"@type\":\"EntryPoint\",\"urlTemplate\":\"https:\/\/laprensacristiana.com\/?s={search_term_string}\"},\"query-input\":\"required name=search_term_string\"}],\"inLanguage\":\"es\"},{\"@type\":\"Person\",\"@id\":\"https:\/\/laprensacristiana.com\/#\/schema\/person\/3e7d82c6bfd6b1fa67010f8f7cd5256e\",\"name\":\"EDITOR\",\"image\":{\"@type\":\"ImageObject\",\"inLanguage\":\"es\",\"@id\":\"https:\/\/laprensacristiana.com\/#\/schema\/person\/image\/\",\"url\":\"https:\/\/secure.gravatar.com\/avatar\/72069dfb6c13772d9e8381e3638666d2?s=96&d=mm&r=g\",\"contentUrl\":\"https:\/\/secure.gravatar.com\/avatar\/72069dfb6c13772d9e8381e3638666d2?s=96&d=mm&r=g\",\"caption\":\"EDITOR\"},\"url\":\"https:\/\/laprensacristiana.com\/?author=3\"}]}<\/script>\n<!-- \/ Yoast SEO plugin. -->","yoast_head_json":{"title":"SOCIEDAD B\u00cdBLICA LANZA C\u00d3MIC \u201cNO TEMAS\u201d - La Prensa Cristiana","robots":{"index":"index","follow":"follow","max-snippet":"max-snippet:-1","max-image-preview":"max-image-preview:large","max-video-preview":"max-video-preview:-1"},"canonical":"https:\/\/laprensacristiana.com\/?p=2792","og_locale":"es_ES","og_type":"article","og_title":"SOCIEDAD B\u00cdBLICA LANZA C\u00d3MIC \u201cNO TEMAS\u201d - La Prensa Cristiana","og_description":"Sama estaba rodeado de muchos temores y hab\u00eda perdido toda su esperanza, pero\u2026 alguien lleg\u00f3 al rescate No temas, un c\u00f3mic de Sociedad B\u00edblica de El Salvador, su lanzamiento fue este s\u00e1bado 6 de mayo en CIFCO, donde se present\u00f3 el concepto del c\u00f3mic y el t\u00edtulo del primer cap\u00edtulo es \u201cNo temas porque yo [&hellip;]","og_url":"https:\/\/laprensacristiana.com\/?p=2792","og_site_name":"La Prensa Cristiana","article_published_time":"2017-05-10T15:48:13+00:00","article_modified_time":"2020-07-02T00:50:35+00:00","og_image":[{"width":2560,"height":1325,"url":"https:\/\/laprensacristiana.com\/wp-content\/uploads\/2017\/05\/DSC09921-scaled.jpg","type":"image\/jpeg"}],"author":"EDITOR","twitter_card":"summary_large_image","twitter_misc":{"Escrito por":"EDITOR","Tiempo de lectura":"3 minutos"},"schema":{"@context":"https:\/\/schema.org","@graph":[{"@type":"WebPage","@id":"https:\/\/laprensacristiana.com\/?p=2792","url":"https:\/\/laprensacristiana.com\/?p=2792","name":"SOCIEDAD B\u00cdBLICA LANZA C\u00d3MIC \u201cNO TEMAS\u201d - La Prensa Cristiana","isPartOf":{"@id":"https:\/\/laprensacristiana.com\/#website"},"datePublished":"2017-05-10T15:48:13+00:00","dateModified":"2020-07-02T00:50:35+00:00","author":{"@id":"https:\/\/laprensacristiana.com\/#\/schema\/person\/3e7d82c6bfd6b1fa67010f8f7cd5256e"},"breadcrumb":{"@id":"https:\/\/laprensacristiana.com\/?p=2792#breadcrumb"},"inLanguage":"es","potentialAction":[{"@type":"ReadAction","target":["https:\/\/laprensacristiana.com\/?p=2792"]}]},{"@type":"BreadcrumbList","@id":"https:\/\/laprensacristiana.com\/?p=2792#breadcrumb","itemListElement":[{"@type":"ListItem","position":1,"name":"Portada","item":"https:\/\/laprensacristiana.com\/"},{"@type":"ListItem","position":2,"name":"SOCIEDAD B\u00cdBLICA LANZA C\u00d3MIC \u201cNO TEMAS\u201d"}]},{"@type":"WebSite","@id":"https:\/\/laprensacristiana.com\/#website","url":"https:\/\/laprensacristiana.com\/","name":"La Prensa Cristiana","description":"Anunciando Las Buenas Nuevas","potentialAction":[{"@type":"SearchAction","target":{"@type":"EntryPoint","urlTemplate":"https:\/\/laprensacristiana.com\/?s={search_term_string}"},"query-input":"required name=search_term_string"}],"inLanguage":"es"},{"@type":"Person","@id":"https:\/\/laprensacristiana.com\/#\/schema\/person\/3e7d82c6bfd6b1fa67010f8f7cd5256e","name":"EDITOR","image":{"@type":"ImageObject","inLanguage":"es","@id":"https:\/\/laprensacristiana.com\/#\/schema\/person\/image\/","url":"https:\/\/secure.gravatar.com\/avatar\/72069dfb6c13772d9e8381e3638666d2?s=96&d=mm&r=g","contentUrl":"https:\/\/secure.gravatar.com\/avatar\/72069dfb6c13772d9e8381e3638666d2?s=96&d=mm&r=g","caption":"EDITOR"},"url":"https:\/\/laprensacristiana.com\/?author=3"}]}},"_links":{"self":[{"href":"https:\/\/laprensacristiana.com\/index.php?rest_route=\/wp\/v2\/posts\/2792"}],"collection":[{"href":"https:\/\/laprensacristiana.com\/index.php?rest_route=\/wp\/v2\/posts"}],"about":[{"href":"https:\/\/laprensacristiana.com\/index.php?rest_route=\/wp\/v2\/types\/post"}],"author":[{"embeddable":true,"href":"https:\/\/laprensacristiana.com\/index.php?rest_route=\/wp\/v2\/users\/3"}],"replies":[{"embeddable":true,"href":"https:\/\/laprensacristiana.com\/index.php?rest_route=%2Fwp%2Fv2%2Fcomments&post=2792"}],"version-history":[{"count":1,"href":"https:\/\/laprensacristiana.com\/index.php?rest_route=\/wp\/v2\/posts\/2792\/revisions"}],"predecessor-version":[{"id":2795,"href":"https:\/\/laprensacristiana.com\/index.php?rest_route=\/wp\/v2\/posts\/2792\/revisions\/2795"}],"wp:featuredmedia":[{"embeddable":true,"href":"https:\/\/laprensacristiana.com\/index.php?rest_route=\/wp\/v2\/media\/2793"}],"wp:attachment":[{"href":"https:\/\/laprensacristiana.com\/index.php?rest_route=%2Fwp%2Fv2%2Fmedia&parent=2792"}],"wp:term":[{"taxonomy":"category","embeddable":true,"href":"https:\/\/laprensacristiana.com\/index.php?rest_route=%2Fwp%2Fv2%2Fcategories&post=2792"},{"taxonomy":"post_tag","embeddable":true,"href":"https:\/\/laprensacristiana.com\/index.php?rest_route=%2Fwp%2Fv2%2Ftags&post=2792"}],"curies":[{"name":"wp","href":"https:\/\/api.w.org\/{rel}","templated":true}]}}