{"id":2800,"date":"2017-05-10T17:44:06","date_gmt":"2017-05-10T17:44:06","guid":{"rendered":"https:\/\/laprensacristiana.com\/?p=2800"},"modified":"2020-07-02T00:50:13","modified_gmt":"2020-07-02T00:50:13","slug":"dia-de-evangelismo-global","status":"publish","type":"post","link":"https:\/\/laprensacristiana.com\/?p=2800","title":{"rendered":"D\u00eda de Evangelismo Global"},"content":{"rendered":"<p style=\"text-align: justify;\">Por: David Delgado<\/p>\n<p>Desde hace cinco a\u00f1os se celebra cada \u00faltimo s\u00e1bado de mayo el d\u00eda de Evangelismo Mundial.<\/p>\n<p style=\"text-align: justify;\">Global Outreach Day es un movimiento fundado por el evangelista alem\u00e1n Werner Nachtigal. Cada a\u00f1o, en el \u00faltimo s\u00e1bado del mes de mayo producen un momento especial en todo el mundo, logran que la iglesia a nivel mundial se movilice en la expansi\u00f3n del evangelio y cumplir la Gran Comisi\u00f3n. Produce un momento especial en todo el mundo. Esto ayuda a los creyentes a levantarse y actuar.<\/p>\n<figure id=\"attachment_2802\" aria-describedby=\"caption-attachment-2802\" style=\"width: 225px\" class=\"wp-caption alignnone\"><img decoding=\"async\" loading=\"lazy\" class=\"wp-image-2802 size-medium\" src=\"https:\/\/laprensacristiana.com\/wp-content\/uploads\/2017\/05\/d8acd1d0-30a6-419d-8f34-a02c06d8fb9f-225x300.jpg\" alt=\"d8acd1d0-30a6-419d-8f34-a02c06d8fb9f\" width=\"225\" height=\"300\" srcset=\"https:\/\/laprensacristiana.com\/wp-content\/uploads\/2017\/05\/d8acd1d0-30a6-419d-8f34-a02c06d8fb9f-225x300.jpg 225w, https:\/\/laprensacristiana.com\/wp-content\/uploads\/2017\/05\/d8acd1d0-30a6-419d-8f34-a02c06d8fb9f-600x800.jpg 600w, https:\/\/laprensacristiana.com\/wp-content\/uploads\/2017\/05\/d8acd1d0-30a6-419d-8f34-a02c06d8fb9f-768x1024.jpg 768w, https:\/\/laprensacristiana.com\/wp-content\/uploads\/2017\/05\/d8acd1d0-30a6-419d-8f34-a02c06d8fb9f-696x928.jpg 696w, https:\/\/laprensacristiana.com\/wp-content\/uploads\/2017\/05\/d8acd1d0-30a6-419d-8f34-a02c06d8fb9f-315x420.jpg 315w, https:\/\/laprensacristiana.com\/wp-content\/uploads\/2017\/05\/d8acd1d0-30a6-419d-8f34-a02c06d8fb9f.jpg 960w\" sizes=\"(max-width: 225px) 100vw, 225px\" \/><figcaption id=\"caption-attachment-2802\" class=\"wp-caption-text\">Beat Baumann, director internacional de Global Outreach Day.<\/figcaption><\/figure>\n<p style=\"text-align: justify;\">Beat Baumann, director internacional de G.O.D (por sus siglas en ingl\u00e9s), relat\u00f3 el alcance que este movimiento tiene en el mundo. \u201cEl a\u00f1o anterior 120 millones de personas han conocido el evangelio\u201d. \u201cHubo 4.4 millones de decisiones de fe\u201d. \u201cSe ha realizado en los \u00faltimos cinco a\u00f1os y alrededor de 140 pa\u00edses forman parte de este movimiento\u201d, expres\u00f3.<\/p>\n<p style=\"text-align: justify;\">Por otra parte, Baumann afirma que el 93% de las personas que han nacido de nuevo no comparten el evangelio con otra persona, y con base a esto nace el prop\u00f3sito de G.O.D el cu\u00e1l es que cada persona que conoce el evangelio de Jesucristo lo comparta, al menos, con una persona m\u00e1s, y as\u00ed m\u00e1s personas en el mundo ser\u00e1n alcanzadas.<\/p>\n<p style=\"text-align: justify;\">Para este a\u00f1o, el 27 de mayo es el d\u00eda destinado para llevar a cabo la jornada global de evangelizaci\u00f3n. Baumann hace un llamado a los pastores y a las iglesias evang\u00e9licas para que se unan y formen parte de este movimiento mundial, y as\u00ed cumplir con el mandato de la Gran Comisi\u00f3n.<\/p>\n","protected":false},"excerpt":{"rendered":"<p>Por: David Delgado Desde hace cinco a\u00f1os se celebra cada \u00faltimo s\u00e1bado de mayo el d\u00eda de Evangelismo Mundial. Global Outreach Day es un movimiento fundado por el evangelista alem\u00e1n Werner Nachtigal. Cada a\u00f1o, en el \u00faltimo s\u00e1bado del mes de mayo producen un momento especial en todo el mundo, logran que la iglesia a [&hellip;]<\/p>\n","protected":false},"author":3,"featured_media":2801,"comment_status":"open","ping_status":"open","sticky":false,"template":"","format":"standard","meta":[],"categories":[56],"tags":[],"yoast_head":"<!-- This site is optimized with the Yoast SEO plugin v20.8 - https:\/\/yoast.com\/wordpress\/plugins\/seo\/ -->\n<title>D\u00eda de Evangelismo Global - La Prensa Cristiana<\/title>\n<meta name=\"robots\" content=\"index, follow, max-snippet:-1, max-image-preview:large, max-video-preview:-1\" \/>\n<link rel=\"canonical\" href=\"https:\/\/laprensacristiana.com\/?p=2800\" \/>\n<meta property=\"og:locale\" content=\"es_ES\" \/>\n<meta property=\"og:type\" content=\"article\" \/>\n<meta property=\"og:title\" content=\"D\u00eda de Evangelismo Global - La Prensa Cristiana\" \/>\n<meta property=\"og:description\" content=\"Por: David Delgado Desde hace cinco a\u00f1os se celebra cada \u00faltimo s\u00e1bado de mayo el d\u00eda de Evangelismo Mundial. Global Outreach Day es un movimiento fundado por el evangelista alem\u00e1n Werner Nachtigal. Cada a\u00f1o, en el \u00faltimo s\u00e1bado del mes de mayo producen un momento especial en todo el mundo, logran que la iglesia a [&hellip;]\" \/>\n<meta property=\"og:url\" content=\"https:\/\/laprensacristiana.com\/?p=2800\" \/>\n<meta property=\"og:site_name\" content=\"La Prensa Cristiana\" \/>\n<meta property=\"article:published_time\" content=\"2017-05-10T17:44:06+00:00\" \/>\n<meta property=\"article:modified_time\" content=\"2020-07-02T00:50:13+00:00\" \/>\n<meta property=\"og:image\" content=\"https:\/\/laprensacristiana.com\/wp-content\/uploads\/2017\/05\/logo.gif\" \/>\n\t<meta property=\"og:image:width\" content=\"209\" \/>\n\t<meta property=\"og:image:height\" content=\"298\" \/>\n\t<meta property=\"og:image:type\" content=\"image\/gif\" \/>\n<meta name=\"author\" content=\"EDITOR\" \/>\n<meta name=\"twitter:card\" content=\"summary_large_image\" \/>\n<meta name=\"twitter:label1\" content=\"Escrito por\" \/>\n\t<meta name=\"twitter:data1\" content=\"EDITOR\" \/>\n\t<meta name=\"twitter:label2\" content=\"Tiempo de lectura\" \/>\n\t<meta name=\"twitter:data2\" content=\"1 minuto\" \/>\n<script type=\"application\/ld+json\" class=\"yoast-schema-graph\">{\"@context\":\"https:\/\/schema.org\",\"@graph\":[{\"@type\":\"WebPage\",\"@id\":\"https:\/\/laprensacristiana.com\/?p=2800\",\"url\":\"https:\/\/laprensacristiana.com\/?p=2800\",\"name\":\"D\u00eda de Evangelismo Global - La Prensa Cristiana\",\"isPartOf\":{\"@id\":\"https:\/\/laprensacristiana.com\/#website\"},\"datePublished\":\"2017-05-10T17:44:06+00:00\",\"dateModified\":\"2020-07-02T00:50:13+00:00\",\"author\":{\"@id\":\"https:\/\/laprensacristiana.com\/#\/schema\/person\/3e7d82c6bfd6b1fa67010f8f7cd5256e\"},\"breadcrumb\":{\"@id\":\"https:\/\/laprensacristiana.com\/?p=2800#breadcrumb\"},\"inLanguage\":\"es\",\"potentialAction\":[{\"@type\":\"ReadAction\",\"target\":[\"https:\/\/laprensacristiana.com\/?p=2800\"]}]},{\"@type\":\"BreadcrumbList\",\"@id\":\"https:\/\/laprensacristiana.com\/?p=2800#breadcrumb\",\"itemListElement\":[{\"@type\":\"ListItem\",\"position\":1,\"name\":\"Portada\",\"item\":\"https:\/\/laprensacristiana.com\/\"},{\"@type\":\"ListItem\",\"position\":2,\"name\":\"D\u00eda de Evangelismo Global\"}]},{\"@type\":\"WebSite\",\"@id\":\"https:\/\/laprensacristiana.com\/#website\",\"url\":\"https:\/\/laprensacristiana.com\/\",\"name\":\"La Prensa Cristiana\",\"description\":\"Anunciando Las Buenas Nuevas\",\"potentialAction\":[{\"@type\":\"SearchAction\",\"target\":{\"@type\":\"EntryPoint\",\"urlTemplate\":\"https:\/\/laprensacristiana.com\/?s={search_term_string}\"},\"query-input\":\"required name=search_term_string\"}],\"inLanguage\":\"es\"},{\"@type\":\"Person\",\"@id\":\"https:\/\/laprensacristiana.com\/#\/schema\/person\/3e7d82c6bfd6b1fa67010f8f7cd5256e\",\"name\":\"EDITOR\",\"image\":{\"@type\":\"ImageObject\",\"inLanguage\":\"es\",\"@id\":\"https:\/\/laprensacristiana.com\/#\/schema\/person\/image\/\",\"url\":\"https:\/\/secure.gravatar.com\/avatar\/72069dfb6c13772d9e8381e3638666d2?s=96&d=mm&r=g\",\"contentUrl\":\"https:\/\/secure.gravatar.com\/avatar\/72069dfb6c13772d9e8381e3638666d2?s=96&d=mm&r=g\",\"caption\":\"EDITOR\"},\"url\":\"https:\/\/laprensacristiana.com\/?author=3\"}]}<\/script>\n<!-- \/ Yoast SEO plugin. -->","yoast_head_json":{"title":"D\u00eda de Evangelismo Global - La Prensa Cristiana","robots":{"index":"index","follow":"follow","max-snippet":"max-snippet:-1","max-image-preview":"max-image-preview:large","max-video-preview":"max-video-preview:-1"},"canonical":"https:\/\/laprensacristiana.com\/?p=2800","og_locale":"es_ES","og_type":"article","og_title":"D\u00eda de Evangelismo Global - La Prensa Cristiana","og_description":"Por: David Delgado Desde hace cinco a\u00f1os se celebra cada \u00faltimo s\u00e1bado de mayo el d\u00eda de Evangelismo Mundial. Global Outreach Day es un movimiento fundado por el evangelista alem\u00e1n Werner Nachtigal. Cada a\u00f1o, en el \u00faltimo s\u00e1bado del mes de mayo producen un momento especial en todo el mundo, logran que la iglesia a [&hellip;]","og_url":"https:\/\/laprensacristiana.com\/?p=2800","og_site_name":"La Prensa Cristiana","article_published_time":"2017-05-10T17:44:06+00:00","article_modified_time":"2020-07-02T00:50:13+00:00","og_image":[{"width":209,"height":298,"url":"https:\/\/laprensacristiana.com\/wp-content\/uploads\/2017\/05\/logo.gif","type":"image\/gif"}],"author":"EDITOR","twitter_card":"summary_large_image","twitter_misc":{"Escrito por":"EDITOR","Tiempo de lectura":"1 minuto"},"schema":{"@context":"https:\/\/schema.org","@graph":[{"@type":"WebPage","@id":"https:\/\/laprensacristiana.com\/?p=2800","url":"https:\/\/laprensacristiana.com\/?p=2800","name":"D\u00eda de Evangelismo Global - La Prensa Cristiana","isPartOf":{"@id":"https:\/\/laprensacristiana.com\/#website"},"datePublished":"2017-05-10T17:44:06+00:00","dateModified":"2020-07-02T00:50:13+00:00","author":{"@id":"https:\/\/laprensacristiana.com\/#\/schema\/person\/3e7d82c6bfd6b1fa67010f8f7cd5256e"},"breadcrumb":{"@id":"https:\/\/laprensacristiana.com\/?p=2800#breadcrumb"},"inLanguage":"es","potentialAction":[{"@type":"ReadAction","target":["https:\/\/laprensacristiana.com\/?p=2800"]}]},{"@type":"BreadcrumbList","@id":"https:\/\/laprensacristiana.com\/?p=2800#breadcrumb","itemListElement":[{"@type":"ListItem","position":1,"name":"Portada","item":"https:\/\/laprensacristiana.com\/"},{"@type":"ListItem","position":2,"name":"D\u00eda de Evangelismo Global"}]},{"@type":"WebSite","@id":"https:\/\/laprensacristiana.com\/#website","url":"https:\/\/laprensacristiana.com\/","name":"La Prensa Cristiana","description":"Anunciando Las Buenas Nuevas","potentialAction":[{"@type":"SearchAction","target":{"@type":"EntryPoint","urlTemplate":"https:\/\/laprensacristiana.com\/?s={search_term_string}"},"query-input":"required name=search_term_string"}],"inLanguage":"es"},{"@type":"Person","@id":"https:\/\/laprensacristiana.com\/#\/schema\/person\/3e7d82c6bfd6b1fa67010f8f7cd5256e","name":"EDITOR","image":{"@type":"ImageObject","inLanguage":"es","@id":"https:\/\/laprensacristiana.com\/#\/schema\/person\/image\/","url":"https:\/\/secure.gravatar.com\/avatar\/72069dfb6c13772d9e8381e3638666d2?s=96&d=mm&r=g","contentUrl":"https:\/\/secure.gravatar.com\/avatar\/72069dfb6c13772d9e8381e3638666d2?s=96&d=mm&r=g","caption":"EDITOR"},"url":"https:\/\/laprensacristiana.com\/?author=3"}]}},"_links":{"self":[{"href":"https:\/\/laprensacristiana.com\/index.php?rest_route=\/wp\/v2\/posts\/2800"}],"collection":[{"href":"https:\/\/laprensacristiana.com\/index.php?rest_route=\/wp\/v2\/posts"}],"about":[{"href":"https:\/\/laprensacristiana.com\/index.php?rest_route=\/wp\/v2\/types\/post"}],"author":[{"embeddable":true,"href":"https:\/\/laprensacristiana.com\/index.php?rest_route=\/wp\/v2\/users\/3"}],"replies":[{"embeddable":true,"href":"https:\/\/laprensacristiana.com\/index.php?rest_route=%2Fwp%2Fv2%2Fcomments&post=2800"}],"version-history":[{"count":1,"href":"https:\/\/laprensacristiana.com\/index.php?rest_route=\/wp\/v2\/posts\/2800\/revisions"}],"predecessor-version":[{"id":2803,"href":"https:\/\/laprensacristiana.com\/index.php?rest_route=\/wp\/v2\/posts\/2800\/revisions\/2803"}],"wp:featuredmedia":[{"embeddable":true,"href":"https:\/\/laprensacristiana.com\/index.php?rest_route=\/wp\/v2\/media\/2801"}],"wp:attachment":[{"href":"https:\/\/laprensacristiana.com\/index.php?rest_route=%2Fwp%2Fv2%2Fmedia&parent=2800"}],"wp:term":[{"taxonomy":"category","embeddable":true,"href":"https:\/\/laprensacristiana.com\/index.php?rest_route=%2Fwp%2Fv2%2Fcategories&post=2800"},{"taxonomy":"post_tag","embeddable":true,"href":"https:\/\/laprensacristiana.com\/index.php?rest_route=%2Fwp%2Fv2%2Ftags&post=2800"}],"curies":[{"name":"wp","href":"https:\/\/api.w.org\/{rel}","templated":true}]}}