{"id":2829,"date":"2017-05-18T16:57:44","date_gmt":"2017-05-18T16:57:44","guid":{"rendered":"https:\/\/laprensacristiana.com\/?p=2829"},"modified":"2020-07-02T00:48:11","modified_gmt":"2020-07-02T00:48:11","slug":"mas-que-solo-musica","status":"publish","type":"post","link":"https:\/\/laprensacristiana.com\/?p=2829","title":{"rendered":"M\u00e1s que solo m\u00fasica"},"content":{"rendered":"<p style=\"text-align: justify;\">Por: David Delgado<\/p>\n<p style=\"text-align: justify;\">El salmista Daniel Palacios lanza su nuevo disco titulado \u201cDanzando en tu presencia\u201d.<\/p>\n<p style=\"text-align: justify;\"><img decoding=\"async\" loading=\"lazy\" class=\"alignnone size-medium wp-image-2830\" src=\"https:\/\/laprensacristiana.com\/wp-content\/uploads\/2017\/05\/17155812_10212072320953590_3182923305739280814_n-300x200.jpg\" alt=\"17155812_10212072320953590_3182923305739280814_n\" width=\"300\" height=\"200\" srcset=\"https:\/\/laprensacristiana.com\/wp-content\/uploads\/2017\/05\/17155812_10212072320953590_3182923305739280814_n-300x200.jpg 300w, https:\/\/laprensacristiana.com\/wp-content\/uploads\/2017\/05\/17155812_10212072320953590_3182923305739280814_n-600x399.jpg 600w, https:\/\/laprensacristiana.com\/wp-content\/uploads\/2017\/05\/17155812_10212072320953590_3182923305739280814_n-768x511.jpg 768w, https:\/\/laprensacristiana.com\/wp-content\/uploads\/2017\/05\/17155812_10212072320953590_3182923305739280814_n-696x463.jpg 696w, https:\/\/laprensacristiana.com\/wp-content\/uploads\/2017\/05\/17155812_10212072320953590_3182923305739280814_n-631x420.jpg 631w, https:\/\/laprensacristiana.com\/wp-content\/uploads\/2017\/05\/17155812_10212072320953590_3182923305739280814_n.jpg 960w\" sizes=\"(max-width: 300px) 100vw, 300px\" \/><\/p>\n<p style=\"text-align: justify;\">Con m\u00e1s de una d\u00e9cada de trayectoria en la industria musical, el salmista y pastor Daniel Palacios nos trae su m\u00e1s reciente producci\u00f3n. Con una propuesta fresca e innovadora y letras que exaltan el nombre de Dios que\u00a0 propician un contacto m\u00e1s \u00edntimo con nuestro Creador, Daniel busca lograr este impacto con sus canciones.<\/p>\n<p style=\"text-align: justify;\">Al preguntarle cu\u00e1les son las expectativas del lanzamiento de su disco Daniel dijo que el contenido musical de su material sea de bendici\u00f3n para las iglesias y para los cristianos con un ferviente deseo de buscar a Dios y que haya una verdadera adoraci\u00f3n.<\/p>\n<p style=\"text-align: justify;\">\u201cFue un proceso largo y dif\u00edcil, Dios es el que da la inspiraci\u00f3n, el Esp\u00edritu Santo es el que me ayuda a escribir y hacer los arreglos\u201d. \u201cYo creo que las canciones las inspira con letra y m\u00fasica, el paquete completo\u201d agreg\u00f3, al preguntarle c\u00f3mo fue el proceso de grabaci\u00f3n y composici\u00f3n de cada tema.<\/p>\n<p style=\"text-align: justify;\">\u201cEl objetivo de hacer m\u00fasica es adorar el nombre del Se\u00f1or, con alabanza y c\u00e1ntico nuevo\u201d \u201cMi intenci\u00f3n es llegar a toda persona que tenga en su coraz\u00f3n el profundo deseo de adorar a Dios\u201d, a\u00f1adi\u00f3.<\/p>\n<p style=\"text-align: right;\"><img decoding=\"async\" loading=\"lazy\" class=\"size-medium wp-image-2832 aligncenter\" src=\"https:\/\/laprensacristiana.com\/wp-content\/uploads\/2017\/05\/17156216_10212072321553605_3778841383009233657_n-200x300.jpg\" alt=\"17156216_10212072321553605_3778841383009233657_n\" width=\"200\" height=\"300\" srcset=\"https:\/\/laprensacristiana.com\/wp-content\/uploads\/2017\/05\/17156216_10212072321553605_3778841383009233657_n-200x300.jpg 200w, https:\/\/laprensacristiana.com\/wp-content\/uploads\/2017\/05\/17156216_10212072321553605_3778841383009233657_n-600x901.jpg 600w, https:\/\/laprensacristiana.com\/wp-content\/uploads\/2017\/05\/17156216_10212072321553605_3778841383009233657_n-280x420.jpg 280w, https:\/\/laprensacristiana.com\/wp-content\/uploads\/2017\/05\/17156216_10212072321553605_3778841383009233657_n.jpg 639w\" sizes=\"(max-width: 200px) 100vw, 200px\" \/><\/p>\n<p>Hacer m\u00fasica para Dios no es solo lograr una perfecta armon\u00eda de acordes y escribir una letra que agrade, va mucho m\u00e1s all\u00e1 de eso. Es lograr que las personas tengan una experiencia diferente con Dios al entrar en su presencia.<\/p>\n<p>La Palabra de Dios nos dice en Salmos 148: 13 \u201cAlaben el nombre de Jehov\u00e1, porque solo su nombre es enaltecido. Su gloria es sobre cielos y tierra\u201d.<\/p>\n","protected":false},"excerpt":{"rendered":"<p>Por: David Delgado El salmista Daniel Palacios lanza su nuevo disco titulado \u201cDanzando en tu presencia\u201d. Con m\u00e1s de una d\u00e9cada de trayectoria en la industria musical, el salmista y pastor Daniel Palacios nos trae su m\u00e1s reciente producci\u00f3n. Con una propuesta fresca e innovadora y letras que exaltan el nombre de Dios que\u00a0 propician [&hellip;]<\/p>\n","protected":false},"author":3,"featured_media":2831,"comment_status":"open","ping_status":"open","sticky":false,"template":"","format":"standard","meta":[],"categories":[101],"tags":[],"yoast_head":"<!-- This site is optimized with the Yoast SEO plugin v20.8 - https:\/\/yoast.com\/wordpress\/plugins\/seo\/ -->\n<title>M\u00e1s que solo m\u00fasica - La Prensa Cristiana<\/title>\n<meta name=\"robots\" content=\"index, follow, max-snippet:-1, max-image-preview:large, max-video-preview:-1\" \/>\n<link rel=\"canonical\" href=\"https:\/\/laprensacristiana.com\/?p=2829\" \/>\n<meta property=\"og:locale\" content=\"es_ES\" \/>\n<meta property=\"og:type\" content=\"article\" \/>\n<meta property=\"og:title\" content=\"M\u00e1s que solo m\u00fasica - La Prensa Cristiana\" \/>\n<meta property=\"og:description\" content=\"Por: David Delgado El salmista Daniel Palacios lanza su nuevo disco titulado \u201cDanzando en tu presencia\u201d. Con m\u00e1s de una d\u00e9cada de trayectoria en la industria musical, el salmista y pastor Daniel Palacios nos trae su m\u00e1s reciente producci\u00f3n. Con una propuesta fresca e innovadora y letras que exaltan el nombre de Dios que\u00a0 propician [&hellip;]\" \/>\n<meta property=\"og:url\" content=\"https:\/\/laprensacristiana.com\/?p=2829\" \/>\n<meta property=\"og:site_name\" content=\"La Prensa Cristiana\" \/>\n<meta property=\"article:published_time\" content=\"2017-05-18T16:57:44+00:00\" \/>\n<meta property=\"article:modified_time\" content=\"2020-07-02T00:48:11+00:00\" \/>\n<meta property=\"og:image\" content=\"https:\/\/laprensacristiana.com\/wp-content\/uploads\/2017\/05\/17155993_10212073042691633_183187379748012380_n.jpg\" \/>\n\t<meta property=\"og:image:width\" content=\"532\" \/>\n\t<meta property=\"og:image:height\" content=\"532\" \/>\n\t<meta property=\"og:image:type\" content=\"image\/jpeg\" \/>\n<meta name=\"author\" content=\"EDITOR\" \/>\n<meta name=\"twitter:card\" content=\"summary_large_image\" \/>\n<meta name=\"twitter:label1\" content=\"Escrito por\" \/>\n\t<meta name=\"twitter:data1\" content=\"EDITOR\" \/>\n\t<meta name=\"twitter:label2\" content=\"Tiempo de lectura\" \/>\n\t<meta name=\"twitter:data2\" content=\"1 minuto\" \/>\n<script type=\"application\/ld+json\" class=\"yoast-schema-graph\">{\"@context\":\"https:\/\/schema.org\",\"@graph\":[{\"@type\":\"WebPage\",\"@id\":\"https:\/\/laprensacristiana.com\/?p=2829\",\"url\":\"https:\/\/laprensacristiana.com\/?p=2829\",\"name\":\"M\u00e1s que solo m\u00fasica - La Prensa Cristiana\",\"isPartOf\":{\"@id\":\"https:\/\/laprensacristiana.com\/#website\"},\"datePublished\":\"2017-05-18T16:57:44+00:00\",\"dateModified\":\"2020-07-02T00:48:11+00:00\",\"author\":{\"@id\":\"https:\/\/laprensacristiana.com\/#\/schema\/person\/3e7d82c6bfd6b1fa67010f8f7cd5256e\"},\"breadcrumb\":{\"@id\":\"https:\/\/laprensacristiana.com\/?p=2829#breadcrumb\"},\"inLanguage\":\"es\",\"potentialAction\":[{\"@type\":\"ReadAction\",\"target\":[\"https:\/\/laprensacristiana.com\/?p=2829\"]}]},{\"@type\":\"BreadcrumbList\",\"@id\":\"https:\/\/laprensacristiana.com\/?p=2829#breadcrumb\",\"itemListElement\":[{\"@type\":\"ListItem\",\"position\":1,\"name\":\"Portada\",\"item\":\"https:\/\/laprensacristiana.com\/\"},{\"@type\":\"ListItem\",\"position\":2,\"name\":\"M\u00e1s que solo m\u00fasica\"}]},{\"@type\":\"WebSite\",\"@id\":\"https:\/\/laprensacristiana.com\/#website\",\"url\":\"https:\/\/laprensacristiana.com\/\",\"name\":\"La Prensa Cristiana\",\"description\":\"Anunciando Las Buenas Nuevas\",\"potentialAction\":[{\"@type\":\"SearchAction\",\"target\":{\"@type\":\"EntryPoint\",\"urlTemplate\":\"https:\/\/laprensacristiana.com\/?s={search_term_string}\"},\"query-input\":\"required name=search_term_string\"}],\"inLanguage\":\"es\"},{\"@type\":\"Person\",\"@id\":\"https:\/\/laprensacristiana.com\/#\/schema\/person\/3e7d82c6bfd6b1fa67010f8f7cd5256e\",\"name\":\"EDITOR\",\"image\":{\"@type\":\"ImageObject\",\"inLanguage\":\"es\",\"@id\":\"https:\/\/laprensacristiana.com\/#\/schema\/person\/image\/\",\"url\":\"https:\/\/secure.gravatar.com\/avatar\/72069dfb6c13772d9e8381e3638666d2?s=96&d=mm&r=g\",\"contentUrl\":\"https:\/\/secure.gravatar.com\/avatar\/72069dfb6c13772d9e8381e3638666d2?s=96&d=mm&r=g\",\"caption\":\"EDITOR\"},\"url\":\"https:\/\/laprensacristiana.com\/?author=3\"}]}<\/script>\n<!-- \/ Yoast SEO plugin. -->","yoast_head_json":{"title":"M\u00e1s que solo m\u00fasica - La Prensa Cristiana","robots":{"index":"index","follow":"follow","max-snippet":"max-snippet:-1","max-image-preview":"max-image-preview:large","max-video-preview":"max-video-preview:-1"},"canonical":"https:\/\/laprensacristiana.com\/?p=2829","og_locale":"es_ES","og_type":"article","og_title":"M\u00e1s que solo m\u00fasica - La Prensa Cristiana","og_description":"Por: David Delgado El salmista Daniel Palacios lanza su nuevo disco titulado \u201cDanzando en tu presencia\u201d. Con m\u00e1s de una d\u00e9cada de trayectoria en la industria musical, el salmista y pastor Daniel Palacios nos trae su m\u00e1s reciente producci\u00f3n. Con una propuesta fresca e innovadora y letras que exaltan el nombre de Dios que\u00a0 propician [&hellip;]","og_url":"https:\/\/laprensacristiana.com\/?p=2829","og_site_name":"La Prensa Cristiana","article_published_time":"2017-05-18T16:57:44+00:00","article_modified_time":"2020-07-02T00:48:11+00:00","og_image":[{"width":532,"height":532,"url":"https:\/\/laprensacristiana.com\/wp-content\/uploads\/2017\/05\/17155993_10212073042691633_183187379748012380_n.jpg","type":"image\/jpeg"}],"author":"EDITOR","twitter_card":"summary_large_image","twitter_misc":{"Escrito por":"EDITOR","Tiempo de lectura":"1 minuto"},"schema":{"@context":"https:\/\/schema.org","@graph":[{"@type":"WebPage","@id":"https:\/\/laprensacristiana.com\/?p=2829","url":"https:\/\/laprensacristiana.com\/?p=2829","name":"M\u00e1s que solo m\u00fasica - La Prensa Cristiana","isPartOf":{"@id":"https:\/\/laprensacristiana.com\/#website"},"datePublished":"2017-05-18T16:57:44+00:00","dateModified":"2020-07-02T00:48:11+00:00","author":{"@id":"https:\/\/laprensacristiana.com\/#\/schema\/person\/3e7d82c6bfd6b1fa67010f8f7cd5256e"},"breadcrumb":{"@id":"https:\/\/laprensacristiana.com\/?p=2829#breadcrumb"},"inLanguage":"es","potentialAction":[{"@type":"ReadAction","target":["https:\/\/laprensacristiana.com\/?p=2829"]}]},{"@type":"BreadcrumbList","@id":"https:\/\/laprensacristiana.com\/?p=2829#breadcrumb","itemListElement":[{"@type":"ListItem","position":1,"name":"Portada","item":"https:\/\/laprensacristiana.com\/"},{"@type":"ListItem","position":2,"name":"M\u00e1s que solo m\u00fasica"}]},{"@type":"WebSite","@id":"https:\/\/laprensacristiana.com\/#website","url":"https:\/\/laprensacristiana.com\/","name":"La Prensa Cristiana","description":"Anunciando Las Buenas Nuevas","potentialAction":[{"@type":"SearchAction","target":{"@type":"EntryPoint","urlTemplate":"https:\/\/laprensacristiana.com\/?s={search_term_string}"},"query-input":"required name=search_term_string"}],"inLanguage":"es"},{"@type":"Person","@id":"https:\/\/laprensacristiana.com\/#\/schema\/person\/3e7d82c6bfd6b1fa67010f8f7cd5256e","name":"EDITOR","image":{"@type":"ImageObject","inLanguage":"es","@id":"https:\/\/laprensacristiana.com\/#\/schema\/person\/image\/","url":"https:\/\/secure.gravatar.com\/avatar\/72069dfb6c13772d9e8381e3638666d2?s=96&d=mm&r=g","contentUrl":"https:\/\/secure.gravatar.com\/avatar\/72069dfb6c13772d9e8381e3638666d2?s=96&d=mm&r=g","caption":"EDITOR"},"url":"https:\/\/laprensacristiana.com\/?author=3"}]}},"_links":{"self":[{"href":"https:\/\/laprensacristiana.com\/index.php?rest_route=\/wp\/v2\/posts\/2829"}],"collection":[{"href":"https:\/\/laprensacristiana.com\/index.php?rest_route=\/wp\/v2\/posts"}],"about":[{"href":"https:\/\/laprensacristiana.com\/index.php?rest_route=\/wp\/v2\/types\/post"}],"author":[{"embeddable":true,"href":"https:\/\/laprensacristiana.com\/index.php?rest_route=\/wp\/v2\/users\/3"}],"replies":[{"embeddable":true,"href":"https:\/\/laprensacristiana.com\/index.php?rest_route=%2Fwp%2Fv2%2Fcomments&post=2829"}],"version-history":[{"count":2,"href":"https:\/\/laprensacristiana.com\/index.php?rest_route=\/wp\/v2\/posts\/2829\/revisions"}],"predecessor-version":[{"id":2834,"href":"https:\/\/laprensacristiana.com\/index.php?rest_route=\/wp\/v2\/posts\/2829\/revisions\/2834"}],"wp:featuredmedia":[{"embeddable":true,"href":"https:\/\/laprensacristiana.com\/index.php?rest_route=\/wp\/v2\/media\/2831"}],"wp:attachment":[{"href":"https:\/\/laprensacristiana.com\/index.php?rest_route=%2Fwp%2Fv2%2Fmedia&parent=2829"}],"wp:term":[{"taxonomy":"category","embeddable":true,"href":"https:\/\/laprensacristiana.com\/index.php?rest_route=%2Fwp%2Fv2%2Fcategories&post=2829"},{"taxonomy":"post_tag","embeddable":true,"href":"https:\/\/laprensacristiana.com\/index.php?rest_route=%2Fwp%2Fv2%2Ftags&post=2829"}],"curies":[{"name":"wp","href":"https:\/\/api.w.org\/{rel}","templated":true}]}}