{"id":2835,"date":"2017-05-18T18:20:55","date_gmt":"2017-05-18T18:20:55","guid":{"rendered":"https:\/\/laprensacristiana.com\/?p=2835"},"modified":"2020-07-02T00:48:00","modified_gmt":"2020-07-02T00:48:00","slug":"montreal-banda-en-el-salvador","status":"publish","type":"post","link":"https:\/\/laprensacristiana.com\/?p=2835","title":{"rendered":"Montreal Banda en El Salvador"},"content":{"rendered":"<p style=\"text-align: justify;\">Castillo del Rey El Salvador, presenta a Montreal Banda en el evento IV Cumbre Bellas Artes 2017 este 15 de julio, en donde iglesias participan en diferentes actividades como: dramas, video humano, banda musical, solistas, cantos infantiles, entre otros.<\/p>\n<p style=\"text-align: justify;\">Montreal est\u00e1 compuesta por 5 hermanos, nacidos en Buenos Aires, Argentina, hijos de los pastores Rub\u00e9n y Roxana Gim\u00e9nez, comparten mucho m\u00e1s que su ADN, los une un lazo inquebrantable llamado Jes\u00fas.<\/p>\n<p style=\"text-align: justify;\">Su pasi\u00f3n por la m\u00fasica crec\u00eda mientras ministraban, compon\u00edan melod\u00edas y serv\u00edan en la iglesia local pastoreada por sus padres. As\u00ed reciben el llamado para comenzar el proyecto que siempre so\u00f1aron, transmitir con la m\u00fasica alegr\u00eda, la libertad que Dios les ha regalado y contagiar a la juventud que ama a Cristo.<\/p>\n<p style=\"text-align: justify;\">Actualmente presentando su nueva producci\u00f3n titulada apropiadamente \u00abM\u00e1s color\u00bb, con diez temas in\u00e9ditos de la banda que ha conquistado el coraz\u00f3n de la juventud de habla hispana con su alegre folk pop y sus excelentes armon\u00edas vocales.<\/p>\n<p style=\"text-align: justify;\">Adem\u00e1s con la participaci\u00f3n de Juan de Montreal con sus singulares personajes, \u00a0quien ha ganado fama y seguidores creando videos c\u00f3micos,\u00a0 haciendo doblajes excelentes de escenas de pel\u00edculas que tratan sobre temas del d\u00eda a d\u00eda cristiano y de la iglesia.<\/p>\n<p style=\"text-align: justify;\">El evento se llevar\u00e1 a cabo en el Centro de Convenciones de las Asambleas de Dios CUPINCO ubicado en el Km 30 y media carretera a Comalapa,\u00a0 los tickets se pueden adquirir con los l\u00edderes de cada zona antes del 3 de julio \u00a0el valor es de $5.00.<\/p>\n","protected":false},"excerpt":{"rendered":"<p>Castillo del Rey El Salvador, presenta a Montreal Banda en el evento IV Cumbre Bellas Artes 2017 este 15 de julio, en donde iglesias participan en diferentes actividades como: dramas, video humano, banda musical, solistas, cantos infantiles, entre otros. Montreal est\u00e1 compuesta por 5 hermanos, nacidos en Buenos Aires, Argentina, hijos de los pastores Rub\u00e9n [&hellip;]<\/p>\n","protected":false},"author":3,"featured_media":2836,"comment_status":"open","ping_status":"open","sticky":false,"template":"","format":"standard","meta":[],"categories":[101],"tags":[],"yoast_head":"<!-- This site is optimized with the Yoast SEO plugin v20.8 - https:\/\/yoast.com\/wordpress\/plugins\/seo\/ -->\n<title>Montreal Banda en El Salvador - La Prensa Cristiana<\/title>\n<meta name=\"robots\" content=\"index, follow, max-snippet:-1, max-image-preview:large, max-video-preview:-1\" \/>\n<link rel=\"canonical\" href=\"https:\/\/laprensacristiana.com\/?p=2835\" \/>\n<meta property=\"og:locale\" content=\"es_ES\" \/>\n<meta property=\"og:type\" content=\"article\" \/>\n<meta property=\"og:title\" content=\"Montreal Banda en El Salvador - La Prensa Cristiana\" \/>\n<meta property=\"og:description\" content=\"Castillo del Rey El Salvador, presenta a Montreal Banda en el evento IV Cumbre Bellas Artes 2017 este 15 de julio, en donde iglesias participan en diferentes actividades como: dramas, video humano, banda musical, solistas, cantos infantiles, entre otros. Montreal est\u00e1 compuesta por 5 hermanos, nacidos en Buenos Aires, Argentina, hijos de los pastores Rub\u00e9n [&hellip;]\" \/>\n<meta property=\"og:url\" content=\"https:\/\/laprensacristiana.com\/?p=2835\" \/>\n<meta property=\"og:site_name\" content=\"La Prensa Cristiana\" \/>\n<meta property=\"article:published_time\" content=\"2017-05-18T18:20:55+00:00\" \/>\n<meta property=\"article:modified_time\" content=\"2020-07-02T00:48:00+00:00\" \/>\n<meta property=\"og:image\" content=\"https:\/\/laprensacristiana.com\/wp-content\/uploads\/2017\/05\/MONTREAL.jpg\" \/>\n\t<meta property=\"og:image:width\" content=\"1905\" \/>\n\t<meta property=\"og:image:height\" content=\"996\" \/>\n\t<meta property=\"og:image:type\" content=\"image\/jpeg\" \/>\n<meta name=\"author\" content=\"EDITOR\" \/>\n<meta name=\"twitter:card\" content=\"summary_large_image\" \/>\n<meta name=\"twitter:label1\" content=\"Escrito por\" \/>\n\t<meta name=\"twitter:data1\" content=\"EDITOR\" \/>\n\t<meta name=\"twitter:label2\" content=\"Tiempo de lectura\" \/>\n\t<meta name=\"twitter:data2\" content=\"1 minuto\" \/>\n<script type=\"application\/ld+json\" class=\"yoast-schema-graph\">{\"@context\":\"https:\/\/schema.org\",\"@graph\":[{\"@type\":\"WebPage\",\"@id\":\"https:\/\/laprensacristiana.com\/?p=2835\",\"url\":\"https:\/\/laprensacristiana.com\/?p=2835\",\"name\":\"Montreal Banda en El Salvador - La Prensa Cristiana\",\"isPartOf\":{\"@id\":\"https:\/\/laprensacristiana.com\/#website\"},\"datePublished\":\"2017-05-18T18:20:55+00:00\",\"dateModified\":\"2020-07-02T00:48:00+00:00\",\"author\":{\"@id\":\"https:\/\/laprensacristiana.com\/#\/schema\/person\/3e7d82c6bfd6b1fa67010f8f7cd5256e\"},\"breadcrumb\":{\"@id\":\"https:\/\/laprensacristiana.com\/?p=2835#breadcrumb\"},\"inLanguage\":\"es\",\"potentialAction\":[{\"@type\":\"ReadAction\",\"target\":[\"https:\/\/laprensacristiana.com\/?p=2835\"]}]},{\"@type\":\"BreadcrumbList\",\"@id\":\"https:\/\/laprensacristiana.com\/?p=2835#breadcrumb\",\"itemListElement\":[{\"@type\":\"ListItem\",\"position\":1,\"name\":\"Portada\",\"item\":\"https:\/\/laprensacristiana.com\/\"},{\"@type\":\"ListItem\",\"position\":2,\"name\":\"Montreal Banda en El Salvador\"}]},{\"@type\":\"WebSite\",\"@id\":\"https:\/\/laprensacristiana.com\/#website\",\"url\":\"https:\/\/laprensacristiana.com\/\",\"name\":\"La Prensa Cristiana\",\"description\":\"Anunciando Las Buenas Nuevas\",\"potentialAction\":[{\"@type\":\"SearchAction\",\"target\":{\"@type\":\"EntryPoint\",\"urlTemplate\":\"https:\/\/laprensacristiana.com\/?s={search_term_string}\"},\"query-input\":\"required name=search_term_string\"}],\"inLanguage\":\"es\"},{\"@type\":\"Person\",\"@id\":\"https:\/\/laprensacristiana.com\/#\/schema\/person\/3e7d82c6bfd6b1fa67010f8f7cd5256e\",\"name\":\"EDITOR\",\"image\":{\"@type\":\"ImageObject\",\"inLanguage\":\"es\",\"@id\":\"https:\/\/laprensacristiana.com\/#\/schema\/person\/image\/\",\"url\":\"https:\/\/secure.gravatar.com\/avatar\/72069dfb6c13772d9e8381e3638666d2?s=96&d=mm&r=g\",\"contentUrl\":\"https:\/\/secure.gravatar.com\/avatar\/72069dfb6c13772d9e8381e3638666d2?s=96&d=mm&r=g\",\"caption\":\"EDITOR\"},\"url\":\"https:\/\/laprensacristiana.com\/?author=3\"}]}<\/script>\n<!-- \/ Yoast SEO plugin. -->","yoast_head_json":{"title":"Montreal Banda en El Salvador - La Prensa Cristiana","robots":{"index":"index","follow":"follow","max-snippet":"max-snippet:-1","max-image-preview":"max-image-preview:large","max-video-preview":"max-video-preview:-1"},"canonical":"https:\/\/laprensacristiana.com\/?p=2835","og_locale":"es_ES","og_type":"article","og_title":"Montreal Banda en El Salvador - La Prensa Cristiana","og_description":"Castillo del Rey El Salvador, presenta a Montreal Banda en el evento IV Cumbre Bellas Artes 2017 este 15 de julio, en donde iglesias participan en diferentes actividades como: dramas, video humano, banda musical, solistas, cantos infantiles, entre otros. Montreal est\u00e1 compuesta por 5 hermanos, nacidos en Buenos Aires, Argentina, hijos de los pastores Rub\u00e9n [&hellip;]","og_url":"https:\/\/laprensacristiana.com\/?p=2835","og_site_name":"La Prensa Cristiana","article_published_time":"2017-05-18T18:20:55+00:00","article_modified_time":"2020-07-02T00:48:00+00:00","og_image":[{"width":1905,"height":996,"url":"https:\/\/laprensacristiana.com\/wp-content\/uploads\/2017\/05\/MONTREAL.jpg","type":"image\/jpeg"}],"author":"EDITOR","twitter_card":"summary_large_image","twitter_misc":{"Escrito por":"EDITOR","Tiempo de lectura":"1 minuto"},"schema":{"@context":"https:\/\/schema.org","@graph":[{"@type":"WebPage","@id":"https:\/\/laprensacristiana.com\/?p=2835","url":"https:\/\/laprensacristiana.com\/?p=2835","name":"Montreal Banda en El Salvador - La Prensa Cristiana","isPartOf":{"@id":"https:\/\/laprensacristiana.com\/#website"},"datePublished":"2017-05-18T18:20:55+00:00","dateModified":"2020-07-02T00:48:00+00:00","author":{"@id":"https:\/\/laprensacristiana.com\/#\/schema\/person\/3e7d82c6bfd6b1fa67010f8f7cd5256e"},"breadcrumb":{"@id":"https:\/\/laprensacristiana.com\/?p=2835#breadcrumb"},"inLanguage":"es","potentialAction":[{"@type":"ReadAction","target":["https:\/\/laprensacristiana.com\/?p=2835"]}]},{"@type":"BreadcrumbList","@id":"https:\/\/laprensacristiana.com\/?p=2835#breadcrumb","itemListElement":[{"@type":"ListItem","position":1,"name":"Portada","item":"https:\/\/laprensacristiana.com\/"},{"@type":"ListItem","position":2,"name":"Montreal Banda en El Salvador"}]},{"@type":"WebSite","@id":"https:\/\/laprensacristiana.com\/#website","url":"https:\/\/laprensacristiana.com\/","name":"La Prensa Cristiana","description":"Anunciando Las Buenas Nuevas","potentialAction":[{"@type":"SearchAction","target":{"@type":"EntryPoint","urlTemplate":"https:\/\/laprensacristiana.com\/?s={search_term_string}"},"query-input":"required name=search_term_string"}],"inLanguage":"es"},{"@type":"Person","@id":"https:\/\/laprensacristiana.com\/#\/schema\/person\/3e7d82c6bfd6b1fa67010f8f7cd5256e","name":"EDITOR","image":{"@type":"ImageObject","inLanguage":"es","@id":"https:\/\/laprensacristiana.com\/#\/schema\/person\/image\/","url":"https:\/\/secure.gravatar.com\/avatar\/72069dfb6c13772d9e8381e3638666d2?s=96&d=mm&r=g","contentUrl":"https:\/\/secure.gravatar.com\/avatar\/72069dfb6c13772d9e8381e3638666d2?s=96&d=mm&r=g","caption":"EDITOR"},"url":"https:\/\/laprensacristiana.com\/?author=3"}]}},"_links":{"self":[{"href":"https:\/\/laprensacristiana.com\/index.php?rest_route=\/wp\/v2\/posts\/2835"}],"collection":[{"href":"https:\/\/laprensacristiana.com\/index.php?rest_route=\/wp\/v2\/posts"}],"about":[{"href":"https:\/\/laprensacristiana.com\/index.php?rest_route=\/wp\/v2\/types\/post"}],"author":[{"embeddable":true,"href":"https:\/\/laprensacristiana.com\/index.php?rest_route=\/wp\/v2\/users\/3"}],"replies":[{"embeddable":true,"href":"https:\/\/laprensacristiana.com\/index.php?rest_route=%2Fwp%2Fv2%2Fcomments&post=2835"}],"version-history":[{"count":1,"href":"https:\/\/laprensacristiana.com\/index.php?rest_route=\/wp\/v2\/posts\/2835\/revisions"}],"predecessor-version":[{"id":2837,"href":"https:\/\/laprensacristiana.com\/index.php?rest_route=\/wp\/v2\/posts\/2835\/revisions\/2837"}],"wp:featuredmedia":[{"embeddable":true,"href":"https:\/\/laprensacristiana.com\/index.php?rest_route=\/wp\/v2\/media\/2836"}],"wp:attachment":[{"href":"https:\/\/laprensacristiana.com\/index.php?rest_route=%2Fwp%2Fv2%2Fmedia&parent=2835"}],"wp:term":[{"taxonomy":"category","embeddable":true,"href":"https:\/\/laprensacristiana.com\/index.php?rest_route=%2Fwp%2Fv2%2Fcategories&post=2835"},{"taxonomy":"post_tag","embeddable":true,"href":"https:\/\/laprensacristiana.com\/index.php?rest_route=%2Fwp%2Fv2%2Ftags&post=2835"}],"curies":[{"name":"wp","href":"https:\/\/api.w.org\/{rel}","templated":true}]}}