{"id":2838,"date":"2017-05-22T15:18:33","date_gmt":"2017-05-22T15:18:33","guid":{"rendered":"https:\/\/laprensacristiana.com\/?p=2838"},"modified":"2017-05-22T15:18:33","modified_gmt":"2017-05-22T15:18:33","slug":"crimenes-de-odio","status":"publish","type":"post","link":"https:\/\/laprensacristiana.com\/?p=2838","title":{"rendered":"Cr\u00edmenes de odio"},"content":{"rendered":"<p><em>Por: Pastor Mario Vega<\/em><\/p>\n<p>De acuerdo al Instituto de la Libertad de Religi\u00f3n, aproximadamente tres cuartas partes de la poblaci\u00f3n mundial viven en pa\u00edses y territorios donde la libertad de religi\u00f3n se encuentra restringida. Se calcula que en la actualidad unos 200 millones de cristianos sufren persecuci\u00f3n en el mundo. Algunas veces la persecuci\u00f3n ocurre en pa\u00edses en donde la libertad de culto se encuentra garantizada constitucionalmente, pero en la pr\u00e1ctica, existe una intolerancia hacia las personas que constituyen la minor\u00eda cristiana. En otros pa\u00edses, en donde existe el delito de apostas\u00eda, los cristianos son perseguidos de manera oficial y con el uso de las instituciones de Estado. Es por esto \u00faltimo que el 80% de la persecuci\u00f3n se produce en el mundo musulm\u00e1n. Los pa\u00edses que se muestran menos tolerantes hacia los cristianos son Iraq, Siria y Egipto. Como consecuencia, se calcula que un estimado de 900,000 cristianos han sido asesinados en los \u00faltimos diez a\u00f1os v\u00edctimas de diversos cr\u00edmenes de odio. Eso implicada una media de un cristiano asesinado cada seis minutos. Lo cual, convierte a los cristianos de diversas confesiones en el grupo m\u00e1s perseguido del planeta. M\u00e1s cristianos fueron muertos durante el siglo XX que en los siglos precedentes y en el siglo XXI el \u00edndice se ha incrementado. La persecuci\u00f3n de los cristianos incluye elementos como el uso de bombas, expropiaciones, incendios, demoliciones, restricciones sociales, marginaci\u00f3n laboral, encarcelamientos, exilio, separaciones familiares, golpes, mutilaciones, tortura, violaciones, esclavitud, degollamientos, decapitaciones, fusilamientos, ahorcamientos y crucifixiones. En Colombia y Venezuela existe una recurrencia en hechos de persecuci\u00f3n y en M\u00e9xico, particularmente en Chiapas, existe una abierta hostilidad en contra de los cristianos evang\u00e9licos que ha producido desplazamientos forzosos, violaciones, expropiaciones y asesinatos.<\/p>\n<p>Mientras ese silencioso holocausto ocurre, en la mayor parte de pa\u00edses occidentales apenas nos damos cuenta del drama que ocurre en otros pa\u00edses y continuamos viviendo un cristianismo fr\u00edvolo y despreocupado de los dem\u00e1s. Hay varias cosas que podemos hacer para que las cosas sean diferentes. La primera es cobrar conciencia del doloroso drama que viven los cristianos en pa\u00edses intolerantes. Informarnos de las condiciones que enfrentan, los peligros que corren y las amenazas que sufren. A mayor conciencia tengamos del drama que se vive, m\u00e1s puertas de acci\u00f3n podremos encontrar. El Salvador es un pa\u00eds que posee relaciones diplom\u00e1ticas con muchos de esos pa\u00edses. La diplomacia debe ser utilizada para hacer menci\u00f3n de la conciencia que se tiene de la persecuci\u00f3n y que no pasa desapercibida. Las pol\u00edticas internacionales se construyen a partir de las pol\u00edticas locales. Aquellos esfuerzos que comienzan en lo local, pueden ir desarroll\u00e1ndose en la medida que m\u00e1s personas y funcionarios se suman hasta lograr incidir en las relaciones diplom\u00e1ticas con otros pa\u00edses. Tambi\u00e9n se puede apoyar a las organizaciones cristianas que ejercen una abogac\u00eda a favor de los cristianos perseguidos. Todo ello, sin olvidar el importante papel que posee la oraci\u00f3n. Casos que parec\u00edan perdidos se han resuelto positivamente cuando los creyentes se pusieron de acuerdo en orar por ellos. Eso puede explicar el por qu\u00e9, en los pa\u00edses donde la persecuci\u00f3n es mayor, la iglesia sigue creciendo con mayor celeridad que en los pa\u00edses donde hay libertad de culto. Lo importante es hacer algo, porque si no hablamos, estamos hablando y si no actuamos, estamos actuando.<\/p>\n<p>&nbsp;<\/p>\n","protected":false},"excerpt":{"rendered":"<p>Por: Pastor Mario Vega De acuerdo al Instituto de la Libertad de Religi\u00f3n, aproximadamente tres cuartas partes de la poblaci\u00f3n mundial viven en pa\u00edses y territorios donde la libertad de religi\u00f3n se encuentra restringida. Se calcula que en la actualidad unos 200 millones de cristianos sufren persecuci\u00f3n en el mundo. Algunas veces la persecuci\u00f3n ocurre [&hellip;]<\/p>\n","protected":false},"author":3,"featured_media":410,"comment_status":"open","ping_status":"open","sticky":false,"template":"","format":"standard","meta":[],"categories":[23],"tags":[],"yoast_head":"<!-- This site is optimized with the Yoast SEO plugin v20.8 - https:\/\/yoast.com\/wordpress\/plugins\/seo\/ -->\n<title>Cr\u00edmenes de odio - La Prensa Cristiana<\/title>\n<meta name=\"robots\" content=\"index, follow, max-snippet:-1, max-image-preview:large, max-video-preview:-1\" \/>\n<link rel=\"canonical\" href=\"https:\/\/laprensacristiana.com\/?p=2838\" \/>\n<meta property=\"og:locale\" content=\"es_ES\" \/>\n<meta property=\"og:type\" content=\"article\" \/>\n<meta property=\"og:title\" content=\"Cr\u00edmenes de odio - La Prensa Cristiana\" \/>\n<meta property=\"og:description\" content=\"Por: Pastor Mario Vega De acuerdo al Instituto de la Libertad de Religi\u00f3n, aproximadamente tres cuartas partes de la poblaci\u00f3n mundial viven en pa\u00edses y territorios donde la libertad de religi\u00f3n se encuentra restringida. Se calcula que en la actualidad unos 200 millones de cristianos sufren persecuci\u00f3n en el mundo. Algunas veces la persecuci\u00f3n ocurre [&hellip;]\" \/>\n<meta property=\"og:url\" content=\"https:\/\/laprensacristiana.com\/?p=2838\" \/>\n<meta property=\"og:site_name\" content=\"La Prensa Cristiana\" \/>\n<meta property=\"article:published_time\" content=\"2017-05-22T15:18:33+00:00\" \/>\n<meta property=\"og:image\" content=\"https:\/\/laprensacristiana.com\/wp-content\/uploads\/2016\/04\/OPINION-01-scaled.jpg\" \/>\n\t<meta property=\"og:image:width\" content=\"2560\" \/>\n\t<meta property=\"og:image:height\" content=\"1429\" \/>\n\t<meta property=\"og:image:type\" content=\"image\/jpeg\" \/>\n<meta name=\"author\" content=\"EDITOR\" \/>\n<meta name=\"twitter:card\" content=\"summary_large_image\" \/>\n<meta name=\"twitter:label1\" content=\"Escrito por\" \/>\n\t<meta name=\"twitter:data1\" content=\"EDITOR\" \/>\n\t<meta name=\"twitter:label2\" content=\"Tiempo de lectura\" \/>\n\t<meta name=\"twitter:data2\" content=\"3 minutos\" \/>\n<script type=\"application\/ld+json\" class=\"yoast-schema-graph\">{\"@context\":\"https:\/\/schema.org\",\"@graph\":[{\"@type\":\"WebPage\",\"@id\":\"https:\/\/laprensacristiana.com\/?p=2838\",\"url\":\"https:\/\/laprensacristiana.com\/?p=2838\",\"name\":\"Cr\u00edmenes de odio - La Prensa Cristiana\",\"isPartOf\":{\"@id\":\"https:\/\/laprensacristiana.com\/#website\"},\"datePublished\":\"2017-05-22T15:18:33+00:00\",\"dateModified\":\"2017-05-22T15:18:33+00:00\",\"author\":{\"@id\":\"https:\/\/laprensacristiana.com\/#\/schema\/person\/3e7d82c6bfd6b1fa67010f8f7cd5256e\"},\"breadcrumb\":{\"@id\":\"https:\/\/laprensacristiana.com\/?p=2838#breadcrumb\"},\"inLanguage\":\"es\",\"potentialAction\":[{\"@type\":\"ReadAction\",\"target\":[\"https:\/\/laprensacristiana.com\/?p=2838\"]}]},{\"@type\":\"BreadcrumbList\",\"@id\":\"https:\/\/laprensacristiana.com\/?p=2838#breadcrumb\",\"itemListElement\":[{\"@type\":\"ListItem\",\"position\":1,\"name\":\"Portada\",\"item\":\"https:\/\/laprensacristiana.com\/\"},{\"@type\":\"ListItem\",\"position\":2,\"name\":\"Cr\u00edmenes de odio\"}]},{\"@type\":\"WebSite\",\"@id\":\"https:\/\/laprensacristiana.com\/#website\",\"url\":\"https:\/\/laprensacristiana.com\/\",\"name\":\"La Prensa Cristiana\",\"description\":\"Anunciando Las Buenas Nuevas\",\"potentialAction\":[{\"@type\":\"SearchAction\",\"target\":{\"@type\":\"EntryPoint\",\"urlTemplate\":\"https:\/\/laprensacristiana.com\/?s={search_term_string}\"},\"query-input\":\"required name=search_term_string\"}],\"inLanguage\":\"es\"},{\"@type\":\"Person\",\"@id\":\"https:\/\/laprensacristiana.com\/#\/schema\/person\/3e7d82c6bfd6b1fa67010f8f7cd5256e\",\"name\":\"EDITOR\",\"image\":{\"@type\":\"ImageObject\",\"inLanguage\":\"es\",\"@id\":\"https:\/\/laprensacristiana.com\/#\/schema\/person\/image\/\",\"url\":\"https:\/\/secure.gravatar.com\/avatar\/72069dfb6c13772d9e8381e3638666d2?s=96&d=mm&r=g\",\"contentUrl\":\"https:\/\/secure.gravatar.com\/avatar\/72069dfb6c13772d9e8381e3638666d2?s=96&d=mm&r=g\",\"caption\":\"EDITOR\"},\"url\":\"https:\/\/laprensacristiana.com\/?author=3\"}]}<\/script>\n<!-- \/ Yoast SEO plugin. -->","yoast_head_json":{"title":"Cr\u00edmenes de odio - La Prensa Cristiana","robots":{"index":"index","follow":"follow","max-snippet":"max-snippet:-1","max-image-preview":"max-image-preview:large","max-video-preview":"max-video-preview:-1"},"canonical":"https:\/\/laprensacristiana.com\/?p=2838","og_locale":"es_ES","og_type":"article","og_title":"Cr\u00edmenes de odio - La Prensa Cristiana","og_description":"Por: Pastor Mario Vega De acuerdo al Instituto de la Libertad de Religi\u00f3n, aproximadamente tres cuartas partes de la poblaci\u00f3n mundial viven en pa\u00edses y territorios donde la libertad de religi\u00f3n se encuentra restringida. Se calcula que en la actualidad unos 200 millones de cristianos sufren persecuci\u00f3n en el mundo. Algunas veces la persecuci\u00f3n ocurre [&hellip;]","og_url":"https:\/\/laprensacristiana.com\/?p=2838","og_site_name":"La Prensa Cristiana","article_published_time":"2017-05-22T15:18:33+00:00","og_image":[{"width":2560,"height":1429,"url":"https:\/\/laprensacristiana.com\/wp-content\/uploads\/2016\/04\/OPINION-01-scaled.jpg","type":"image\/jpeg"}],"author":"EDITOR","twitter_card":"summary_large_image","twitter_misc":{"Escrito por":"EDITOR","Tiempo de lectura":"3 minutos"},"schema":{"@context":"https:\/\/schema.org","@graph":[{"@type":"WebPage","@id":"https:\/\/laprensacristiana.com\/?p=2838","url":"https:\/\/laprensacristiana.com\/?p=2838","name":"Cr\u00edmenes de odio - La Prensa Cristiana","isPartOf":{"@id":"https:\/\/laprensacristiana.com\/#website"},"datePublished":"2017-05-22T15:18:33+00:00","dateModified":"2017-05-22T15:18:33+00:00","author":{"@id":"https:\/\/laprensacristiana.com\/#\/schema\/person\/3e7d82c6bfd6b1fa67010f8f7cd5256e"},"breadcrumb":{"@id":"https:\/\/laprensacristiana.com\/?p=2838#breadcrumb"},"inLanguage":"es","potentialAction":[{"@type":"ReadAction","target":["https:\/\/laprensacristiana.com\/?p=2838"]}]},{"@type":"BreadcrumbList","@id":"https:\/\/laprensacristiana.com\/?p=2838#breadcrumb","itemListElement":[{"@type":"ListItem","position":1,"name":"Portada","item":"https:\/\/laprensacristiana.com\/"},{"@type":"ListItem","position":2,"name":"Cr\u00edmenes de odio"}]},{"@type":"WebSite","@id":"https:\/\/laprensacristiana.com\/#website","url":"https:\/\/laprensacristiana.com\/","name":"La Prensa Cristiana","description":"Anunciando Las Buenas Nuevas","potentialAction":[{"@type":"SearchAction","target":{"@type":"EntryPoint","urlTemplate":"https:\/\/laprensacristiana.com\/?s={search_term_string}"},"query-input":"required name=search_term_string"}],"inLanguage":"es"},{"@type":"Person","@id":"https:\/\/laprensacristiana.com\/#\/schema\/person\/3e7d82c6bfd6b1fa67010f8f7cd5256e","name":"EDITOR","image":{"@type":"ImageObject","inLanguage":"es","@id":"https:\/\/laprensacristiana.com\/#\/schema\/person\/image\/","url":"https:\/\/secure.gravatar.com\/avatar\/72069dfb6c13772d9e8381e3638666d2?s=96&d=mm&r=g","contentUrl":"https:\/\/secure.gravatar.com\/avatar\/72069dfb6c13772d9e8381e3638666d2?s=96&d=mm&r=g","caption":"EDITOR"},"url":"https:\/\/laprensacristiana.com\/?author=3"}]}},"_links":{"self":[{"href":"https:\/\/laprensacristiana.com\/index.php?rest_route=\/wp\/v2\/posts\/2838"}],"collection":[{"href":"https:\/\/laprensacristiana.com\/index.php?rest_route=\/wp\/v2\/posts"}],"about":[{"href":"https:\/\/laprensacristiana.com\/index.php?rest_route=\/wp\/v2\/types\/post"}],"author":[{"embeddable":true,"href":"https:\/\/laprensacristiana.com\/index.php?rest_route=\/wp\/v2\/users\/3"}],"replies":[{"embeddable":true,"href":"https:\/\/laprensacristiana.com\/index.php?rest_route=%2Fwp%2Fv2%2Fcomments&post=2838"}],"version-history":[{"count":1,"href":"https:\/\/laprensacristiana.com\/index.php?rest_route=\/wp\/v2\/posts\/2838\/revisions"}],"predecessor-version":[{"id":2839,"href":"https:\/\/laprensacristiana.com\/index.php?rest_route=\/wp\/v2\/posts\/2838\/revisions\/2839"}],"wp:featuredmedia":[{"embeddable":true,"href":"https:\/\/laprensacristiana.com\/index.php?rest_route=\/wp\/v2\/media\/410"}],"wp:attachment":[{"href":"https:\/\/laprensacristiana.com\/index.php?rest_route=%2Fwp%2Fv2%2Fmedia&parent=2838"}],"wp:term":[{"taxonomy":"category","embeddable":true,"href":"https:\/\/laprensacristiana.com\/index.php?rest_route=%2Fwp%2Fv2%2Fcategories&post=2838"},{"taxonomy":"post_tag","embeddable":true,"href":"https:\/\/laprensacristiana.com\/index.php?rest_route=%2Fwp%2Fv2%2Ftags&post=2838"}],"curies":[{"name":"wp","href":"https:\/\/api.w.org\/{rel}","templated":true}]}}