{"id":2852,"date":"2017-05-22T18:29:07","date_gmt":"2017-05-22T18:29:07","guid":{"rendered":"https:\/\/laprensacristiana.com\/?p=2852"},"modified":"2020-07-02T00:47:32","modified_gmt":"2020-07-02T00:47:32","slug":"4to-congreso-cdf-heroes","status":"publish","type":"post","link":"https:\/\/laprensacristiana.com\/?p=2852","title":{"rendered":"4to CONGRESO CDF \u201cH\u00c9ROES\u201d."},"content":{"rendered":"<p style=\"text-align: justify;\">La iglesia Monte Carmelo de las Asambleas de Dios, realiz\u00f3 este s\u00e1bado 20 de mayo su 4to congreso de J\u00f3venes CDF (Corazones de Fuego) titulado CDF \u201cH\u00c9ROES\u201d, organizado por el pastor Daniel Paname\u00f1o con el objetivo principal que la generaci\u00f3n de j\u00f3venes marque la diferencia.<\/p>\n<p style=\"text-align: justify;\">Corazones de Fuego nace de tiempo de oraciones, en un campamento nombrado de la misma manera, en donde j\u00f3venes oran y se deleitan en la presencia de Dios y eso fue la incitativa para poder compartir ese mover del esp\u00edritu que Dios da con los dem\u00e1s j\u00f3venes de otras iglesias<\/p>\n<figure id=\"attachment_2854\" aria-describedby=\"caption-attachment-2854\" style=\"width: 452px\" class=\"wp-caption aligncenter\"><img decoding=\"async\" loading=\"lazy\" class=\" wp-image-2854\" src=\"https:\/\/laprensacristiana.com\/wp-content\/uploads\/2017\/05\/DSC09929-300x169.jpg\" alt=\"SONY DSC\" width=\"452\" height=\"255\" srcset=\"https:\/\/laprensacristiana.com\/wp-content\/uploads\/2017\/05\/DSC09929-300x169.jpg 300w, https:\/\/laprensacristiana.com\/wp-content\/uploads\/2017\/05\/DSC09929-600x337.jpg 600w, https:\/\/laprensacristiana.com\/wp-content\/uploads\/2017\/05\/DSC09929-768x432.jpg 768w, https:\/\/laprensacristiana.com\/wp-content\/uploads\/2017\/05\/DSC09929-1024x575.jpg 1024w, https:\/\/laprensacristiana.com\/wp-content\/uploads\/2017\/05\/DSC09929-696x391.jpg 696w, https:\/\/laprensacristiana.com\/wp-content\/uploads\/2017\/05\/DSC09929-1068x600.jpg 1068w, https:\/\/laprensacristiana.com\/wp-content\/uploads\/2017\/05\/DSC09929-747x420.jpg 747w\" sizes=\"(max-width: 452px) 100vw, 452px\" \/><figcaption id=\"caption-attachment-2854\" class=\"wp-caption-text\">Corazones de Fuego<\/figcaption><\/figure>\n<p style=\"text-align: justify;\">Este evento se realiza cada dos a\u00f1os, en el cual existen lemas especiales, este \u00faltimo \u00a0fue CDF H\u00e9roes, con el mensaje y el llamado de hacer a la juventud h\u00e9roes de Fe, bajo la perspectiva b\u00edblica de Hebreos cap\u00edtulo 11.<\/p>\n<p style=\"text-align: justify;\">Plenarias como las del pastor de j\u00f3venes Vladimir G\u00e1lvez, quien llev\u00f3 la palabra de Dios\u00a0 con el mensaje de creer a Dios, en los milagros y sobretodo moverse en fe. Nohem\u00ed Cl\u00edmaco, una joven misionera quien a sus pocos a\u00f1os tiene mucha experiencia, entregada totalmente al Se\u00f1or y para finalizar el pastor Jos\u00e9 Blanco quien cierra bajo la misma\u00a0 perspectiva :\u201cUna generaci\u00f3n de h\u00e9roes en medio de una generaci\u00f3n apartada de Dios\u201d.<\/p>\n<p style=\"text-align: justify;\">Adem\u00e1s no pod\u00eda faltar la ministraci\u00f3n musical que estuvo a cargo de Banda Pastores Hijos, Abraham Reyes y su banda y la participaci\u00f3n de Thrazo y Raptor Beat Box.<\/p>\n<figure id=\"attachment_2855\" aria-describedby=\"caption-attachment-2855\" style=\"width: 421px\" class=\"wp-caption aligncenter\"><img decoding=\"async\" loading=\"lazy\" class=\" wp-image-2855\" src=\"https:\/\/laprensacristiana.com\/wp-content\/uploads\/2017\/05\/DSC09946-300x169.jpg\" alt=\"SONY DSC\" width=\"421\" height=\"237\" srcset=\"https:\/\/laprensacristiana.com\/wp-content\/uploads\/2017\/05\/DSC09946-300x169.jpg 300w, https:\/\/laprensacristiana.com\/wp-content\/uploads\/2017\/05\/DSC09946-600x337.jpg 600w, https:\/\/laprensacristiana.com\/wp-content\/uploads\/2017\/05\/DSC09946-768x432.jpg 768w, https:\/\/laprensacristiana.com\/wp-content\/uploads\/2017\/05\/DSC09946-1024x575.jpg 1024w, https:\/\/laprensacristiana.com\/wp-content\/uploads\/2017\/05\/DSC09946-696x391.jpg 696w, https:\/\/laprensacristiana.com\/wp-content\/uploads\/2017\/05\/DSC09946-1068x600.jpg 1068w, https:\/\/laprensacristiana.com\/wp-content\/uploads\/2017\/05\/DSC09946-747x420.jpg 747w\" sizes=\"(max-width: 421px) 100vw, 421px\" \/><figcaption id=\"caption-attachment-2855\" class=\"wp-caption-text\">Thrazo y Raptor Beat Box<\/figcaption><\/figure>\n<p style=\"text-align: justify;\">\u201cTienen que aprovechar congresos como este, Dios ocupa a un liderazgo local para trabajar por dos a\u00f1os recaudando fondos, les invitamos a que no se pierdan el pr\u00f3ximo congreso en el 2019\u201d, pastor Daniel Paname\u00f1o.<\/p>\n","protected":false},"excerpt":{"rendered":"<p>La iglesia Monte Carmelo de las Asambleas de Dios, realiz\u00f3 este s\u00e1bado 20 de mayo su 4to congreso de J\u00f3venes CDF (Corazones de Fuego) titulado CDF \u201cH\u00c9ROES\u201d, organizado por el pastor Daniel Paname\u00f1o con el objetivo principal que la generaci\u00f3n de j\u00f3venes marque la diferencia. Corazones de Fuego nace de tiempo de oraciones, en un [&hellip;]<\/p>\n","protected":false},"author":3,"featured_media":2853,"comment_status":"open","ping_status":"open","sticky":false,"template":"","format":"standard","meta":[],"categories":[56],"tags":[],"yoast_head":"<!-- This site is optimized with the Yoast SEO plugin v20.8 - https:\/\/yoast.com\/wordpress\/plugins\/seo\/ -->\n<title>4to CONGRESO CDF \u201cH\u00c9ROES\u201d. - La Prensa Cristiana<\/title>\n<meta name=\"robots\" content=\"index, follow, max-snippet:-1, max-image-preview:large, max-video-preview:-1\" \/>\n<link rel=\"canonical\" href=\"https:\/\/laprensacristiana.com\/?p=2852\" \/>\n<meta property=\"og:locale\" content=\"es_ES\" \/>\n<meta property=\"og:type\" content=\"article\" \/>\n<meta property=\"og:title\" content=\"4to CONGRESO CDF \u201cH\u00c9ROES\u201d. - La Prensa Cristiana\" \/>\n<meta property=\"og:description\" content=\"La iglesia Monte Carmelo de las Asambleas de Dios, realiz\u00f3 este s\u00e1bado 20 de mayo su 4to congreso de J\u00f3venes CDF (Corazones de Fuego) titulado CDF \u201cH\u00c9ROES\u201d, organizado por el pastor Daniel Paname\u00f1o con el objetivo principal que la generaci\u00f3n de j\u00f3venes marque la diferencia. Corazones de Fuego nace de tiempo de oraciones, en un [&hellip;]\" \/>\n<meta property=\"og:url\" content=\"https:\/\/laprensacristiana.com\/?p=2852\" \/>\n<meta property=\"og:site_name\" content=\"La Prensa Cristiana\" \/>\n<meta property=\"article:published_time\" content=\"2017-05-22T18:29:07+00:00\" \/>\n<meta property=\"article:modified_time\" content=\"2020-07-02T00:47:32+00:00\" \/>\n<meta property=\"og:image\" content=\"https:\/\/laprensacristiana.com\/wp-content\/uploads\/2017\/05\/DSC09933-scaled.jpg\" \/>\n\t<meta property=\"og:image:width\" content=\"2560\" \/>\n\t<meta property=\"og:image:height\" content=\"1788\" \/>\n\t<meta property=\"og:image:type\" content=\"image\/jpeg\" \/>\n<meta name=\"author\" content=\"EDITOR\" \/>\n<meta name=\"twitter:card\" content=\"summary_large_image\" \/>\n<meta name=\"twitter:label1\" content=\"Escrito por\" \/>\n\t<meta name=\"twitter:data1\" content=\"EDITOR\" \/>\n\t<meta name=\"twitter:label2\" content=\"Tiempo de lectura\" \/>\n\t<meta name=\"twitter:data2\" content=\"2 minutos\" \/>\n<script type=\"application\/ld+json\" class=\"yoast-schema-graph\">{\"@context\":\"https:\/\/schema.org\",\"@graph\":[{\"@type\":\"WebPage\",\"@id\":\"https:\/\/laprensacristiana.com\/?p=2852\",\"url\":\"https:\/\/laprensacristiana.com\/?p=2852\",\"name\":\"4to CONGRESO CDF \u201cH\u00c9ROES\u201d. - La Prensa Cristiana\",\"isPartOf\":{\"@id\":\"https:\/\/laprensacristiana.com\/#website\"},\"datePublished\":\"2017-05-22T18:29:07+00:00\",\"dateModified\":\"2020-07-02T00:47:32+00:00\",\"author\":{\"@id\":\"https:\/\/laprensacristiana.com\/#\/schema\/person\/3e7d82c6bfd6b1fa67010f8f7cd5256e\"},\"breadcrumb\":{\"@id\":\"https:\/\/laprensacristiana.com\/?p=2852#breadcrumb\"},\"inLanguage\":\"es\",\"potentialAction\":[{\"@type\":\"ReadAction\",\"target\":[\"https:\/\/laprensacristiana.com\/?p=2852\"]}]},{\"@type\":\"BreadcrumbList\",\"@id\":\"https:\/\/laprensacristiana.com\/?p=2852#breadcrumb\",\"itemListElement\":[{\"@type\":\"ListItem\",\"position\":1,\"name\":\"Portada\",\"item\":\"https:\/\/laprensacristiana.com\/\"},{\"@type\":\"ListItem\",\"position\":2,\"name\":\"4to CONGRESO CDF \u201cH\u00c9ROES\u201d.\"}]},{\"@type\":\"WebSite\",\"@id\":\"https:\/\/laprensacristiana.com\/#website\",\"url\":\"https:\/\/laprensacristiana.com\/\",\"name\":\"La Prensa Cristiana\",\"description\":\"Anunciando Las Buenas Nuevas\",\"potentialAction\":[{\"@type\":\"SearchAction\",\"target\":{\"@type\":\"EntryPoint\",\"urlTemplate\":\"https:\/\/laprensacristiana.com\/?s={search_term_string}\"},\"query-input\":\"required name=search_term_string\"}],\"inLanguage\":\"es\"},{\"@type\":\"Person\",\"@id\":\"https:\/\/laprensacristiana.com\/#\/schema\/person\/3e7d82c6bfd6b1fa67010f8f7cd5256e\",\"name\":\"EDITOR\",\"image\":{\"@type\":\"ImageObject\",\"inLanguage\":\"es\",\"@id\":\"https:\/\/laprensacristiana.com\/#\/schema\/person\/image\/\",\"url\":\"https:\/\/secure.gravatar.com\/avatar\/72069dfb6c13772d9e8381e3638666d2?s=96&d=mm&r=g\",\"contentUrl\":\"https:\/\/secure.gravatar.com\/avatar\/72069dfb6c13772d9e8381e3638666d2?s=96&d=mm&r=g\",\"caption\":\"EDITOR\"},\"url\":\"https:\/\/laprensacristiana.com\/?author=3\"}]}<\/script>\n<!-- \/ Yoast SEO plugin. -->","yoast_head_json":{"title":"4to CONGRESO CDF \u201cH\u00c9ROES\u201d. - La Prensa Cristiana","robots":{"index":"index","follow":"follow","max-snippet":"max-snippet:-1","max-image-preview":"max-image-preview:large","max-video-preview":"max-video-preview:-1"},"canonical":"https:\/\/laprensacristiana.com\/?p=2852","og_locale":"es_ES","og_type":"article","og_title":"4to CONGRESO CDF \u201cH\u00c9ROES\u201d. - La Prensa Cristiana","og_description":"La iglesia Monte Carmelo de las Asambleas de Dios, realiz\u00f3 este s\u00e1bado 20 de mayo su 4to congreso de J\u00f3venes CDF (Corazones de Fuego) titulado CDF \u201cH\u00c9ROES\u201d, organizado por el pastor Daniel Paname\u00f1o con el objetivo principal que la generaci\u00f3n de j\u00f3venes marque la diferencia. Corazones de Fuego nace de tiempo de oraciones, en un [&hellip;]","og_url":"https:\/\/laprensacristiana.com\/?p=2852","og_site_name":"La Prensa Cristiana","article_published_time":"2017-05-22T18:29:07+00:00","article_modified_time":"2020-07-02T00:47:32+00:00","og_image":[{"width":2560,"height":1788,"url":"https:\/\/laprensacristiana.com\/wp-content\/uploads\/2017\/05\/DSC09933-scaled.jpg","type":"image\/jpeg"}],"author":"EDITOR","twitter_card":"summary_large_image","twitter_misc":{"Escrito por":"EDITOR","Tiempo de lectura":"2 minutos"},"schema":{"@context":"https:\/\/schema.org","@graph":[{"@type":"WebPage","@id":"https:\/\/laprensacristiana.com\/?p=2852","url":"https:\/\/laprensacristiana.com\/?p=2852","name":"4to CONGRESO CDF \u201cH\u00c9ROES\u201d. - La Prensa Cristiana","isPartOf":{"@id":"https:\/\/laprensacristiana.com\/#website"},"datePublished":"2017-05-22T18:29:07+00:00","dateModified":"2020-07-02T00:47:32+00:00","author":{"@id":"https:\/\/laprensacristiana.com\/#\/schema\/person\/3e7d82c6bfd6b1fa67010f8f7cd5256e"},"breadcrumb":{"@id":"https:\/\/laprensacristiana.com\/?p=2852#breadcrumb"},"inLanguage":"es","potentialAction":[{"@type":"ReadAction","target":["https:\/\/laprensacristiana.com\/?p=2852"]}]},{"@type":"BreadcrumbList","@id":"https:\/\/laprensacristiana.com\/?p=2852#breadcrumb","itemListElement":[{"@type":"ListItem","position":1,"name":"Portada","item":"https:\/\/laprensacristiana.com\/"},{"@type":"ListItem","position":2,"name":"4to CONGRESO CDF \u201cH\u00c9ROES\u201d."}]},{"@type":"WebSite","@id":"https:\/\/laprensacristiana.com\/#website","url":"https:\/\/laprensacristiana.com\/","name":"La Prensa Cristiana","description":"Anunciando Las Buenas Nuevas","potentialAction":[{"@type":"SearchAction","target":{"@type":"EntryPoint","urlTemplate":"https:\/\/laprensacristiana.com\/?s={search_term_string}"},"query-input":"required name=search_term_string"}],"inLanguage":"es"},{"@type":"Person","@id":"https:\/\/laprensacristiana.com\/#\/schema\/person\/3e7d82c6bfd6b1fa67010f8f7cd5256e","name":"EDITOR","image":{"@type":"ImageObject","inLanguage":"es","@id":"https:\/\/laprensacristiana.com\/#\/schema\/person\/image\/","url":"https:\/\/secure.gravatar.com\/avatar\/72069dfb6c13772d9e8381e3638666d2?s=96&d=mm&r=g","contentUrl":"https:\/\/secure.gravatar.com\/avatar\/72069dfb6c13772d9e8381e3638666d2?s=96&d=mm&r=g","caption":"EDITOR"},"url":"https:\/\/laprensacristiana.com\/?author=3"}]}},"_links":{"self":[{"href":"https:\/\/laprensacristiana.com\/index.php?rest_route=\/wp\/v2\/posts\/2852"}],"collection":[{"href":"https:\/\/laprensacristiana.com\/index.php?rest_route=\/wp\/v2\/posts"}],"about":[{"href":"https:\/\/laprensacristiana.com\/index.php?rest_route=\/wp\/v2\/types\/post"}],"author":[{"embeddable":true,"href":"https:\/\/laprensacristiana.com\/index.php?rest_route=\/wp\/v2\/users\/3"}],"replies":[{"embeddable":true,"href":"https:\/\/laprensacristiana.com\/index.php?rest_route=%2Fwp%2Fv2%2Fcomments&post=2852"}],"version-history":[{"count":1,"href":"https:\/\/laprensacristiana.com\/index.php?rest_route=\/wp\/v2\/posts\/2852\/revisions"}],"predecessor-version":[{"id":2856,"href":"https:\/\/laprensacristiana.com\/index.php?rest_route=\/wp\/v2\/posts\/2852\/revisions\/2856"}],"wp:featuredmedia":[{"embeddable":true,"href":"https:\/\/laprensacristiana.com\/index.php?rest_route=\/wp\/v2\/media\/2853"}],"wp:attachment":[{"href":"https:\/\/laprensacristiana.com\/index.php?rest_route=%2Fwp%2Fv2%2Fmedia&parent=2852"}],"wp:term":[{"taxonomy":"category","embeddable":true,"href":"https:\/\/laprensacristiana.com\/index.php?rest_route=%2Fwp%2Fv2%2Fcategories&post=2852"},{"taxonomy":"post_tag","embeddable":true,"href":"https:\/\/laprensacristiana.com\/index.php?rest_route=%2Fwp%2Fv2%2Ftags&post=2852"}],"curies":[{"name":"wp","href":"https:\/\/api.w.org\/{rel}","templated":true}]}}