{"id":2857,"date":"2017-05-22T19:17:05","date_gmt":"2017-05-22T19:17:05","guid":{"rendered":"https:\/\/laprensacristiana.com\/?p=2857"},"modified":"2020-07-02T00:47:19","modified_gmt":"2020-07-02T00:47:19","slug":"israel-hernandez-vidal-presenta-te-anhelo","status":"publish","type":"post","link":"https:\/\/laprensacristiana.com\/?p=2857","title":{"rendered":"ISRAEL HERN\u00c1NDEZ VIDAL PRESENTA  \u201cTE ANHELO\u201d."},"content":{"rendered":"<p style=\"text-align: justify;\">El cantante y compositor mexicano Israel Hern\u00e1ndez Vidal, sigue sorprendiendo en la escena musical cristiana en espa\u00f1ol, al presentar el videoclip del tema <strong>\u201cTe Anhelo\u201d<\/strong>, tema que se encuentra dentro del \u00e1lbum<strong> Antes del Universo. <\/strong><\/p>\n<p style=\"text-align: justify;\">La canci\u00f3n narra el deseo y la necesidad de estar cerca al coraz\u00f3n de Dios, <em>\u201cme sedujiste con tu amor, has llenado el coraz\u00f3n mi fiel Se\u00f1or\u201d. \u00a0<\/em>Es la frase con la que inicia la letra de este tema, con el que Israel pretende llevarnos a la frescura y sencillez de una relaci\u00f3n genuina con Jes\u00fas.<\/p>\n<p style=\"text-align: justify;\"><em>\u201cDios nos anhela m\u00e1s que nosotros a el<\/em>\u201d; Comento Israel al presentar el videoclip en su red social de Facebook, \u00a0<em>\u201ctenemos que estar en una relaci\u00f3n donde vamos a la presencia de Dios no por \u00e9l, sino por nosotros, ya que Jes\u00fas no cambia y siempre est\u00e1 dispuesto a dar m\u00e1s para nosotros\u201d.<\/em><\/p>\n<p style=\"text-align: justify;\">La fotograf\u00eda es el reflejo de la amplia experiencia del cantante como productor, ya que captura en detalle la belleza de las platas Galveston Texas. El videoclip est\u00e1 disponible en todas las plataformas digitales y en los perfiles oficiales de Israel Hern\u00e1ndez Vidal.<\/p>\n<p style=\"text-align: justify;\">Actualmente Israel se encuentra preparando su nuevo disco que estar\u00e1 disponible a inicios del 2018.<\/p>\n","protected":false},"excerpt":{"rendered":"<p>El cantante y compositor mexicano Israel Hern\u00e1ndez Vidal, sigue sorprendiendo en la escena musical cristiana en espa\u00f1ol, al presentar el videoclip del tema \u201cTe Anhelo\u201d, tema que se encuentra dentro del \u00e1lbum Antes del Universo. La canci\u00f3n narra el deseo y la necesidad de estar cerca al coraz\u00f3n de Dios, \u201cme sedujiste con tu amor, [&hellip;]<\/p>\n","protected":false},"author":3,"featured_media":2859,"comment_status":"open","ping_status":"open","sticky":false,"template":"","format":"standard","meta":[],"categories":[101],"tags":[],"yoast_head":"<!-- This site is optimized with the Yoast SEO plugin v20.8 - https:\/\/yoast.com\/wordpress\/plugins\/seo\/ -->\n<title>ISRAEL HERN\u00c1NDEZ VIDAL PRESENTA \u201cTE ANHELO\u201d. - La Prensa Cristiana<\/title>\n<meta name=\"robots\" content=\"index, follow, max-snippet:-1, max-image-preview:large, max-video-preview:-1\" \/>\n<link rel=\"canonical\" href=\"https:\/\/laprensacristiana.com\/?p=2857\" \/>\n<meta property=\"og:locale\" content=\"es_ES\" \/>\n<meta property=\"og:type\" content=\"article\" \/>\n<meta property=\"og:title\" content=\"ISRAEL HERN\u00c1NDEZ VIDAL PRESENTA \u201cTE ANHELO\u201d. - La Prensa Cristiana\" \/>\n<meta property=\"og:description\" content=\"El cantante y compositor mexicano Israel Hern\u00e1ndez Vidal, sigue sorprendiendo en la escena musical cristiana en espa\u00f1ol, al presentar el videoclip del tema \u201cTe Anhelo\u201d, tema que se encuentra dentro del \u00e1lbum Antes del Universo. La canci\u00f3n narra el deseo y la necesidad de estar cerca al coraz\u00f3n de Dios, \u201cme sedujiste con tu amor, [&hellip;]\" \/>\n<meta property=\"og:url\" content=\"https:\/\/laprensacristiana.com\/?p=2857\" \/>\n<meta property=\"og:site_name\" content=\"La Prensa Cristiana\" \/>\n<meta property=\"article:published_time\" content=\"2017-05-22T19:17:05+00:00\" \/>\n<meta property=\"article:modified_time\" content=\"2020-07-02T00:47:19+00:00\" \/>\n<meta property=\"og:image\" content=\"https:\/\/laprensacristiana.com\/wp-content\/uploads\/2017\/05\/maxresdefault.jpg\" \/>\n\t<meta property=\"og:image:width\" content=\"1280\" \/>\n\t<meta property=\"og:image:height\" content=\"720\" \/>\n\t<meta property=\"og:image:type\" content=\"image\/jpeg\" \/>\n<meta name=\"author\" content=\"EDITOR\" \/>\n<meta name=\"twitter:card\" content=\"summary_large_image\" \/>\n<meta name=\"twitter:label1\" content=\"Escrito por\" \/>\n\t<meta name=\"twitter:data1\" content=\"EDITOR\" \/>\n\t<meta name=\"twitter:label2\" content=\"Tiempo de lectura\" \/>\n\t<meta name=\"twitter:data2\" content=\"1 minuto\" \/>\n<script type=\"application\/ld+json\" class=\"yoast-schema-graph\">{\"@context\":\"https:\/\/schema.org\",\"@graph\":[{\"@type\":\"WebPage\",\"@id\":\"https:\/\/laprensacristiana.com\/?p=2857\",\"url\":\"https:\/\/laprensacristiana.com\/?p=2857\",\"name\":\"ISRAEL HERN\u00c1NDEZ VIDAL PRESENTA \u201cTE ANHELO\u201d. - La Prensa Cristiana\",\"isPartOf\":{\"@id\":\"https:\/\/laprensacristiana.com\/#website\"},\"datePublished\":\"2017-05-22T19:17:05+00:00\",\"dateModified\":\"2020-07-02T00:47:19+00:00\",\"author\":{\"@id\":\"https:\/\/laprensacristiana.com\/#\/schema\/person\/3e7d82c6bfd6b1fa67010f8f7cd5256e\"},\"breadcrumb\":{\"@id\":\"https:\/\/laprensacristiana.com\/?p=2857#breadcrumb\"},\"inLanguage\":\"es\",\"potentialAction\":[{\"@type\":\"ReadAction\",\"target\":[\"https:\/\/laprensacristiana.com\/?p=2857\"]}]},{\"@type\":\"BreadcrumbList\",\"@id\":\"https:\/\/laprensacristiana.com\/?p=2857#breadcrumb\",\"itemListElement\":[{\"@type\":\"ListItem\",\"position\":1,\"name\":\"Portada\",\"item\":\"https:\/\/laprensacristiana.com\/\"},{\"@type\":\"ListItem\",\"position\":2,\"name\":\"ISRAEL HERN\u00c1NDEZ VIDAL PRESENTA \u201cTE ANHELO\u201d.\"}]},{\"@type\":\"WebSite\",\"@id\":\"https:\/\/laprensacristiana.com\/#website\",\"url\":\"https:\/\/laprensacristiana.com\/\",\"name\":\"La Prensa Cristiana\",\"description\":\"Anunciando Las Buenas Nuevas\",\"potentialAction\":[{\"@type\":\"SearchAction\",\"target\":{\"@type\":\"EntryPoint\",\"urlTemplate\":\"https:\/\/laprensacristiana.com\/?s={search_term_string}\"},\"query-input\":\"required name=search_term_string\"}],\"inLanguage\":\"es\"},{\"@type\":\"Person\",\"@id\":\"https:\/\/laprensacristiana.com\/#\/schema\/person\/3e7d82c6bfd6b1fa67010f8f7cd5256e\",\"name\":\"EDITOR\",\"image\":{\"@type\":\"ImageObject\",\"inLanguage\":\"es\",\"@id\":\"https:\/\/laprensacristiana.com\/#\/schema\/person\/image\/\",\"url\":\"https:\/\/secure.gravatar.com\/avatar\/72069dfb6c13772d9e8381e3638666d2?s=96&d=mm&r=g\",\"contentUrl\":\"https:\/\/secure.gravatar.com\/avatar\/72069dfb6c13772d9e8381e3638666d2?s=96&d=mm&r=g\",\"caption\":\"EDITOR\"},\"url\":\"https:\/\/laprensacristiana.com\/?author=3\"}]}<\/script>\n<!-- \/ Yoast SEO plugin. -->","yoast_head_json":{"title":"ISRAEL HERN\u00c1NDEZ VIDAL PRESENTA \u201cTE ANHELO\u201d. - La Prensa Cristiana","robots":{"index":"index","follow":"follow","max-snippet":"max-snippet:-1","max-image-preview":"max-image-preview:large","max-video-preview":"max-video-preview:-1"},"canonical":"https:\/\/laprensacristiana.com\/?p=2857","og_locale":"es_ES","og_type":"article","og_title":"ISRAEL HERN\u00c1NDEZ VIDAL PRESENTA \u201cTE ANHELO\u201d. - La Prensa Cristiana","og_description":"El cantante y compositor mexicano Israel Hern\u00e1ndez Vidal, sigue sorprendiendo en la escena musical cristiana en espa\u00f1ol, al presentar el videoclip del tema \u201cTe Anhelo\u201d, tema que se encuentra dentro del \u00e1lbum Antes del Universo. La canci\u00f3n narra el deseo y la necesidad de estar cerca al coraz\u00f3n de Dios, \u201cme sedujiste con tu amor, [&hellip;]","og_url":"https:\/\/laprensacristiana.com\/?p=2857","og_site_name":"La Prensa Cristiana","article_published_time":"2017-05-22T19:17:05+00:00","article_modified_time":"2020-07-02T00:47:19+00:00","og_image":[{"width":1280,"height":720,"url":"https:\/\/laprensacristiana.com\/wp-content\/uploads\/2017\/05\/maxresdefault.jpg","type":"image\/jpeg"}],"author":"EDITOR","twitter_card":"summary_large_image","twitter_misc":{"Escrito por":"EDITOR","Tiempo de lectura":"1 minuto"},"schema":{"@context":"https:\/\/schema.org","@graph":[{"@type":"WebPage","@id":"https:\/\/laprensacristiana.com\/?p=2857","url":"https:\/\/laprensacristiana.com\/?p=2857","name":"ISRAEL HERN\u00c1NDEZ VIDAL PRESENTA \u201cTE ANHELO\u201d. - La Prensa Cristiana","isPartOf":{"@id":"https:\/\/laprensacristiana.com\/#website"},"datePublished":"2017-05-22T19:17:05+00:00","dateModified":"2020-07-02T00:47:19+00:00","author":{"@id":"https:\/\/laprensacristiana.com\/#\/schema\/person\/3e7d82c6bfd6b1fa67010f8f7cd5256e"},"breadcrumb":{"@id":"https:\/\/laprensacristiana.com\/?p=2857#breadcrumb"},"inLanguage":"es","potentialAction":[{"@type":"ReadAction","target":["https:\/\/laprensacristiana.com\/?p=2857"]}]},{"@type":"BreadcrumbList","@id":"https:\/\/laprensacristiana.com\/?p=2857#breadcrumb","itemListElement":[{"@type":"ListItem","position":1,"name":"Portada","item":"https:\/\/laprensacristiana.com\/"},{"@type":"ListItem","position":2,"name":"ISRAEL HERN\u00c1NDEZ VIDAL PRESENTA \u201cTE ANHELO\u201d."}]},{"@type":"WebSite","@id":"https:\/\/laprensacristiana.com\/#website","url":"https:\/\/laprensacristiana.com\/","name":"La Prensa Cristiana","description":"Anunciando Las Buenas Nuevas","potentialAction":[{"@type":"SearchAction","target":{"@type":"EntryPoint","urlTemplate":"https:\/\/laprensacristiana.com\/?s={search_term_string}"},"query-input":"required name=search_term_string"}],"inLanguage":"es"},{"@type":"Person","@id":"https:\/\/laprensacristiana.com\/#\/schema\/person\/3e7d82c6bfd6b1fa67010f8f7cd5256e","name":"EDITOR","image":{"@type":"ImageObject","inLanguage":"es","@id":"https:\/\/laprensacristiana.com\/#\/schema\/person\/image\/","url":"https:\/\/secure.gravatar.com\/avatar\/72069dfb6c13772d9e8381e3638666d2?s=96&d=mm&r=g","contentUrl":"https:\/\/secure.gravatar.com\/avatar\/72069dfb6c13772d9e8381e3638666d2?s=96&d=mm&r=g","caption":"EDITOR"},"url":"https:\/\/laprensacristiana.com\/?author=3"}]}},"_links":{"self":[{"href":"https:\/\/laprensacristiana.com\/index.php?rest_route=\/wp\/v2\/posts\/2857"}],"collection":[{"href":"https:\/\/laprensacristiana.com\/index.php?rest_route=\/wp\/v2\/posts"}],"about":[{"href":"https:\/\/laprensacristiana.com\/index.php?rest_route=\/wp\/v2\/types\/post"}],"author":[{"embeddable":true,"href":"https:\/\/laprensacristiana.com\/index.php?rest_route=\/wp\/v2\/users\/3"}],"replies":[{"embeddable":true,"href":"https:\/\/laprensacristiana.com\/index.php?rest_route=%2Fwp%2Fv2%2Fcomments&post=2857"}],"version-history":[{"count":2,"href":"https:\/\/laprensacristiana.com\/index.php?rest_route=\/wp\/v2\/posts\/2857\/revisions"}],"predecessor-version":[{"id":2861,"href":"https:\/\/laprensacristiana.com\/index.php?rest_route=\/wp\/v2\/posts\/2857\/revisions\/2861"}],"wp:featuredmedia":[{"embeddable":true,"href":"https:\/\/laprensacristiana.com\/index.php?rest_route=\/wp\/v2\/media\/2859"}],"wp:attachment":[{"href":"https:\/\/laprensacristiana.com\/index.php?rest_route=%2Fwp%2Fv2%2Fmedia&parent=2857"}],"wp:term":[{"taxonomy":"category","embeddable":true,"href":"https:\/\/laprensacristiana.com\/index.php?rest_route=%2Fwp%2Fv2%2Fcategories&post=2857"},{"taxonomy":"post_tag","embeddable":true,"href":"https:\/\/laprensacristiana.com\/index.php?rest_route=%2Fwp%2Fv2%2Ftags&post=2857"}],"curies":[{"name":"wp","href":"https:\/\/api.w.org\/{rel}","templated":true}]}}