{"id":2884,"date":"2017-05-26T20:41:37","date_gmt":"2017-05-26T20:41:37","guid":{"rendered":"https:\/\/laprensacristiana.com\/?p=2884"},"modified":"2020-07-02T00:46:55","modified_gmt":"2020-07-02T00:46:55","slug":"iglesia-y-mujer-un-gran-desafio-cultural","status":"publish","type":"post","link":"https:\/\/laprensacristiana.com\/?p=2884","title":{"rendered":"Iglesia y mujer un gran desaf\u00edo cultural"},"content":{"rendered":"<p style=\"text-align: justify;\">Alianza evang\u00e9lica de El Salvador realiz\u00f3 su desayuno correspondiente al mes de mayo bajo el tema \u201cIglesia y mujer: un gran desaf\u00edo cultural\u201d.<\/p>\n<p><img decoding=\"async\" loading=\"lazy\" class=\"size-medium wp-image-2885\" src=\"https:\/\/laprensacristiana.com\/wp-content\/uploads\/2017\/05\/DSC00015-300x169.jpg\" alt=\"SONY DSC\" width=\"300\" height=\"169\" srcset=\"https:\/\/laprensacristiana.com\/wp-content\/uploads\/2017\/05\/DSC00015-300x169.jpg 300w, https:\/\/laprensacristiana.com\/wp-content\/uploads\/2017\/05\/DSC00015-600x337.jpg 600w, https:\/\/laprensacristiana.com\/wp-content\/uploads\/2017\/05\/DSC00015-768x432.jpg 768w, https:\/\/laprensacristiana.com\/wp-content\/uploads\/2017\/05\/DSC00015-1024x575.jpg 1024w, https:\/\/laprensacristiana.com\/wp-content\/uploads\/2017\/05\/DSC00015-696x391.jpg 696w, https:\/\/laprensacristiana.com\/wp-content\/uploads\/2017\/05\/DSC00015-1068x600.jpg 1068w, https:\/\/laprensacristiana.com\/wp-content\/uploads\/2017\/05\/DSC00015-747x420.jpg 747w\" sizes=\"(max-width: 300px) 100vw, 300px\" \/><\/p>\n<p style=\"text-align: justify;\">Alianza Evang\u00e9lica de El Salvador celebr\u00f3 su tradicional desayuno, como mes a mes lo hacen en Restaurante Los Cebollines, bajo el tema de \u201cIglesia y mujer: un gran desaf\u00edo cultural\u201d. Ponencia impartida por la pastora Ilsa de Ramos. Al lugar acudieron los pastores pertenecientes a dicha asociaci\u00f3n, presidida por el pastor Mario Vega.<\/p>\n<p style=\"text-align: justify;\">El evento se desarroll\u00f3 con total normalidad, inicialmente con la participaci\u00f3n musical de Santiago Benavides. Quien deleit\u00f3 a la audiencia con su singular sello musical y la poes\u00eda de su composici\u00f3n. Luego, dieron paso a la Hna. Carmen de Castro para impartir una reflexi\u00f3n de la Palabra de Dios en el espacio de devocional.<\/p>\n<p style=\"text-align: justify;\">Ilsa de Ramos, dijo estar muy agradecida por la oportunidad brindada para impartir la ponencia, recalcando la importancia de ense\u00f1ar sobre este tema tan delicado, y crear conciencia que esto no deriva del feminismo, ni de ninguna corriente de esa \u00edndole, ya que la mayor\u00eda suele pensar esto al momento de valorar la participaci\u00f3n de la mujer en la iglesia.<\/p>\n<figure id=\"attachment_2886\" aria-describedby=\"caption-attachment-2886\" style=\"width: 300px\" class=\"wp-caption alignnone\"><img decoding=\"async\" loading=\"lazy\" class=\"size-medium wp-image-2886\" src=\"https:\/\/laprensacristiana.com\/wp-content\/uploads\/2017\/05\/DSC00012-300x169.jpg\" alt=\"SONY DSC\" width=\"300\" height=\"169\" srcset=\"https:\/\/laprensacristiana.com\/wp-content\/uploads\/2017\/05\/DSC00012-300x169.jpg 300w, https:\/\/laprensacristiana.com\/wp-content\/uploads\/2017\/05\/DSC00012-600x337.jpg 600w, https:\/\/laprensacristiana.com\/wp-content\/uploads\/2017\/05\/DSC00012-768x432.jpg 768w, https:\/\/laprensacristiana.com\/wp-content\/uploads\/2017\/05\/DSC00012-1024x575.jpg 1024w, https:\/\/laprensacristiana.com\/wp-content\/uploads\/2017\/05\/DSC00012-696x391.jpg 696w, https:\/\/laprensacristiana.com\/wp-content\/uploads\/2017\/05\/DSC00012-1068x600.jpg 1068w, https:\/\/laprensacristiana.com\/wp-content\/uploads\/2017\/05\/DSC00012-747x420.jpg 747w\" sizes=\"(max-width: 300px) 100vw, 300px\" \/><figcaption id=\"caption-attachment-2886\" class=\"wp-caption-text\">SONY DSC<\/figcaption><\/figure>\n<p style=\"text-align: justify;\">\u201cNuestra intenci\u00f3n no es usurpar el liderazgo de los hombres, mucho menos competir; sino, ser part\u00edcipes de la igualdad con la que Dios ve al ser humano, al hombre y la mujer\u201d finaliz\u00f3.<\/p>\n<p style=\"text-align: justify;\">Culturalmente la participaci\u00f3n de la mujer sigue causando un impacto negativo y la iglesia evang\u00e9lica no est\u00e1 exenta de ello. A la luz de la Biblia, la Alianza Evang\u00e9lica busca quitar ese pensamiento de la iglesia en general.<\/p>\n","protected":false},"excerpt":{"rendered":"<p>Alianza evang\u00e9lica de El Salvador realiz\u00f3 su desayuno correspondiente al mes de mayo bajo el tema \u201cIglesia y mujer: un gran desaf\u00edo cultural\u201d. Alianza Evang\u00e9lica de El Salvador celebr\u00f3 su tradicional desayuno, como mes a mes lo hacen en Restaurante Los Cebollines, bajo el tema de \u201cIglesia y mujer: un gran desaf\u00edo cultural\u201d. Ponencia impartida [&hellip;]<\/p>\n","protected":false},"author":3,"featured_media":2887,"comment_status":"open","ping_status":"open","sticky":false,"template":"","format":"standard","meta":[],"categories":[36],"tags":[],"yoast_head":"<!-- This site is optimized with the Yoast SEO plugin v20.8 - https:\/\/yoast.com\/wordpress\/plugins\/seo\/ -->\n<title>Iglesia y mujer un gran desaf\u00edo cultural - La Prensa Cristiana<\/title>\n<meta name=\"robots\" content=\"index, follow, max-snippet:-1, max-image-preview:large, max-video-preview:-1\" \/>\n<link rel=\"canonical\" href=\"https:\/\/laprensacristiana.com\/?p=2884\" \/>\n<meta property=\"og:locale\" content=\"es_ES\" \/>\n<meta property=\"og:type\" content=\"article\" \/>\n<meta property=\"og:title\" content=\"Iglesia y mujer un gran desaf\u00edo cultural - La Prensa Cristiana\" \/>\n<meta property=\"og:description\" content=\"Alianza evang\u00e9lica de El Salvador realiz\u00f3 su desayuno correspondiente al mes de mayo bajo el tema \u201cIglesia y mujer: un gran desaf\u00edo cultural\u201d. Alianza Evang\u00e9lica de El Salvador celebr\u00f3 su tradicional desayuno, como mes a mes lo hacen en Restaurante Los Cebollines, bajo el tema de \u201cIglesia y mujer: un gran desaf\u00edo cultural\u201d. Ponencia impartida [&hellip;]\" \/>\n<meta property=\"og:url\" content=\"https:\/\/laprensacristiana.com\/?p=2884\" \/>\n<meta property=\"og:site_name\" content=\"La Prensa Cristiana\" \/>\n<meta property=\"article:published_time\" content=\"2017-05-26T20:41:37+00:00\" \/>\n<meta property=\"article:modified_time\" content=\"2020-07-02T00:46:55+00:00\" \/>\n<meta property=\"og:image\" content=\"https:\/\/laprensacristiana.com\/wp-content\/uploads\/2017\/05\/alianzaEvangelicaSalvador2012-10.jpg\" \/>\n\t<meta property=\"og:image:width\" content=\"370\" \/>\n\t<meta property=\"og:image:height\" content=\"245\" \/>\n\t<meta property=\"og:image:type\" content=\"image\/jpeg\" \/>\n<meta name=\"author\" content=\"EDITOR\" \/>\n<meta name=\"twitter:card\" content=\"summary_large_image\" \/>\n<meta name=\"twitter:label1\" content=\"Escrito por\" \/>\n\t<meta name=\"twitter:data1\" content=\"EDITOR\" \/>\n\t<meta name=\"twitter:label2\" content=\"Tiempo de lectura\" \/>\n\t<meta name=\"twitter:data2\" content=\"1 minuto\" \/>\n<script type=\"application\/ld+json\" class=\"yoast-schema-graph\">{\"@context\":\"https:\/\/schema.org\",\"@graph\":[{\"@type\":\"WebPage\",\"@id\":\"https:\/\/laprensacristiana.com\/?p=2884\",\"url\":\"https:\/\/laprensacristiana.com\/?p=2884\",\"name\":\"Iglesia y mujer un gran desaf\u00edo cultural - La Prensa Cristiana\",\"isPartOf\":{\"@id\":\"https:\/\/laprensacristiana.com\/#website\"},\"datePublished\":\"2017-05-26T20:41:37+00:00\",\"dateModified\":\"2020-07-02T00:46:55+00:00\",\"author\":{\"@id\":\"https:\/\/laprensacristiana.com\/#\/schema\/person\/3e7d82c6bfd6b1fa67010f8f7cd5256e\"},\"breadcrumb\":{\"@id\":\"https:\/\/laprensacristiana.com\/?p=2884#breadcrumb\"},\"inLanguage\":\"es\",\"potentialAction\":[{\"@type\":\"ReadAction\",\"target\":[\"https:\/\/laprensacristiana.com\/?p=2884\"]}]},{\"@type\":\"BreadcrumbList\",\"@id\":\"https:\/\/laprensacristiana.com\/?p=2884#breadcrumb\",\"itemListElement\":[{\"@type\":\"ListItem\",\"position\":1,\"name\":\"Portada\",\"item\":\"https:\/\/laprensacristiana.com\/\"},{\"@type\":\"ListItem\",\"position\":2,\"name\":\"Iglesia y mujer un gran desaf\u00edo cultural\"}]},{\"@type\":\"WebSite\",\"@id\":\"https:\/\/laprensacristiana.com\/#website\",\"url\":\"https:\/\/laprensacristiana.com\/\",\"name\":\"La Prensa Cristiana\",\"description\":\"Anunciando Las Buenas Nuevas\",\"potentialAction\":[{\"@type\":\"SearchAction\",\"target\":{\"@type\":\"EntryPoint\",\"urlTemplate\":\"https:\/\/laprensacristiana.com\/?s={search_term_string}\"},\"query-input\":\"required name=search_term_string\"}],\"inLanguage\":\"es\"},{\"@type\":\"Person\",\"@id\":\"https:\/\/laprensacristiana.com\/#\/schema\/person\/3e7d82c6bfd6b1fa67010f8f7cd5256e\",\"name\":\"EDITOR\",\"image\":{\"@type\":\"ImageObject\",\"inLanguage\":\"es\",\"@id\":\"https:\/\/laprensacristiana.com\/#\/schema\/person\/image\/\",\"url\":\"https:\/\/secure.gravatar.com\/avatar\/72069dfb6c13772d9e8381e3638666d2?s=96&d=mm&r=g\",\"contentUrl\":\"https:\/\/secure.gravatar.com\/avatar\/72069dfb6c13772d9e8381e3638666d2?s=96&d=mm&r=g\",\"caption\":\"EDITOR\"},\"url\":\"https:\/\/laprensacristiana.com\/?author=3\"}]}<\/script>\n<!-- \/ Yoast SEO plugin. -->","yoast_head_json":{"title":"Iglesia y mujer un gran desaf\u00edo cultural - La Prensa Cristiana","robots":{"index":"index","follow":"follow","max-snippet":"max-snippet:-1","max-image-preview":"max-image-preview:large","max-video-preview":"max-video-preview:-1"},"canonical":"https:\/\/laprensacristiana.com\/?p=2884","og_locale":"es_ES","og_type":"article","og_title":"Iglesia y mujer un gran desaf\u00edo cultural - La Prensa Cristiana","og_description":"Alianza evang\u00e9lica de El Salvador realiz\u00f3 su desayuno correspondiente al mes de mayo bajo el tema \u201cIglesia y mujer: un gran desaf\u00edo cultural\u201d. Alianza Evang\u00e9lica de El Salvador celebr\u00f3 su tradicional desayuno, como mes a mes lo hacen en Restaurante Los Cebollines, bajo el tema de \u201cIglesia y mujer: un gran desaf\u00edo cultural\u201d. Ponencia impartida [&hellip;]","og_url":"https:\/\/laprensacristiana.com\/?p=2884","og_site_name":"La Prensa Cristiana","article_published_time":"2017-05-26T20:41:37+00:00","article_modified_time":"2020-07-02T00:46:55+00:00","og_image":[{"width":370,"height":245,"url":"https:\/\/laprensacristiana.com\/wp-content\/uploads\/2017\/05\/alianzaEvangelicaSalvador2012-10.jpg","type":"image\/jpeg"}],"author":"EDITOR","twitter_card":"summary_large_image","twitter_misc":{"Escrito por":"EDITOR","Tiempo de lectura":"1 minuto"},"schema":{"@context":"https:\/\/schema.org","@graph":[{"@type":"WebPage","@id":"https:\/\/laprensacristiana.com\/?p=2884","url":"https:\/\/laprensacristiana.com\/?p=2884","name":"Iglesia y mujer un gran desaf\u00edo cultural - La Prensa Cristiana","isPartOf":{"@id":"https:\/\/laprensacristiana.com\/#website"},"datePublished":"2017-05-26T20:41:37+00:00","dateModified":"2020-07-02T00:46:55+00:00","author":{"@id":"https:\/\/laprensacristiana.com\/#\/schema\/person\/3e7d82c6bfd6b1fa67010f8f7cd5256e"},"breadcrumb":{"@id":"https:\/\/laprensacristiana.com\/?p=2884#breadcrumb"},"inLanguage":"es","potentialAction":[{"@type":"ReadAction","target":["https:\/\/laprensacristiana.com\/?p=2884"]}]},{"@type":"BreadcrumbList","@id":"https:\/\/laprensacristiana.com\/?p=2884#breadcrumb","itemListElement":[{"@type":"ListItem","position":1,"name":"Portada","item":"https:\/\/laprensacristiana.com\/"},{"@type":"ListItem","position":2,"name":"Iglesia y mujer un gran desaf\u00edo cultural"}]},{"@type":"WebSite","@id":"https:\/\/laprensacristiana.com\/#website","url":"https:\/\/laprensacristiana.com\/","name":"La Prensa Cristiana","description":"Anunciando Las Buenas Nuevas","potentialAction":[{"@type":"SearchAction","target":{"@type":"EntryPoint","urlTemplate":"https:\/\/laprensacristiana.com\/?s={search_term_string}"},"query-input":"required name=search_term_string"}],"inLanguage":"es"},{"@type":"Person","@id":"https:\/\/laprensacristiana.com\/#\/schema\/person\/3e7d82c6bfd6b1fa67010f8f7cd5256e","name":"EDITOR","image":{"@type":"ImageObject","inLanguage":"es","@id":"https:\/\/laprensacristiana.com\/#\/schema\/person\/image\/","url":"https:\/\/secure.gravatar.com\/avatar\/72069dfb6c13772d9e8381e3638666d2?s=96&d=mm&r=g","contentUrl":"https:\/\/secure.gravatar.com\/avatar\/72069dfb6c13772d9e8381e3638666d2?s=96&d=mm&r=g","caption":"EDITOR"},"url":"https:\/\/laprensacristiana.com\/?author=3"}]}},"_links":{"self":[{"href":"https:\/\/laprensacristiana.com\/index.php?rest_route=\/wp\/v2\/posts\/2884"}],"collection":[{"href":"https:\/\/laprensacristiana.com\/index.php?rest_route=\/wp\/v2\/posts"}],"about":[{"href":"https:\/\/laprensacristiana.com\/index.php?rest_route=\/wp\/v2\/types\/post"}],"author":[{"embeddable":true,"href":"https:\/\/laprensacristiana.com\/index.php?rest_route=\/wp\/v2\/users\/3"}],"replies":[{"embeddable":true,"href":"https:\/\/laprensacristiana.com\/index.php?rest_route=%2Fwp%2Fv2%2Fcomments&post=2884"}],"version-history":[{"count":1,"href":"https:\/\/laprensacristiana.com\/index.php?rest_route=\/wp\/v2\/posts\/2884\/revisions"}],"predecessor-version":[{"id":2888,"href":"https:\/\/laprensacristiana.com\/index.php?rest_route=\/wp\/v2\/posts\/2884\/revisions\/2888"}],"wp:featuredmedia":[{"embeddable":true,"href":"https:\/\/laprensacristiana.com\/index.php?rest_route=\/wp\/v2\/media\/2887"}],"wp:attachment":[{"href":"https:\/\/laprensacristiana.com\/index.php?rest_route=%2Fwp%2Fv2%2Fmedia&parent=2884"}],"wp:term":[{"taxonomy":"category","embeddable":true,"href":"https:\/\/laprensacristiana.com\/index.php?rest_route=%2Fwp%2Fv2%2Fcategories&post=2884"},{"taxonomy":"post_tag","embeddable":true,"href":"https:\/\/laprensacristiana.com\/index.php?rest_route=%2Fwp%2Fv2%2Ftags&post=2884"}],"curies":[{"name":"wp","href":"https:\/\/api.w.org\/{rel}","templated":true}]}}