{"id":2890,"date":"2017-05-26T21:05:43","date_gmt":"2017-05-26T21:05:43","guid":{"rendered":"https:\/\/laprensacristiana.com\/?p=2890"},"modified":"2020-07-02T00:46:39","modified_gmt":"2020-07-02T00:46:39","slug":"nuevo-sencillo-de-dj-pv-con-gds-band","status":"publish","type":"post","link":"https:\/\/laprensacristiana.com\/?p=2890","title":{"rendered":"Nuevo sencillo de DJ PV con GDS Band"},"content":{"rendered":"<p style=\"text-align: justify;\">En el nuevo sencillo \u201cLibertad\u201d, ellos se unen para llamar la\u00a0 atenci\u00f3n\u00a0 del\u00a0 p\u00fablico\u00a0 hacia\u00a0 la persona\u00a0 de\u00a0 Jes\u00fas,\u00a0 compartiendo\u00a0 la\u00a0 misma\u00a0 pasi\u00f3n\u00a0 por\u00a0 esta\u00a0 generaci\u00f3n\u00a0 y\u00a0 por\u00a0 el\u00a0 mensaje\u00a0 de la cruz.<\/p>\n<p style=\"text-align: justify;\">El\u00a0 innovador\u00a0 grupo\u00a0 salvadore\u00f1o,\u00a0 GDS\u00a0 Band, formado\u00a0 por\u00a0 los\u00a0 hermanos\u00a0 Ingrid\u00a0 y\u00a0 Luis\u00a0 Diaz, se\u00a0 une\u00a0 a\u00a0 DJ\u00a0 PV\u00a0 para\u00a0 llevar\u00a0 el\u00a0 mensaje\u00a0 de\u00a0 Jes\u00fas\u00a0 de\u00a0 manera\u00a0 relevante\u00a0 a\u00a0 esta\u00a0 generaci\u00f3n. Los tres\u00a0 fueron\u00a0 creados\u00a0 en\u00a0 hogares cristianos y siempre\u00a0 han\u00a0 estado envueltos\u00a0 en\u00a0 el ministerio. Ingrid\u00a0 y\u00a0 Luiz supieron\u00a0 desde\u00a0 muy\u00a0 j\u00f3venes\u00a0 que\u00a0 su\u00a0 vida\u00a0 estar\u00eda\u00a0 ligada\u00a0 al\u00a0 ministerio\u00a0 y\u00a0 que\u00a0 la m\u00fasica ser\u00eda su herramienta primordial para llevar un mensaje transformador. Es por eso que decidieron formar GDS, las siglas que denotan Generaci\u00f3n de Salvaci\u00f3n.<\/p>\n<p style=\"text-align: justify;\">Pedro\u00a0 Victor,\u00a0 conocido\u00a0 como\u00a0 DJ\u00a0 PV,\u00a0 es\u00a0 brasile\u00f1o,\u00a0 naci\u00f3\u00a0 en\u00a0 un\u00a0 hogar\u00a0 cristiano\u00a0 y\u00a0 nunca anduvo\u00a0 por\u00a0 otros\u00a0 caminos.\u00a0 A\u00a0 trav\u00e9s\u00a0 de\u00a0 la\u00a0 m\u00fasica\u00a0 electr\u00f3nica,\u00a0 ha\u00a0 alcanzado\u00a0 millones\u00a0 de j\u00f3venes en Brasil y en diferentes pa\u00edses del mundo. En sus presentaciones, utiliza una serie de recursos\u00a0 para\u00a0 hacer\u00a0 m\u00e1s \u00a0din\u00e1mica\u00a0 su presentaci\u00f3n,\u00a0 como\u00a0 un Robot\u00a0 Led,\u00a0 bailarines, guitarra nintendo wii y un arpa l\u00e1ser. En su canal de Youtube ya es posible visualizar sus nuevos lyric videos con la participaci\u00f3n de invitados.<\/p>\n<p style=\"text-align: justify;\">El\u00a0 brasile\u00f1o DJ PV acaba\u00a0 de\u00a0 lanzar\u00a0 su\u00a0 nuevo\u00a0 sencillo,\u00a0 la\u00a0 canci\u00f3n\u00a0 \u201cLibertad\u201d,\u00a0 con\u00a0 la participaci\u00f3n especial de la banda salvadore\u00f1a GDS. Con un estilo \u00fanico, que mezcla el pop electr\u00f3nico y ritmos brasile\u00f1os contempor\u00e1neos, la canci\u00f3n es una explosi\u00f3n de energ\u00eda para celebrar\u00a0 la\u00a0 libertad\u00a0 que\u00a0 s\u00f3lo\u00a0 podemos\u00a0 encontrar\u00a0 en\u00a0 Cristo.\u00a0 Con\u00a0 im\u00e1genes\u00a0 fuertes\u00a0 y\u00a0 colores vibrantes,\u00a0 el lyric\u00a0 video de\u00a0 la\u00a0 canci\u00f3n representa\u00a0 una\u00a0 verdadera\u00a0 celebraci\u00f3n\u00a0 a\u00a0 la\u00a0 vida\u00a0 que Cristo nos dio en la cruz.<\/p>\n<p style=\"text-align: justify;\">La\u00a0 canci\u00f3n \u201cLibertad\u201d es\u00a0 parte\u00a0 del\u00a0 primer\u00a0 \u00e1lbum\u00a0 de\u00a0 DJ\u00a0 PV\u00a0 en\u00a0 espa\u00f1ol,\u00a0 quien\u00a0 desea\u00a0 que\u00a0 su m\u00fasica\u00a0 se\u00a0 escuche\u00a0 en\u00a0 todas\u00a0 las\u00a0 partes\u00a0 y\u00a0 los\u00a0 j\u00f3venes\u00a0 puedan\u00a0 celebrar\u00a0 a\u00a0 Dios\u00a0 con\u00a0 alegr\u00eda, santidad y libertad.<\/p>\n<p style=\"text-align: justify;\">Muy\u00a0 pronto\u00a0 saldr\u00e1n\u00a0 las\u00a0 dem\u00e1s\u00a0 canciones\u00a0 del\u00a0 proyecto\u00a0 completo, que se llama \u201cSonido de Libertad\u201d. Adem\u00e1s de GDS Band,tambi\u00e9n participan de las canciones de su nuevo \u00e1lbum en espa\u00f1ol\u00a0 Alex\u00a0 Campos,\u00a0 Redimi2,\u00a0 Ingrid\u00a0 Rosario,\u00a0 Julissa,\u00a0 Generaci\u00f3n12,\u00a0 Evan\u00a0 Craft,\u00a0 Daniela Ara\u00fajo, entre otros. El lanzamiento del \u00e1lbum se dar\u00e1 muy pronto, por Sony Music.<\/p>\n","protected":false},"excerpt":{"rendered":"<p>En el nuevo sencillo \u201cLibertad\u201d, ellos se unen para llamar la\u00a0 atenci\u00f3n\u00a0 del\u00a0 p\u00fablico\u00a0 hacia\u00a0 la persona\u00a0 de\u00a0 Jes\u00fas,\u00a0 compartiendo\u00a0 la\u00a0 misma\u00a0 pasi\u00f3n\u00a0 por\u00a0 esta\u00a0 generaci\u00f3n\u00a0 y\u00a0 por\u00a0 el\u00a0 mensaje\u00a0 de la cruz. El\u00a0 innovador\u00a0 grupo\u00a0 salvadore\u00f1o,\u00a0 GDS\u00a0 Band, formado\u00a0 por\u00a0 los\u00a0 hermanos\u00a0 Ingrid\u00a0 y\u00a0 Luis\u00a0 Diaz, se\u00a0 une\u00a0 a\u00a0 DJ\u00a0 PV\u00a0 para\u00a0 llevar\u00a0 el\u00a0 [&hellip;]<\/p>\n","protected":false},"author":3,"featured_media":2891,"comment_status":"open","ping_status":"open","sticky":false,"template":"","format":"standard","meta":[],"categories":[101],"tags":[],"yoast_head":"<!-- This site is optimized with the Yoast SEO plugin v20.8 - https:\/\/yoast.com\/wordpress\/plugins\/seo\/ -->\n<title>Nuevo sencillo de DJ PV con GDS Band - La Prensa Cristiana<\/title>\n<meta name=\"robots\" content=\"index, follow, max-snippet:-1, max-image-preview:large, max-video-preview:-1\" \/>\n<link rel=\"canonical\" href=\"https:\/\/laprensacristiana.com\/?p=2890\" \/>\n<meta property=\"og:locale\" content=\"es_ES\" \/>\n<meta property=\"og:type\" content=\"article\" \/>\n<meta property=\"og:title\" content=\"Nuevo sencillo de DJ PV con GDS Band - La Prensa Cristiana\" \/>\n<meta property=\"og:description\" content=\"En el nuevo sencillo \u201cLibertad\u201d, ellos se unen para llamar la\u00a0 atenci\u00f3n\u00a0 del\u00a0 p\u00fablico\u00a0 hacia\u00a0 la persona\u00a0 de\u00a0 Jes\u00fas,\u00a0 compartiendo\u00a0 la\u00a0 misma\u00a0 pasi\u00f3n\u00a0 por\u00a0 esta\u00a0 generaci\u00f3n\u00a0 y\u00a0 por\u00a0 el\u00a0 mensaje\u00a0 de la cruz. El\u00a0 innovador\u00a0 grupo\u00a0 salvadore\u00f1o,\u00a0 GDS\u00a0 Band, formado\u00a0 por\u00a0 los\u00a0 hermanos\u00a0 Ingrid\u00a0 y\u00a0 Luis\u00a0 Diaz, se\u00a0 une\u00a0 a\u00a0 DJ\u00a0 PV\u00a0 para\u00a0 llevar\u00a0 el\u00a0 [&hellip;]\" \/>\n<meta property=\"og:url\" content=\"https:\/\/laprensacristiana.com\/?p=2890\" \/>\n<meta property=\"og:site_name\" content=\"La Prensa Cristiana\" \/>\n<meta property=\"article:published_time\" content=\"2017-05-26T21:05:43+00:00\" \/>\n<meta property=\"article:modified_time\" content=\"2020-07-02T00:46:39+00:00\" \/>\n<meta property=\"og:image\" content=\"https:\/\/laprensacristiana.com\/wp-content\/uploads\/2017\/05\/hb-djpv-capa-1140x600.jpg\" \/>\n\t<meta property=\"og:image:width\" content=\"1140\" \/>\n\t<meta property=\"og:image:height\" content=\"600\" \/>\n\t<meta property=\"og:image:type\" content=\"image\/jpeg\" \/>\n<meta name=\"author\" content=\"EDITOR\" \/>\n<meta name=\"twitter:card\" content=\"summary_large_image\" \/>\n<meta name=\"twitter:label1\" content=\"Escrito por\" \/>\n\t<meta name=\"twitter:data1\" content=\"EDITOR\" \/>\n\t<meta name=\"twitter:label2\" content=\"Tiempo de lectura\" \/>\n\t<meta name=\"twitter:data2\" content=\"2 minutos\" \/>\n<script type=\"application\/ld+json\" class=\"yoast-schema-graph\">{\"@context\":\"https:\/\/schema.org\",\"@graph\":[{\"@type\":\"WebPage\",\"@id\":\"https:\/\/laprensacristiana.com\/?p=2890\",\"url\":\"https:\/\/laprensacristiana.com\/?p=2890\",\"name\":\"Nuevo sencillo de DJ PV con GDS Band - La Prensa Cristiana\",\"isPartOf\":{\"@id\":\"https:\/\/laprensacristiana.com\/#website\"},\"datePublished\":\"2017-05-26T21:05:43+00:00\",\"dateModified\":\"2020-07-02T00:46:39+00:00\",\"author\":{\"@id\":\"https:\/\/laprensacristiana.com\/#\/schema\/person\/3e7d82c6bfd6b1fa67010f8f7cd5256e\"},\"breadcrumb\":{\"@id\":\"https:\/\/laprensacristiana.com\/?p=2890#breadcrumb\"},\"inLanguage\":\"es\",\"potentialAction\":[{\"@type\":\"ReadAction\",\"target\":[\"https:\/\/laprensacristiana.com\/?p=2890\"]}]},{\"@type\":\"BreadcrumbList\",\"@id\":\"https:\/\/laprensacristiana.com\/?p=2890#breadcrumb\",\"itemListElement\":[{\"@type\":\"ListItem\",\"position\":1,\"name\":\"Portada\",\"item\":\"https:\/\/laprensacristiana.com\/\"},{\"@type\":\"ListItem\",\"position\":2,\"name\":\"Nuevo sencillo de DJ PV con GDS Band\"}]},{\"@type\":\"WebSite\",\"@id\":\"https:\/\/laprensacristiana.com\/#website\",\"url\":\"https:\/\/laprensacristiana.com\/\",\"name\":\"La Prensa Cristiana\",\"description\":\"Anunciando Las Buenas Nuevas\",\"potentialAction\":[{\"@type\":\"SearchAction\",\"target\":{\"@type\":\"EntryPoint\",\"urlTemplate\":\"https:\/\/laprensacristiana.com\/?s={search_term_string}\"},\"query-input\":\"required name=search_term_string\"}],\"inLanguage\":\"es\"},{\"@type\":\"Person\",\"@id\":\"https:\/\/laprensacristiana.com\/#\/schema\/person\/3e7d82c6bfd6b1fa67010f8f7cd5256e\",\"name\":\"EDITOR\",\"image\":{\"@type\":\"ImageObject\",\"inLanguage\":\"es\",\"@id\":\"https:\/\/laprensacristiana.com\/#\/schema\/person\/image\/\",\"url\":\"https:\/\/secure.gravatar.com\/avatar\/72069dfb6c13772d9e8381e3638666d2?s=96&d=mm&r=g\",\"contentUrl\":\"https:\/\/secure.gravatar.com\/avatar\/72069dfb6c13772d9e8381e3638666d2?s=96&d=mm&r=g\",\"caption\":\"EDITOR\"},\"url\":\"https:\/\/laprensacristiana.com\/?author=3\"}]}<\/script>\n<!-- \/ Yoast SEO plugin. -->","yoast_head_json":{"title":"Nuevo sencillo de DJ PV con GDS Band - La Prensa Cristiana","robots":{"index":"index","follow":"follow","max-snippet":"max-snippet:-1","max-image-preview":"max-image-preview:large","max-video-preview":"max-video-preview:-1"},"canonical":"https:\/\/laprensacristiana.com\/?p=2890","og_locale":"es_ES","og_type":"article","og_title":"Nuevo sencillo de DJ PV con GDS Band - La Prensa Cristiana","og_description":"En el nuevo sencillo \u201cLibertad\u201d, ellos se unen para llamar la\u00a0 atenci\u00f3n\u00a0 del\u00a0 p\u00fablico\u00a0 hacia\u00a0 la persona\u00a0 de\u00a0 Jes\u00fas,\u00a0 compartiendo\u00a0 la\u00a0 misma\u00a0 pasi\u00f3n\u00a0 por\u00a0 esta\u00a0 generaci\u00f3n\u00a0 y\u00a0 por\u00a0 el\u00a0 mensaje\u00a0 de la cruz. El\u00a0 innovador\u00a0 grupo\u00a0 salvadore\u00f1o,\u00a0 GDS\u00a0 Band, formado\u00a0 por\u00a0 los\u00a0 hermanos\u00a0 Ingrid\u00a0 y\u00a0 Luis\u00a0 Diaz, se\u00a0 une\u00a0 a\u00a0 DJ\u00a0 PV\u00a0 para\u00a0 llevar\u00a0 el\u00a0 [&hellip;]","og_url":"https:\/\/laprensacristiana.com\/?p=2890","og_site_name":"La Prensa Cristiana","article_published_time":"2017-05-26T21:05:43+00:00","article_modified_time":"2020-07-02T00:46:39+00:00","og_image":[{"width":1140,"height":600,"url":"https:\/\/laprensacristiana.com\/wp-content\/uploads\/2017\/05\/hb-djpv-capa-1140x600.jpg","type":"image\/jpeg"}],"author":"EDITOR","twitter_card":"summary_large_image","twitter_misc":{"Escrito por":"EDITOR","Tiempo de lectura":"2 minutos"},"schema":{"@context":"https:\/\/schema.org","@graph":[{"@type":"WebPage","@id":"https:\/\/laprensacristiana.com\/?p=2890","url":"https:\/\/laprensacristiana.com\/?p=2890","name":"Nuevo sencillo de DJ PV con GDS Band - La Prensa Cristiana","isPartOf":{"@id":"https:\/\/laprensacristiana.com\/#website"},"datePublished":"2017-05-26T21:05:43+00:00","dateModified":"2020-07-02T00:46:39+00:00","author":{"@id":"https:\/\/laprensacristiana.com\/#\/schema\/person\/3e7d82c6bfd6b1fa67010f8f7cd5256e"},"breadcrumb":{"@id":"https:\/\/laprensacristiana.com\/?p=2890#breadcrumb"},"inLanguage":"es","potentialAction":[{"@type":"ReadAction","target":["https:\/\/laprensacristiana.com\/?p=2890"]}]},{"@type":"BreadcrumbList","@id":"https:\/\/laprensacristiana.com\/?p=2890#breadcrumb","itemListElement":[{"@type":"ListItem","position":1,"name":"Portada","item":"https:\/\/laprensacristiana.com\/"},{"@type":"ListItem","position":2,"name":"Nuevo sencillo de DJ PV con GDS Band"}]},{"@type":"WebSite","@id":"https:\/\/laprensacristiana.com\/#website","url":"https:\/\/laprensacristiana.com\/","name":"La Prensa Cristiana","description":"Anunciando Las Buenas Nuevas","potentialAction":[{"@type":"SearchAction","target":{"@type":"EntryPoint","urlTemplate":"https:\/\/laprensacristiana.com\/?s={search_term_string}"},"query-input":"required name=search_term_string"}],"inLanguage":"es"},{"@type":"Person","@id":"https:\/\/laprensacristiana.com\/#\/schema\/person\/3e7d82c6bfd6b1fa67010f8f7cd5256e","name":"EDITOR","image":{"@type":"ImageObject","inLanguage":"es","@id":"https:\/\/laprensacristiana.com\/#\/schema\/person\/image\/","url":"https:\/\/secure.gravatar.com\/avatar\/72069dfb6c13772d9e8381e3638666d2?s=96&d=mm&r=g","contentUrl":"https:\/\/secure.gravatar.com\/avatar\/72069dfb6c13772d9e8381e3638666d2?s=96&d=mm&r=g","caption":"EDITOR"},"url":"https:\/\/laprensacristiana.com\/?author=3"}]}},"_links":{"self":[{"href":"https:\/\/laprensacristiana.com\/index.php?rest_route=\/wp\/v2\/posts\/2890"}],"collection":[{"href":"https:\/\/laprensacristiana.com\/index.php?rest_route=\/wp\/v2\/posts"}],"about":[{"href":"https:\/\/laprensacristiana.com\/index.php?rest_route=\/wp\/v2\/types\/post"}],"author":[{"embeddable":true,"href":"https:\/\/laprensacristiana.com\/index.php?rest_route=\/wp\/v2\/users\/3"}],"replies":[{"embeddable":true,"href":"https:\/\/laprensacristiana.com\/index.php?rest_route=%2Fwp%2Fv2%2Fcomments&post=2890"}],"version-history":[{"count":1,"href":"https:\/\/laprensacristiana.com\/index.php?rest_route=\/wp\/v2\/posts\/2890\/revisions"}],"predecessor-version":[{"id":2892,"href":"https:\/\/laprensacristiana.com\/index.php?rest_route=\/wp\/v2\/posts\/2890\/revisions\/2892"}],"wp:featuredmedia":[{"embeddable":true,"href":"https:\/\/laprensacristiana.com\/index.php?rest_route=\/wp\/v2\/media\/2891"}],"wp:attachment":[{"href":"https:\/\/laprensacristiana.com\/index.php?rest_route=%2Fwp%2Fv2%2Fmedia&parent=2890"}],"wp:term":[{"taxonomy":"category","embeddable":true,"href":"https:\/\/laprensacristiana.com\/index.php?rest_route=%2Fwp%2Fv2%2Fcategories&post=2890"},{"taxonomy":"post_tag","embeddable":true,"href":"https:\/\/laprensacristiana.com\/index.php?rest_route=%2Fwp%2Fv2%2Ftags&post=2890"}],"curies":[{"name":"wp","href":"https:\/\/api.w.org\/{rel}","templated":true}]}}