{"id":2902,"date":"2017-05-29T21:22:35","date_gmt":"2017-05-29T21:22:35","guid":{"rendered":"https:\/\/laprensacristiana.com\/?p=2902"},"modified":"2020-07-02T00:46:11","modified_gmt":"2020-07-02T00:46:11","slug":"foro-de-liderazgo-generacional-e625-el-salvador","status":"publish","type":"post","link":"https:\/\/laprensacristiana.com\/?p=2902","title":{"rendered":"FORO DE LIDERAZGO GENERACIONAL E625 EL SALVADOR"},"content":{"rendered":"<p style=\"text-align: justify;\">El nuevo paradigma que la iglesia debe abrazar, es el slogan que caracteriz\u00f3 al primer Foro de Liderazgo Generacional e625 El Salvador, que se llev\u00f3 a cabo el s\u00e1bado 27 de mayo, con el principal objetivo de reforzar a los l\u00edderes cristianos ante los desaf\u00edos de las nuevas generaciones.<\/p>\n<p style=\"text-align: justify;\">Fue una jornada intensa donde los participantes eran invitados a discutir dilemas y desaf\u00edos pertinentes a la situaci\u00f3n social del pa\u00eds desde la perspectiva del cristianismo y su influencia con las nuevas generaciones. El programa cubri\u00f3 3 bloques conductivos y un bloque final de debate.<\/p>\n<p style=\"text-align: justify;\"><img decoding=\"async\" loading=\"lazy\" class=\"aligncenter wp-image-2898\" src=\"https:\/\/laprensacristiana.com\/wp-content\/uploads\/2017\/05\/18766083_1407901915946017_977131718092519056_n-200x300.jpg\" alt=\"Dr. Lucas Leys\" width=\"313\" height=\"470\" srcset=\"https:\/\/laprensacristiana.com\/wp-content\/uploads\/2017\/05\/18766083_1407901915946017_977131718092519056_n-200x300.jpg 200w, https:\/\/laprensacristiana.com\/wp-content\/uploads\/2017\/05\/18766083_1407901915946017_977131718092519056_n-600x900.jpg 600w, https:\/\/laprensacristiana.com\/wp-content\/uploads\/2017\/05\/18766083_1407901915946017_977131718092519056_n-280x420.jpg 280w, https:\/\/laprensacristiana.com\/wp-content\/uploads\/2017\/05\/18766083_1407901915946017_977131718092519056_n.jpg 640w\" sizes=\"(max-width: 313px) 100vw, 313px\" \/><\/p>\n<p style=\"text-align: justify;\">\u201cAprender y reforzar principios y creo que lo he logrado hasta\u00a0 donde vamos ahorita muy bien porque creo que Dios est\u00e1 hablando a la nueva generaci\u00f3n, a la vieja generaci\u00f3n y es un ponernos de acuerdo para el futuro espiritual del pa\u00eds que tiene que ver con cambiar y transformar la realidad del pa\u00eds\u201d Rafael Dom\u00ednguez, presentador de Canal 8, qui\u00e9n se hizo presente al evento.<\/p>\n<p style=\"text-align: justify;\">Durante el desarrollo del foro se cont\u00f3 con la participaci\u00f3n principal de Lucas Leys \u00a0quien di\u00f3 su perspectiva generacional, el Doctor Samuel Berber\u00edan quien con su simpat\u00eda y buen humor, dio su punto de vista desde el \u00e1mbito teol\u00f3gico \u201cNo se decepcionen con la gente grande, no se sientan molestos por los menores, haga historia para cuando este pase despu\u00e9s y no este se acuerde\u00a0 de usted, no importa si usted lo supo o no es protagonista es dignidad lo que hace falta\u201d, fueron las palabras del Dr. Berber\u00edan, para los lideres j\u00f3venes.<\/p>\n<p style=\"text-align: justify;\"><img decoding=\"async\" loading=\"lazy\" class=\"wp-image-2897 aligncenter\" src=\"https:\/\/laprensacristiana.com\/wp-content\/uploads\/2017\/05\/18700073_1407901842612691_1834620515296092830_n-300x200.jpg\" alt=\"18700073_1407901842612691_1834620515296092830_n\" width=\"595\" height=\"396\" srcset=\"https:\/\/laprensacristiana.com\/wp-content\/uploads\/2017\/05\/18700073_1407901842612691_1834620515296092830_n-300x200.jpg 300w, https:\/\/laprensacristiana.com\/wp-content\/uploads\/2017\/05\/18700073_1407901842612691_1834620515296092830_n-600x400.jpg 600w, https:\/\/laprensacristiana.com\/wp-content\/uploads\/2017\/05\/18700073_1407901842612691_1834620515296092830_n-768x512.jpg 768w, https:\/\/laprensacristiana.com\/wp-content\/uploads\/2017\/05\/18700073_1407901842612691_1834620515296092830_n-696x464.jpg 696w, https:\/\/laprensacristiana.com\/wp-content\/uploads\/2017\/05\/18700073_1407901842612691_1834620515296092830_n-630x420.jpg 630w, https:\/\/laprensacristiana.com\/wp-content\/uploads\/2017\/05\/18700073_1407901842612691_1834620515296092830_n.jpg 960w\" sizes=\"(max-width: 595px) 100vw, 595px\" \/><\/p>\n<p style=\"text-align: justify;\">Adem\u00e1s se hicieron presente el licenciado Oscar Dur\u00e1n, Raquel Avolev\u00e1n comunicadora en estudios teol\u00f3gicos, David Reyes diputado y conferencista motivacional, el pastor Vladimir Rivas quien fue parte del debate y nos dijo: \u201cYo estoy muy contento de participar y agradecido que me hayan invitado como panelista en el desarrollo de este foro. Y el mensaje para el joven es que se preparen, el hecho de sentarse, aprender, investigar, conocer, eso nos va a permitir crear una perspectiva, una visi\u00f3n general de lo que Dios tiene para nuestras naciones y sobre todo capacitaci\u00f3n al liderazgo que para m\u00ed\u00a0 es b\u00e1sico\u201d, expres\u00f3. Otros panelistas en el evento fueron: pastor Josue Blanco, pastor Juan Angel Castro, pastora Kelly de Mejia, Dr. Mauricio Loucel, Ing. Guillermo Mu\u00f1oz, Dr. Jorge Martinez y Erick Abarca (Thrazo),<\/p>\n<p style=\"text-align: justify;\">E625 El Salvador est\u00e1 contribuyendo con la tem\u00e1tica de las nuevas generaciones\u00a0 en todos los \u00e1mbitos desde los ni\u00f1os, el pre adolescente, el adolescente y el universitario.\u00a0 Muchos j\u00f3venes l\u00edderes, pastores y miembros de iglesias se hicieron presente para aprender sobre la importancia de esta situaci\u00f3n.<\/p>\n<p style=\"text-align: justify;\">\u201cHa sido una experiencia incre\u00edble ya que\u00a0 realmente el capacitarnos nos hace y nos abre puertas que nunca hemos visto\u00a0 un foro muy importante, aqu\u00ed\u00a0 deber\u00edan estar m\u00e1s pastores l\u00edderes de j\u00f3venes\u00a0 no solo pastores de j\u00f3venes sino\u00a0 de ni\u00f1os de escuela dominical\u00a0 que sea como el foro lo dice de manera generacional, no solo enfocado en j\u00f3venes sino en cada \u00e1rea de nuestras iglesias.\u201d \u00a0coment\u00f3 Rene Alberto Mar\u00edn l\u00edder de j\u00f3venes en la iglesia de Dios Jes\u00fas es el Se\u00f1or.<\/p>\n<p style=\"text-align: justify;\"><img decoding=\"async\" loading=\"lazy\" class=\"wp-image-2904 aligncenter\" src=\"https:\/\/laprensacristiana.com\/wp-content\/uploads\/2017\/05\/DSC00365-300x225.jpg\" alt=\"\" width=\"588\" height=\"441\" srcset=\"https:\/\/laprensacristiana.com\/wp-content\/uploads\/2017\/05\/DSC00365-300x225.jpg 300w, https:\/\/laprensacristiana.com\/wp-content\/uploads\/2017\/05\/DSC00365-600x450.jpg 600w, https:\/\/laprensacristiana.com\/wp-content\/uploads\/2017\/05\/DSC00365-768x576.jpg 768w, https:\/\/laprensacristiana.com\/wp-content\/uploads\/2017\/05\/DSC00365-1024x768.jpg 1024w, https:\/\/laprensacristiana.com\/wp-content\/uploads\/2017\/05\/DSC00365-80x60.jpg 80w, https:\/\/laprensacristiana.com\/wp-content\/uploads\/2017\/05\/DSC00365-265x198.jpg 265w, https:\/\/laprensacristiana.com\/wp-content\/uploads\/2017\/05\/DSC00365-696x522.jpg 696w, https:\/\/laprensacristiana.com\/wp-content\/uploads\/2017\/05\/DSC00365-1068x801.jpg 1068w, https:\/\/laprensacristiana.com\/wp-content\/uploads\/2017\/05\/DSC00365-560x420.jpg 560w\" sizes=\"(max-width: 588px) 100vw, 588px\" \/>Para cerrar este foro se hizo una oraci\u00f3n sobre la perspectiva salvadore\u00f1a y sobre todo por la nueva generaci\u00f3n, que se estuvo a cargo del Licenciado Jon\u00e1s Herrera quien es el director nacional de e625 El Salvador y un mensaje especial \u00a0del fundador de esta organizaci\u00f3n el Dr. Lucas Leys quien dio su punto de vista sobre la juventud salvadore\u00f1a:\u00a0 \u201cLa veo con muchas posibilidades con muchos sue\u00f1os y obviamente con muchos desaf\u00edos, estudien mucho y no le crean al dicho que dice el que mucho abarca poco aprieta, en la juventud el que mucho abarca m\u00e1s oportunidades tiene.\u201d<\/p>\n<p style=\"text-align: justify;\">\n","protected":false},"excerpt":{"rendered":"<p>El nuevo paradigma que la iglesia debe abrazar, es el slogan que caracteriz\u00f3 al primer Foro de Liderazgo Generacional e625 El Salvador, que se llev\u00f3 a cabo el s\u00e1bado 27 de mayo, con el principal objetivo de reforzar a los l\u00edderes cristianos ante los desaf\u00edos de las nuevas generaciones. Fue una jornada intensa donde los [&hellip;]<\/p>\n","protected":false},"author":3,"featured_media":2899,"comment_status":"open","ping_status":"open","sticky":false,"template":"","format":"standard","meta":[],"categories":[56],"tags":[],"yoast_head":"<!-- This site is optimized with the Yoast SEO plugin v20.8 - https:\/\/yoast.com\/wordpress\/plugins\/seo\/ -->\n<title>FORO DE LIDERAZGO GENERACIONAL E625 EL SALVADOR - La Prensa Cristiana<\/title>\n<meta name=\"robots\" content=\"index, follow, max-snippet:-1, max-image-preview:large, max-video-preview:-1\" \/>\n<link rel=\"canonical\" href=\"https:\/\/laprensacristiana.com\/?p=2902\" \/>\n<meta property=\"og:locale\" content=\"es_ES\" \/>\n<meta property=\"og:type\" content=\"article\" \/>\n<meta property=\"og:title\" content=\"FORO DE LIDERAZGO GENERACIONAL E625 EL SALVADOR - La Prensa Cristiana\" \/>\n<meta property=\"og:description\" content=\"El nuevo paradigma que la iglesia debe abrazar, es el slogan que caracteriz\u00f3 al primer Foro de Liderazgo Generacional e625 El Salvador, que se llev\u00f3 a cabo el s\u00e1bado 27 de mayo, con el principal objetivo de reforzar a los l\u00edderes cristianos ante los desaf\u00edos de las nuevas generaciones. Fue una jornada intensa donde los [&hellip;]\" \/>\n<meta property=\"og:url\" content=\"https:\/\/laprensacristiana.com\/?p=2902\" \/>\n<meta property=\"og:site_name\" content=\"La Prensa Cristiana\" \/>\n<meta property=\"article:published_time\" content=\"2017-05-29T21:22:35+00:00\" \/>\n<meta property=\"article:modified_time\" content=\"2020-07-02T00:46:11+00:00\" \/>\n<meta property=\"og:image\" content=\"https:\/\/laprensacristiana.com\/wp-content\/uploads\/2017\/05\/DSC00307-scaled.jpg\" \/>\n\t<meta property=\"og:image:width\" content=\"2560\" \/>\n\t<meta property=\"og:image:height\" content=\"1920\" \/>\n\t<meta property=\"og:image:type\" content=\"image\/jpeg\" \/>\n<meta name=\"author\" content=\"EDITOR\" \/>\n<meta name=\"twitter:card\" content=\"summary_large_image\" \/>\n<meta name=\"twitter:label1\" content=\"Escrito por\" \/>\n\t<meta name=\"twitter:data1\" content=\"EDITOR\" \/>\n\t<meta name=\"twitter:label2\" content=\"Tiempo de lectura\" \/>\n\t<meta name=\"twitter:data2\" content=\"3 minutos\" \/>\n<script type=\"application\/ld+json\" class=\"yoast-schema-graph\">{\"@context\":\"https:\/\/schema.org\",\"@graph\":[{\"@type\":\"WebPage\",\"@id\":\"https:\/\/laprensacristiana.com\/?p=2902\",\"url\":\"https:\/\/laprensacristiana.com\/?p=2902\",\"name\":\"FORO DE LIDERAZGO GENERACIONAL E625 EL SALVADOR - La Prensa Cristiana\",\"isPartOf\":{\"@id\":\"https:\/\/laprensacristiana.com\/#website\"},\"datePublished\":\"2017-05-29T21:22:35+00:00\",\"dateModified\":\"2020-07-02T00:46:11+00:00\",\"author\":{\"@id\":\"https:\/\/laprensacristiana.com\/#\/schema\/person\/3e7d82c6bfd6b1fa67010f8f7cd5256e\"},\"breadcrumb\":{\"@id\":\"https:\/\/laprensacristiana.com\/?p=2902#breadcrumb\"},\"inLanguage\":\"es\",\"potentialAction\":[{\"@type\":\"ReadAction\",\"target\":[\"https:\/\/laprensacristiana.com\/?p=2902\"]}]},{\"@type\":\"BreadcrumbList\",\"@id\":\"https:\/\/laprensacristiana.com\/?p=2902#breadcrumb\",\"itemListElement\":[{\"@type\":\"ListItem\",\"position\":1,\"name\":\"Portada\",\"item\":\"https:\/\/laprensacristiana.com\/\"},{\"@type\":\"ListItem\",\"position\":2,\"name\":\"FORO DE LIDERAZGO GENERACIONAL E625 EL SALVADOR\"}]},{\"@type\":\"WebSite\",\"@id\":\"https:\/\/laprensacristiana.com\/#website\",\"url\":\"https:\/\/laprensacristiana.com\/\",\"name\":\"La Prensa Cristiana\",\"description\":\"Anunciando Las Buenas Nuevas\",\"potentialAction\":[{\"@type\":\"SearchAction\",\"target\":{\"@type\":\"EntryPoint\",\"urlTemplate\":\"https:\/\/laprensacristiana.com\/?s={search_term_string}\"},\"query-input\":\"required name=search_term_string\"}],\"inLanguage\":\"es\"},{\"@type\":\"Person\",\"@id\":\"https:\/\/laprensacristiana.com\/#\/schema\/person\/3e7d82c6bfd6b1fa67010f8f7cd5256e\",\"name\":\"EDITOR\",\"image\":{\"@type\":\"ImageObject\",\"inLanguage\":\"es\",\"@id\":\"https:\/\/laprensacristiana.com\/#\/schema\/person\/image\/\",\"url\":\"https:\/\/secure.gravatar.com\/avatar\/72069dfb6c13772d9e8381e3638666d2?s=96&d=mm&r=g\",\"contentUrl\":\"https:\/\/secure.gravatar.com\/avatar\/72069dfb6c13772d9e8381e3638666d2?s=96&d=mm&r=g\",\"caption\":\"EDITOR\"},\"url\":\"https:\/\/laprensacristiana.com\/?author=3\"}]}<\/script>\n<!-- \/ Yoast SEO plugin. -->","yoast_head_json":{"title":"FORO DE LIDERAZGO GENERACIONAL E625 EL SALVADOR - La Prensa Cristiana","robots":{"index":"index","follow":"follow","max-snippet":"max-snippet:-1","max-image-preview":"max-image-preview:large","max-video-preview":"max-video-preview:-1"},"canonical":"https:\/\/laprensacristiana.com\/?p=2902","og_locale":"es_ES","og_type":"article","og_title":"FORO DE LIDERAZGO GENERACIONAL E625 EL SALVADOR - La Prensa Cristiana","og_description":"El nuevo paradigma que la iglesia debe abrazar, es el slogan que caracteriz\u00f3 al primer Foro de Liderazgo Generacional e625 El Salvador, que se llev\u00f3 a cabo el s\u00e1bado 27 de mayo, con el principal objetivo de reforzar a los l\u00edderes cristianos ante los desaf\u00edos de las nuevas generaciones. Fue una jornada intensa donde los [&hellip;]","og_url":"https:\/\/laprensacristiana.com\/?p=2902","og_site_name":"La Prensa Cristiana","article_published_time":"2017-05-29T21:22:35+00:00","article_modified_time":"2020-07-02T00:46:11+00:00","og_image":[{"width":2560,"height":1920,"url":"https:\/\/laprensacristiana.com\/wp-content\/uploads\/2017\/05\/DSC00307-scaled.jpg","type":"image\/jpeg"}],"author":"EDITOR","twitter_card":"summary_large_image","twitter_misc":{"Escrito por":"EDITOR","Tiempo de lectura":"3 minutos"},"schema":{"@context":"https:\/\/schema.org","@graph":[{"@type":"WebPage","@id":"https:\/\/laprensacristiana.com\/?p=2902","url":"https:\/\/laprensacristiana.com\/?p=2902","name":"FORO DE LIDERAZGO GENERACIONAL E625 EL SALVADOR - La Prensa Cristiana","isPartOf":{"@id":"https:\/\/laprensacristiana.com\/#website"},"datePublished":"2017-05-29T21:22:35+00:00","dateModified":"2020-07-02T00:46:11+00:00","author":{"@id":"https:\/\/laprensacristiana.com\/#\/schema\/person\/3e7d82c6bfd6b1fa67010f8f7cd5256e"},"breadcrumb":{"@id":"https:\/\/laprensacristiana.com\/?p=2902#breadcrumb"},"inLanguage":"es","potentialAction":[{"@type":"ReadAction","target":["https:\/\/laprensacristiana.com\/?p=2902"]}]},{"@type":"BreadcrumbList","@id":"https:\/\/laprensacristiana.com\/?p=2902#breadcrumb","itemListElement":[{"@type":"ListItem","position":1,"name":"Portada","item":"https:\/\/laprensacristiana.com\/"},{"@type":"ListItem","position":2,"name":"FORO DE LIDERAZGO GENERACIONAL E625 EL SALVADOR"}]},{"@type":"WebSite","@id":"https:\/\/laprensacristiana.com\/#website","url":"https:\/\/laprensacristiana.com\/","name":"La Prensa Cristiana","description":"Anunciando Las Buenas Nuevas","potentialAction":[{"@type":"SearchAction","target":{"@type":"EntryPoint","urlTemplate":"https:\/\/laprensacristiana.com\/?s={search_term_string}"},"query-input":"required name=search_term_string"}],"inLanguage":"es"},{"@type":"Person","@id":"https:\/\/laprensacristiana.com\/#\/schema\/person\/3e7d82c6bfd6b1fa67010f8f7cd5256e","name":"EDITOR","image":{"@type":"ImageObject","inLanguage":"es","@id":"https:\/\/laprensacristiana.com\/#\/schema\/person\/image\/","url":"https:\/\/secure.gravatar.com\/avatar\/72069dfb6c13772d9e8381e3638666d2?s=96&d=mm&r=g","contentUrl":"https:\/\/secure.gravatar.com\/avatar\/72069dfb6c13772d9e8381e3638666d2?s=96&d=mm&r=g","caption":"EDITOR"},"url":"https:\/\/laprensacristiana.com\/?author=3"}]}},"_links":{"self":[{"href":"https:\/\/laprensacristiana.com\/index.php?rest_route=\/wp\/v2\/posts\/2902"}],"collection":[{"href":"https:\/\/laprensacristiana.com\/index.php?rest_route=\/wp\/v2\/posts"}],"about":[{"href":"https:\/\/laprensacristiana.com\/index.php?rest_route=\/wp\/v2\/types\/post"}],"author":[{"embeddable":true,"href":"https:\/\/laprensacristiana.com\/index.php?rest_route=\/wp\/v2\/users\/3"}],"replies":[{"embeddable":true,"href":"https:\/\/laprensacristiana.com\/index.php?rest_route=%2Fwp%2Fv2%2Fcomments&post=2902"}],"version-history":[{"count":4,"href":"https:\/\/laprensacristiana.com\/index.php?rest_route=\/wp\/v2\/posts\/2902\/revisions"}],"predecessor-version":[{"id":2908,"href":"https:\/\/laprensacristiana.com\/index.php?rest_route=\/wp\/v2\/posts\/2902\/revisions\/2908"}],"wp:featuredmedia":[{"embeddable":true,"href":"https:\/\/laprensacristiana.com\/index.php?rest_route=\/wp\/v2\/media\/2899"}],"wp:attachment":[{"href":"https:\/\/laprensacristiana.com\/index.php?rest_route=%2Fwp%2Fv2%2Fmedia&parent=2902"}],"wp:term":[{"taxonomy":"category","embeddable":true,"href":"https:\/\/laprensacristiana.com\/index.php?rest_route=%2Fwp%2Fv2%2Fcategories&post=2902"},{"taxonomy":"post_tag","embeddable":true,"href":"https:\/\/laprensacristiana.com\/index.php?rest_route=%2Fwp%2Fv2%2Ftags&post=2902"}],"curies":[{"name":"wp","href":"https:\/\/api.w.org\/{rel}","templated":true}]}}