{"id":2909,"date":"2017-05-30T03:52:09","date_gmt":"2017-05-30T03:52:09","guid":{"rendered":"https:\/\/laprensacristiana.com\/?p=2909"},"modified":"2020-07-02T00:45:26","modified_gmt":"2020-07-02T00:45:26","slug":"mision-cristiana-elim-celebro-40-anos-de-su-fundacion","status":"publish","type":"post","link":"https:\/\/laprensacristiana.com\/?p=2909","title":{"rendered":"Misi\u00f3n Cristiana ELIM celebr\u00f3 40 a\u00f1os de su fundaci\u00f3n"},"content":{"rendered":"<p>Miles de personas pertenecientes a la iglesia central de Misi\u00f3n Cristiana Elim El Salvador celebraron 40 a\u00f1os de existencia. Acto multitudinario que se realiz\u00f3 en el estadio M\u00e1gico Gonz\u00e1lez. Tanto pastores, fundadores, y miembros en general conmemoraron el evento dando gracias a Dios por el cuadrag\u00e9simo aniversario, con una programa lleno de artistas de talla internacional tales como \u00a0Ricardo Rodriguez, Gadiel Espinoza, Santiago Benavides, Los Voceros de Cristo y el grupo oficial de la iglesia Roca Eterna formaron parte de este magno evento.<\/p>\n<p><img decoding=\"async\" loading=\"lazy\" class=\"alignnone size-full wp-image-2911\" src=\"https:\/\/laprensacristiana.com\/wp-content\/uploads\/2017\/05\/DSC00166ok.jpg\" alt=\"\" width=\"3872\" height=\"2176\" \/><\/p>\n<p>En diciembre de 1988 Elim realiz\u00f3 su primer evento en un estadio titulado \u201cAhora es Tiempo de Restauraci\u00f3n\u201d, en el mismo escenario en el cual han celebrado sus 40 a\u00f1os<\/p>\n<p>Entre un acto de oraci\u00f3n por todos estos a\u00f1os que Dios les ha permitido conducir, presentaron \u00a0a la directiva espiritual de Misi\u00f3n Cristiana Elim, \u201cNo nos cansamos de decir que Dios es bueno\u201d expres\u00f3 el pastor general de la Iglesia Mario Vega, quien en su mensaje hizo una similitud entre el pueblo de Israel que camino 40 a\u00f1os por el desierto pero que le hab\u00eda llegado el momento de entrar a la tierra prometida, incentivando as\u00ed a la congregaci\u00f3n a renovar fuerzas para los a\u00f1os por venir.<\/p>\n<p><img decoding=\"async\" loading=\"lazy\" class=\"alignnone size-full wp-image-2912\" src=\"https:\/\/laprensacristiana.com\/wp-content\/uploads\/2017\/05\/DSC00221ok.jpg\" alt=\"\" width=\"3600\" height=\"2176\" \/><\/p>\n<p>Jorge Galindo, pastor y coordinador del distrito cinco mencion\u00f3 la importancia del aporte que la iglesia tiene, al rescatar a miles de personas que pudieron haber hecho da\u00f1o a la sociedad, porque el evangelio transforma y cambia. Para Salvador Claros, pastor de zona del distrito uno, manifest\u00f3 que es un gran regocijo celebrar estos 40 a\u00f1os, los cuales son gracias a la bondad y misericordia de Dios.<\/p>\n<p>Algunos de los que ahora son pastores, han crecido dentro de la iglesia, siendo parte de casi esos 40 a\u00f1os de existencia de ELIM. Tal es el caso de Omar D\u00edaz, pastor de la iglesia ELIM de Zacatecoluca. Quien comenz\u00f3 en el a\u00f1o de 1977, siendo solo un ni\u00f1o en la Escuela B\u00edblica, luego como un joven que colaboraba en el ministerio de j\u00f3venes de la iglesia, despu\u00e9s de eso sirvi\u00f3 en la librer\u00eda. Posteriormente en el \u00e1rea de diaconado y obreros. \u201cHe visto el crecimiento de la iglesia desde diferentes perspectivas, como pueblo, como servidor y ahora como siervo dentro de la iglesia\u201d, finaliz\u00f3.<\/p>\n<p>Sa\u00fal Valle, pastor de la filial en Lourdes Col\u00f3n, fue parte del equipo de trabajo\u00a0 que empezaron en Misi\u00f3n Cristiana Elim. Asegura que esta celebraci\u00f3n es una muestra de la misericordia del Se\u00f1or. As\u00ed como estas historias hay muchas m\u00e1s, generaciones que han sido marcadas gracias a la obra de la iglesia.<\/p>\n<p>Luis Mej\u00eda, Eugenio Bizcarra, Carmen de Bizcarra, Carlos Ramos e Ilsa de Ramos son parte de las personas que fundaron Misi\u00f3n Cristiana Elim en El Salvador. El resto de los fundadores \u00a0ya partieron hacia la presencia del Se\u00f1or y otros no est\u00e1n en el pa\u00eds.<\/p>\n<figure id=\"attachment_2913\" aria-describedby=\"caption-attachment-2913\" style=\"width: 3112px\" class=\"wp-caption alignnone\"><img decoding=\"async\" loading=\"lazy\" class=\"size-full wp-image-2913\" src=\"https:\/\/laprensacristiana.com\/wp-content\/uploads\/2017\/05\/DSC00098ok.jpg\" alt=\"De izquierda a derecha: Luis Mej\u00eda, pastor Mario Vega, Eugenio Bizcarra, Carmen de Bizcarra, Carlos Ramos e Ilsa de Ramos \" width=\"3112\" height=\"2176\" \/><figcaption id=\"caption-attachment-2913\" class=\"wp-caption-text\">De izquierda a derecha: Luis Mej\u00eda, pastor Mario Vega, Eugenio Bizcarra, Carmen de Bizcarra, Carlos Ramos e Ilsa de Ramos<\/figcaption><\/figure>\n<p>La iglesia evang\u00e9lica est\u00e1 en crecimiento desde el siglo anterior, este evento es una muestra de ello. Mientras la iglesia crezca el mensaje de Dios se dar\u00e1 a conocer en todo el mundo, hasta que Cristo regrese por ella.<\/p>\n<p>A la celebraci\u00f3n asistieron diversas personalidades y representantes de organizaciones como Alianza Evang\u00e9lica, Word Visi\u00f3n, Universidad Evang\u00e9lica de El Salvador, Iglesia pr\u00edncipe de paz, Iglesia de Dios en El Salvador, Iglesia Bautista Miramonte, Instituto Canzion entre otros.<\/p>\n<figure id=\"attachment_2914\" aria-describedby=\"caption-attachment-2914\" style=\"width: 3432px\" class=\"wp-caption alignnone\"><img decoding=\"async\" loading=\"lazy\" class=\"size-full wp-image-2914\" src=\"https:\/\/laprensacristiana.com\/wp-content\/uploads\/2017\/05\/DSC00119ok.jpg\" alt=\"De izquierda a derecha: Hugo Ramirez (UEES), Tito Escalante (Iglesia de Dios), Alfredo Maravilla (Instituto Canzion), Gadiel Espinoza (cantante)\" width=\"3432\" height=\"2176\" \/><figcaption id=\"caption-attachment-2914\" class=\"wp-caption-text\">De izquierda a derecha: Hugo Ramirez (UEES), Tito Escalante (Iglesia de Dios), Alfredo Maravilla (Instituto Canzion), Gadiel Espinoza (cantante)<\/figcaption><\/figure>\n<p>Entre los principales logros aparte de la expansi\u00f3n del evangelio en El Salvador destacan la adquisici\u00f3n de 6 frecuencias de radio y un canal de televisi\u00f3n que es lo que conforma la Corporaci\u00f3n Cristiana de Radio y Televisi\u00f3n (CCRTV); el nuevo terreno que est\u00e1 conformado por m\u00e1s de 14 manzanas para el nuevo templo, entre otros alcances.<\/p>\n<p>En el marco de la celebraci\u00f3n hicieron el lanzamiento oficial del libro \u201cELIM 40 A\u00d1OS\u201d que contiene toda la historia desde sus inicios y los diversos procesos por los que ha atravesado dicha iglesia.<\/p>\n<p><img decoding=\"async\" loading=\"lazy\" class=\"alignnone size-full wp-image-2915\" src=\"https:\/\/laprensacristiana.com\/wp-content\/uploads\/2017\/05\/WhatsApp-Image-2017-05-29-at-17.01.36.jpeg\" alt=\"\" width=\"799\" height=\"1280\" srcset=\"https:\/\/laprensacristiana.com\/wp-content\/uploads\/2017\/05\/WhatsApp-Image-2017-05-29-at-17.01.36.jpeg 799w, https:\/\/laprensacristiana.com\/wp-content\/uploads\/2017\/05\/WhatsApp-Image-2017-05-29-at-17.01.36-600x961.jpeg 600w, https:\/\/laprensacristiana.com\/wp-content\/uploads\/2017\/05\/WhatsApp-Image-2017-05-29-at-17.01.36-187x300.jpeg 187w, https:\/\/laprensacristiana.com\/wp-content\/uploads\/2017\/05\/WhatsApp-Image-2017-05-29-at-17.01.36-768x1230.jpeg 768w, https:\/\/laprensacristiana.com\/wp-content\/uploads\/2017\/05\/WhatsApp-Image-2017-05-29-at-17.01.36-639x1024.jpeg 639w, https:\/\/laprensacristiana.com\/wp-content\/uploads\/2017\/05\/WhatsApp-Image-2017-05-29-at-17.01.36-696x1115.jpeg 696w, https:\/\/laprensacristiana.com\/wp-content\/uploads\/2017\/05\/WhatsApp-Image-2017-05-29-at-17.01.36-262x420.jpeg 262w\" sizes=\"(max-width: 799px) 100vw, 799px\" \/><\/p>\n<p><strong>Principales retos<\/strong><\/p>\n<p>Para el pastor Mario vega Misi\u00f3n Cristiana Elim tiene diversos retos entre los que destaca el desaf\u00edo de trasladar la iglesia y construir el nuevo templo con capacidad para 12,000 personas y tambi\u00e9n la responsabilidad que conlleva la presentaci\u00f3n del mensaje a las nuevas generaciones: \u201cya termino la \u00e9poca en la cual un predicador pod\u00eda decir cualquier cosa en el pulpito y la gente dec\u00eda amen, en la actualidad la poblaci\u00f3n es m\u00e1s educada y m\u00e1s informada, eso obliga a los ministros del evangelio a prepararse y capacitarse, es un gran desafi\u00f3 que Elim tiene hacia el futuro\u201d Expres\u00f3 el pastor Mario Vega.<\/p>\n<figure id=\"attachment_2916\" aria-describedby=\"caption-attachment-2916\" style=\"width: 3872px\" class=\"wp-caption alignnone\"><img decoding=\"async\" loading=\"lazy\" class=\"size-full wp-image-2916\" src=\"https:\/\/laprensacristiana.com\/wp-content\/uploads\/2017\/05\/DSC00066ok.jpg\" alt=\"Mario Vega, Pastor General Misi\u00f3n Cristiana Elim\" width=\"3872\" height=\"2176\" \/><figcaption id=\"caption-attachment-2916\" class=\"wp-caption-text\">Mario Vega, Pastor General Misi\u00f3n Cristiana Elim<\/figcaption><\/figure>\n","protected":false},"excerpt":{"rendered":"<p>Miles de personas pertenecientes a la iglesia central de Misi\u00f3n Cristiana Elim El Salvador celebraron 40 a\u00f1os de existencia. Acto multitudinario que se realiz\u00f3 en el estadio M\u00e1gico Gonz\u00e1lez. Tanto pastores, fundadores, y miembros en general conmemoraron el evento dando gracias a Dios por el cuadrag\u00e9simo aniversario, con una programa lleno de artistas de talla [&hellip;]<\/p>\n","protected":false},"author":3,"featured_media":2910,"comment_status":"open","ping_status":"open","sticky":false,"template":"","format":"standard","meta":[],"categories":[56],"tags":[],"yoast_head":"<!-- This site is optimized with the Yoast SEO plugin v20.8 - https:\/\/yoast.com\/wordpress\/plugins\/seo\/ -->\n<title>Misi\u00f3n Cristiana ELIM celebr\u00f3 40 a\u00f1os de su fundaci\u00f3n - La Prensa Cristiana<\/title>\n<meta name=\"robots\" content=\"index, follow, max-snippet:-1, max-image-preview:large, max-video-preview:-1\" \/>\n<link rel=\"canonical\" href=\"https:\/\/laprensacristiana.com\/?p=2909\" \/>\n<meta property=\"og:locale\" content=\"es_ES\" \/>\n<meta property=\"og:type\" content=\"article\" \/>\n<meta property=\"og:title\" content=\"Misi\u00f3n Cristiana ELIM celebr\u00f3 40 a\u00f1os de su fundaci\u00f3n - La Prensa Cristiana\" \/>\n<meta property=\"og:description\" content=\"Miles de personas pertenecientes a la iglesia central de Misi\u00f3n Cristiana Elim El Salvador celebraron 40 a\u00f1os de existencia. Acto multitudinario que se realiz\u00f3 en el estadio M\u00e1gico Gonz\u00e1lez. Tanto pastores, fundadores, y miembros en general conmemoraron el evento dando gracias a Dios por el cuadrag\u00e9simo aniversario, con una programa lleno de artistas de talla [&hellip;]\" \/>\n<meta property=\"og:url\" content=\"https:\/\/laprensacristiana.com\/?p=2909\" \/>\n<meta property=\"og:site_name\" content=\"La Prensa Cristiana\" \/>\n<meta property=\"article:published_time\" content=\"2017-05-30T03:52:09+00:00\" \/>\n<meta property=\"article:modified_time\" content=\"2020-07-02T00:45:26+00:00\" \/>\n<meta property=\"og:image\" content=\"https:\/\/laprensacristiana.com\/wp-content\/uploads\/2017\/05\/DSC00132-scaled.jpg\" \/>\n\t<meta property=\"og:image:width\" content=\"2560\" \/>\n\t<meta property=\"og:image:height\" content=\"1132\" \/>\n\t<meta property=\"og:image:type\" content=\"image\/jpeg\" \/>\n<meta name=\"author\" content=\"EDITOR\" \/>\n<meta name=\"twitter:card\" content=\"summary_large_image\" \/>\n<meta name=\"twitter:label1\" content=\"Escrito por\" \/>\n\t<meta name=\"twitter:data1\" content=\"EDITOR\" \/>\n\t<meta name=\"twitter:label2\" content=\"Tiempo de lectura\" \/>\n\t<meta name=\"twitter:data2\" content=\"4 minutos\" \/>\n<script type=\"application\/ld+json\" class=\"yoast-schema-graph\">{\"@context\":\"https:\/\/schema.org\",\"@graph\":[{\"@type\":\"WebPage\",\"@id\":\"https:\/\/laprensacristiana.com\/?p=2909\",\"url\":\"https:\/\/laprensacristiana.com\/?p=2909\",\"name\":\"Misi\u00f3n Cristiana ELIM celebr\u00f3 40 a\u00f1os de su fundaci\u00f3n - La Prensa Cristiana\",\"isPartOf\":{\"@id\":\"https:\/\/laprensacristiana.com\/#website\"},\"datePublished\":\"2017-05-30T03:52:09+00:00\",\"dateModified\":\"2020-07-02T00:45:26+00:00\",\"author\":{\"@id\":\"https:\/\/laprensacristiana.com\/#\/schema\/person\/3e7d82c6bfd6b1fa67010f8f7cd5256e\"},\"breadcrumb\":{\"@id\":\"https:\/\/laprensacristiana.com\/?p=2909#breadcrumb\"},\"inLanguage\":\"es\",\"potentialAction\":[{\"@type\":\"ReadAction\",\"target\":[\"https:\/\/laprensacristiana.com\/?p=2909\"]}]},{\"@type\":\"BreadcrumbList\",\"@id\":\"https:\/\/laprensacristiana.com\/?p=2909#breadcrumb\",\"itemListElement\":[{\"@type\":\"ListItem\",\"position\":1,\"name\":\"Portada\",\"item\":\"https:\/\/laprensacristiana.com\/\"},{\"@type\":\"ListItem\",\"position\":2,\"name\":\"Misi\u00f3n Cristiana ELIM celebr\u00f3 40 a\u00f1os de su fundaci\u00f3n\"}]},{\"@type\":\"WebSite\",\"@id\":\"https:\/\/laprensacristiana.com\/#website\",\"url\":\"https:\/\/laprensacristiana.com\/\",\"name\":\"La Prensa Cristiana\",\"description\":\"Anunciando Las Buenas Nuevas\",\"potentialAction\":[{\"@type\":\"SearchAction\",\"target\":{\"@type\":\"EntryPoint\",\"urlTemplate\":\"https:\/\/laprensacristiana.com\/?s={search_term_string}\"},\"query-input\":\"required name=search_term_string\"}],\"inLanguage\":\"es\"},{\"@type\":\"Person\",\"@id\":\"https:\/\/laprensacristiana.com\/#\/schema\/person\/3e7d82c6bfd6b1fa67010f8f7cd5256e\",\"name\":\"EDITOR\",\"image\":{\"@type\":\"ImageObject\",\"inLanguage\":\"es\",\"@id\":\"https:\/\/laprensacristiana.com\/#\/schema\/person\/image\/\",\"url\":\"https:\/\/secure.gravatar.com\/avatar\/72069dfb6c13772d9e8381e3638666d2?s=96&d=mm&r=g\",\"contentUrl\":\"https:\/\/secure.gravatar.com\/avatar\/72069dfb6c13772d9e8381e3638666d2?s=96&d=mm&r=g\",\"caption\":\"EDITOR\"},\"url\":\"https:\/\/laprensacristiana.com\/?author=3\"}]}<\/script>\n<!-- \/ Yoast SEO plugin. -->","yoast_head_json":{"title":"Misi\u00f3n Cristiana ELIM celebr\u00f3 40 a\u00f1os de su fundaci\u00f3n - La Prensa Cristiana","robots":{"index":"index","follow":"follow","max-snippet":"max-snippet:-1","max-image-preview":"max-image-preview:large","max-video-preview":"max-video-preview:-1"},"canonical":"https:\/\/laprensacristiana.com\/?p=2909","og_locale":"es_ES","og_type":"article","og_title":"Misi\u00f3n Cristiana ELIM celebr\u00f3 40 a\u00f1os de su fundaci\u00f3n - La Prensa Cristiana","og_description":"Miles de personas pertenecientes a la iglesia central de Misi\u00f3n Cristiana Elim El Salvador celebraron 40 a\u00f1os de existencia. Acto multitudinario que se realiz\u00f3 en el estadio M\u00e1gico Gonz\u00e1lez. Tanto pastores, fundadores, y miembros en general conmemoraron el evento dando gracias a Dios por el cuadrag\u00e9simo aniversario, con una programa lleno de artistas de talla [&hellip;]","og_url":"https:\/\/laprensacristiana.com\/?p=2909","og_site_name":"La Prensa Cristiana","article_published_time":"2017-05-30T03:52:09+00:00","article_modified_time":"2020-07-02T00:45:26+00:00","og_image":[{"width":2560,"height":1132,"url":"https:\/\/laprensacristiana.com\/wp-content\/uploads\/2017\/05\/DSC00132-scaled.jpg","type":"image\/jpeg"}],"author":"EDITOR","twitter_card":"summary_large_image","twitter_misc":{"Escrito por":"EDITOR","Tiempo de lectura":"4 minutos"},"schema":{"@context":"https:\/\/schema.org","@graph":[{"@type":"WebPage","@id":"https:\/\/laprensacristiana.com\/?p=2909","url":"https:\/\/laprensacristiana.com\/?p=2909","name":"Misi\u00f3n Cristiana ELIM celebr\u00f3 40 a\u00f1os de su fundaci\u00f3n - La Prensa Cristiana","isPartOf":{"@id":"https:\/\/laprensacristiana.com\/#website"},"datePublished":"2017-05-30T03:52:09+00:00","dateModified":"2020-07-02T00:45:26+00:00","author":{"@id":"https:\/\/laprensacristiana.com\/#\/schema\/person\/3e7d82c6bfd6b1fa67010f8f7cd5256e"},"breadcrumb":{"@id":"https:\/\/laprensacristiana.com\/?p=2909#breadcrumb"},"inLanguage":"es","potentialAction":[{"@type":"ReadAction","target":["https:\/\/laprensacristiana.com\/?p=2909"]}]},{"@type":"BreadcrumbList","@id":"https:\/\/laprensacristiana.com\/?p=2909#breadcrumb","itemListElement":[{"@type":"ListItem","position":1,"name":"Portada","item":"https:\/\/laprensacristiana.com\/"},{"@type":"ListItem","position":2,"name":"Misi\u00f3n Cristiana ELIM celebr\u00f3 40 a\u00f1os de su fundaci\u00f3n"}]},{"@type":"WebSite","@id":"https:\/\/laprensacristiana.com\/#website","url":"https:\/\/laprensacristiana.com\/","name":"La Prensa Cristiana","description":"Anunciando Las Buenas Nuevas","potentialAction":[{"@type":"SearchAction","target":{"@type":"EntryPoint","urlTemplate":"https:\/\/laprensacristiana.com\/?s={search_term_string}"},"query-input":"required name=search_term_string"}],"inLanguage":"es"},{"@type":"Person","@id":"https:\/\/laprensacristiana.com\/#\/schema\/person\/3e7d82c6bfd6b1fa67010f8f7cd5256e","name":"EDITOR","image":{"@type":"ImageObject","inLanguage":"es","@id":"https:\/\/laprensacristiana.com\/#\/schema\/person\/image\/","url":"https:\/\/secure.gravatar.com\/avatar\/72069dfb6c13772d9e8381e3638666d2?s=96&d=mm&r=g","contentUrl":"https:\/\/secure.gravatar.com\/avatar\/72069dfb6c13772d9e8381e3638666d2?s=96&d=mm&r=g","caption":"EDITOR"},"url":"https:\/\/laprensacristiana.com\/?author=3"}]}},"_links":{"self":[{"href":"https:\/\/laprensacristiana.com\/index.php?rest_route=\/wp\/v2\/posts\/2909"}],"collection":[{"href":"https:\/\/laprensacristiana.com\/index.php?rest_route=\/wp\/v2\/posts"}],"about":[{"href":"https:\/\/laprensacristiana.com\/index.php?rest_route=\/wp\/v2\/types\/post"}],"author":[{"embeddable":true,"href":"https:\/\/laprensacristiana.com\/index.php?rest_route=\/wp\/v2\/users\/3"}],"replies":[{"embeddable":true,"href":"https:\/\/laprensacristiana.com\/index.php?rest_route=%2Fwp%2Fv2%2Fcomments&post=2909"}],"version-history":[{"count":1,"href":"https:\/\/laprensacristiana.com\/index.php?rest_route=\/wp\/v2\/posts\/2909\/revisions"}],"predecessor-version":[{"id":2917,"href":"https:\/\/laprensacristiana.com\/index.php?rest_route=\/wp\/v2\/posts\/2909\/revisions\/2917"}],"wp:featuredmedia":[{"embeddable":true,"href":"https:\/\/laprensacristiana.com\/index.php?rest_route=\/wp\/v2\/media\/2910"}],"wp:attachment":[{"href":"https:\/\/laprensacristiana.com\/index.php?rest_route=%2Fwp%2Fv2%2Fmedia&parent=2909"}],"wp:term":[{"taxonomy":"category","embeddable":true,"href":"https:\/\/laprensacristiana.com\/index.php?rest_route=%2Fwp%2Fv2%2Fcategories&post=2909"},{"taxonomy":"post_tag","embeddable":true,"href":"https:\/\/laprensacristiana.com\/index.php?rest_route=%2Fwp%2Fv2%2Ftags&post=2909"}],"curies":[{"name":"wp","href":"https:\/\/api.w.org\/{rel}","templated":true}]}}