{"id":2933,"date":"2017-06-01T14:59:47","date_gmt":"2017-06-01T14:59:47","guid":{"rendered":"https:\/\/laprensacristiana.com\/?p=2933"},"modified":"2020-07-02T00:44:48","modified_gmt":"2020-07-02T00:44:48","slug":"entrevista-especial-con-lucas-leys","status":"publish","type":"post","link":"https:\/\/laprensacristiana.com\/?p=2933","title":{"rendered":"ENTREVISTA ESPECIAL CON LUCAS LEYS."},"content":{"rendered":"<p style=\"text-align: justify;\">Lucas Leys quien entrena la mayor cantidad de l\u00edderes juveniles en Hispano Am\u00e9rica y uno de los l\u00edderes m\u00e1s influyentes en la literatura cristiana fundador de e625, concedi\u00f3 una breve entrevista:<\/p>\n<p style=\"text-align: justify;\"><strong>\u00bfQui\u00e9n es Lucas Leys?<\/strong><\/p>\n<p style=\"text-align: justify;\">Es un<span style=\"color: #000000;\">\u00a0<a style=\"color: #000000;\" href=\"https:\/\/es.wikipedia.org\/wiki\/Predicador\">predicador<\/a>\u00a0y\u00a0escritor\u00a0cristiano\u00a0<strong>\u00a0\u00a0<\/strong>argentino.\u00a0El objetivo para Lucas Leys es entrenar, impulsar\u00a0 la mayor cantidad de l\u00edderes juveniles en\u00a0Hispanoam\u00e9rica<\/span>, explorar t\u00f3picos esenciales del liderazgo emergente en una atm\u00f3sfera espiritual, diversa e interactiva.<\/p>\n<p style=\"text-align: justify;\">Ha sido presidente de Editorial Vida y ahora es fundador de e625 que antes era Especialidades Juveniles. Lucas Leys tiene una licenciatura, una maestr\u00eda y un doctorado en teolog\u00eda \u00a0y ahora con la incitativa de e625 el principal objetivo es promover la investigaci\u00f3n y el conocimiento para poder transformar el pensamiento y motivar a la acci\u00f3n.<\/p>\n<p style=\"text-align: justify;\"><strong>\u00bfC\u00f3mo surge la iniciativa de crear e625, foros y conferencias y cu\u00e1l es el principal objetivo? <\/strong><\/p>\n<p style=\"text-align: justify;\">Es una larga historia, b\u00e1sicamente comenc\u00e9 evangelizando adolescentes\u00a0 en Buenos Aires Argentina pero me di cuenta que las tareas del evangelismo estaban buenas\u00a0 pero,\u00a0 era un esfuerzo limitado si no hab\u00eda lideres preparados con las iglesias locales que supieran como pastorear a los adolescentes, y ah\u00ed me di cuenta que hac\u00eda falta un ministerio que ayude y tener lideres j\u00f3venes preparados y entonces funde una organizaci\u00f3n llamada \u00a0Especialidades Juveniles lo que paso luego fue que remplace juveniles por dos edades los 6 y 25 a\u00f1os porque gracia a la neurociencia me di cuenta que esas edades es la ventana de educaci\u00f3n formal entonces se ten\u00eda que expandir el foco de atenci\u00f3n, entonces ahora no solo se sirve a los l\u00edderes j\u00f3venes sino a maestros de ni\u00f1os de preadolescente, adolescentes \u00a0y universitarios.<\/p>\n<p style=\"text-align: justify;\"><strong>\u00bfEl foro de Liderazgo Generacional de El Salvador para quien est\u00e1 dirigido?<\/strong><\/p>\n<p style=\"text-align: justify;\">L\u00edderes de opini\u00f3n, educadores, pastores, consultores, trabajadores comunitarios y l\u00edderes juveniles. Tomando en cuenta que las tendencias y fuerzas del mercado afectan a las nuevas generaciones m\u00e1s que a ning\u00fan otro sector social y eso demanda un dialogo entre los l\u00edderes de influencia para saber encausarlas o revertirlas seg\u00fan los valores de Dios.<\/p>\n<p style=\"text-align: justify;\"><strong>\u00bfQu\u00e9 necesita el joven de hoy para la iglesia?<\/strong><\/p>\n<p style=\"text-align: justify;\">Lo primero que necesita el joven es alguien que lo escuche\u00a0 que los guie y alguien que les moldee lo que les ense\u00f1amos\u00a0 y que viva el mensaje\u00a0 no solamente que le den el serm\u00f3n una vez por semana,\u00a0 de lado de liderazgo lo que los lideres necesitan saber, es que el ministerio tiene que ver con personas no necesariamente con programas.\u00a0 A veces reducimos el ministerio cristiano a administrar una reuni\u00f3n cuando creemos que la tarea del\u00a0 l\u00edder joven es de decir quien predica o quien dirige la alabanza eso\u00a0 no es encargo Jes\u00fas no es que eso este mal eso es parte pero lo importante es que las personas y que las personas est\u00e9n abrazando a las personas como modelo de vida no solamente como Salvador porque por eso le llamamos Se\u00f1or, no es t\u00edtulo es el due\u00f1o de la vida, es el Rey\u00a0 del universo que ahora es mi Rey y que entiendo que yo tengo que parecerme cada vez m\u00e1s a \u00e9l, entonces los lideres tenemos que llegar a eso y hacemos reuniones para conseguir eso, entonces la pregunta es \u00bf si nuestras reuniones no consigue eso? Hay que cambiar entonces.<\/p>\n<p style=\"text-align: justify;\"><strong>\u00bfC\u00f3mo califica a la juventud salvadore\u00f1a?<\/strong><\/p>\n<p style=\"text-align: justify;\">La veo con muchas posibilidades con muchos sue\u00f1os y obviamente con muchos desaf\u00edos yo creo que la iglesia les debe, en presentar un evangelio de la vida cotidiana y no solo lo que sucede dentro del templo. Pero tambi\u00e9n no es responsabilidad de eso de las generaciones anteriores sino que la responsabilidad es del joven tiene que agarrar la Biblia, estudiarla y darse cuentas que son costumbres y que es lo que el Se\u00f1or nos ha mandado hacer, y si nos concentramos en eso hay que tirarnos con todo hacerlo con mucho respeto a las generaciones anteriores, creatividad, con violencia al reino de las tinieblas, porque obviamente el m\u00e1s interesado es el Se\u00f1or as\u00ed que \u00e9l va adelante \u00e9l va atr\u00e1s, \u00e9l va con nosotros.<\/p>\n<p style=\"text-align: justify;\"><strong>Para Terminar: \u00bfQu\u00e9 mensaje le dar\u00eda a los l\u00edderes j\u00f3venes, a los que aspiran a ser pastores y a nuestros lectores?<\/strong><\/p>\n<p style=\"text-align: justify;\">Estudien mucho y no le crean al dicho que dice el que mucho abarca poco aprieta, en la juventud el que mucho abarca m\u00e1s oportunidades tiene.<\/p>\n","protected":false},"excerpt":{"rendered":"<p>Lucas Leys quien entrena la mayor cantidad de l\u00edderes juveniles en Hispano Am\u00e9rica y uno de los l\u00edderes m\u00e1s influyentes en la literatura cristiana fundador de e625, concedi\u00f3 una breve entrevista: \u00bfQui\u00e9n es Lucas Leys? Es un\u00a0predicador\u00a0y\u00a0escritor\u00a0cristiano\u00a0\u00a0\u00a0argentino.\u00a0El objetivo para Lucas Leys es entrenar, impulsar\u00a0 la mayor cantidad de l\u00edderes juveniles en\u00a0Hispanoam\u00e9rica, explorar t\u00f3picos esenciales del [&hellip;]<\/p>\n","protected":false},"author":3,"featured_media":2934,"comment_status":"open","ping_status":"open","sticky":false,"template":"","format":"standard","meta":[],"categories":[103],"tags":[],"yoast_head":"<!-- This site is optimized with the Yoast SEO plugin v20.8 - https:\/\/yoast.com\/wordpress\/plugins\/seo\/ -->\n<title>ENTREVISTA ESPECIAL CON LUCAS LEYS. - La Prensa Cristiana<\/title>\n<meta name=\"robots\" content=\"index, follow, max-snippet:-1, max-image-preview:large, max-video-preview:-1\" \/>\n<link rel=\"canonical\" href=\"https:\/\/laprensacristiana.com\/?p=2933\" \/>\n<meta property=\"og:locale\" content=\"es_ES\" \/>\n<meta property=\"og:type\" content=\"article\" \/>\n<meta property=\"og:title\" content=\"ENTREVISTA ESPECIAL CON LUCAS LEYS. - La Prensa Cristiana\" \/>\n<meta property=\"og:description\" content=\"Lucas Leys quien entrena la mayor cantidad de l\u00edderes juveniles en Hispano Am\u00e9rica y uno de los l\u00edderes m\u00e1s influyentes en la literatura cristiana fundador de e625, concedi\u00f3 una breve entrevista: \u00bfQui\u00e9n es Lucas Leys? Es un\u00a0predicador\u00a0y\u00a0escritor\u00a0cristiano\u00a0\u00a0\u00a0argentino.\u00a0El objetivo para Lucas Leys es entrenar, impulsar\u00a0 la mayor cantidad de l\u00edderes juveniles en\u00a0Hispanoam\u00e9rica, explorar t\u00f3picos esenciales del [&hellip;]\" \/>\n<meta property=\"og:url\" content=\"https:\/\/laprensacristiana.com\/?p=2933\" \/>\n<meta property=\"og:site_name\" content=\"La Prensa Cristiana\" \/>\n<meta property=\"article:published_time\" content=\"2017-06-01T14:59:47+00:00\" \/>\n<meta property=\"article:modified_time\" content=\"2020-07-02T00:44:48+00:00\" \/>\n<meta property=\"og:image\" content=\"https:\/\/laprensacristiana.com\/wp-content\/uploads\/2017\/06\/ll.jpg\" \/>\n\t<meta property=\"og:image:width\" content=\"421\" \/>\n\t<meta property=\"og:image:height\" content=\"542\" \/>\n\t<meta property=\"og:image:type\" content=\"image\/jpeg\" \/>\n<meta name=\"author\" content=\"EDITOR\" \/>\n<meta name=\"twitter:card\" content=\"summary_large_image\" \/>\n<meta name=\"twitter:label1\" content=\"Escrito por\" \/>\n\t<meta name=\"twitter:data1\" content=\"EDITOR\" \/>\n\t<meta name=\"twitter:label2\" content=\"Tiempo de lectura\" \/>\n\t<meta name=\"twitter:data2\" content=\"4 minutos\" \/>\n<script type=\"application\/ld+json\" class=\"yoast-schema-graph\">{\"@context\":\"https:\/\/schema.org\",\"@graph\":[{\"@type\":\"WebPage\",\"@id\":\"https:\/\/laprensacristiana.com\/?p=2933\",\"url\":\"https:\/\/laprensacristiana.com\/?p=2933\",\"name\":\"ENTREVISTA ESPECIAL CON LUCAS LEYS. - La Prensa Cristiana\",\"isPartOf\":{\"@id\":\"https:\/\/laprensacristiana.com\/#website\"},\"datePublished\":\"2017-06-01T14:59:47+00:00\",\"dateModified\":\"2020-07-02T00:44:48+00:00\",\"author\":{\"@id\":\"https:\/\/laprensacristiana.com\/#\/schema\/person\/3e7d82c6bfd6b1fa67010f8f7cd5256e\"},\"breadcrumb\":{\"@id\":\"https:\/\/laprensacristiana.com\/?p=2933#breadcrumb\"},\"inLanguage\":\"es\",\"potentialAction\":[{\"@type\":\"ReadAction\",\"target\":[\"https:\/\/laprensacristiana.com\/?p=2933\"]}]},{\"@type\":\"BreadcrumbList\",\"@id\":\"https:\/\/laprensacristiana.com\/?p=2933#breadcrumb\",\"itemListElement\":[{\"@type\":\"ListItem\",\"position\":1,\"name\":\"Portada\",\"item\":\"https:\/\/laprensacristiana.com\/\"},{\"@type\":\"ListItem\",\"position\":2,\"name\":\"ENTREVISTA ESPECIAL CON LUCAS LEYS.\"}]},{\"@type\":\"WebSite\",\"@id\":\"https:\/\/laprensacristiana.com\/#website\",\"url\":\"https:\/\/laprensacristiana.com\/\",\"name\":\"La Prensa Cristiana\",\"description\":\"Anunciando Las Buenas Nuevas\",\"potentialAction\":[{\"@type\":\"SearchAction\",\"target\":{\"@type\":\"EntryPoint\",\"urlTemplate\":\"https:\/\/laprensacristiana.com\/?s={search_term_string}\"},\"query-input\":\"required name=search_term_string\"}],\"inLanguage\":\"es\"},{\"@type\":\"Person\",\"@id\":\"https:\/\/laprensacristiana.com\/#\/schema\/person\/3e7d82c6bfd6b1fa67010f8f7cd5256e\",\"name\":\"EDITOR\",\"image\":{\"@type\":\"ImageObject\",\"inLanguage\":\"es\",\"@id\":\"https:\/\/laprensacristiana.com\/#\/schema\/person\/image\/\",\"url\":\"https:\/\/secure.gravatar.com\/avatar\/72069dfb6c13772d9e8381e3638666d2?s=96&d=mm&r=g\",\"contentUrl\":\"https:\/\/secure.gravatar.com\/avatar\/72069dfb6c13772d9e8381e3638666d2?s=96&d=mm&r=g\",\"caption\":\"EDITOR\"},\"url\":\"https:\/\/laprensacristiana.com\/?author=3\"}]}<\/script>\n<!-- \/ Yoast SEO plugin. -->","yoast_head_json":{"title":"ENTREVISTA ESPECIAL CON LUCAS LEYS. - La Prensa Cristiana","robots":{"index":"index","follow":"follow","max-snippet":"max-snippet:-1","max-image-preview":"max-image-preview:large","max-video-preview":"max-video-preview:-1"},"canonical":"https:\/\/laprensacristiana.com\/?p=2933","og_locale":"es_ES","og_type":"article","og_title":"ENTREVISTA ESPECIAL CON LUCAS LEYS. - La Prensa Cristiana","og_description":"Lucas Leys quien entrena la mayor cantidad de l\u00edderes juveniles en Hispano Am\u00e9rica y uno de los l\u00edderes m\u00e1s influyentes en la literatura cristiana fundador de e625, concedi\u00f3 una breve entrevista: \u00bfQui\u00e9n es Lucas Leys? Es un\u00a0predicador\u00a0y\u00a0escritor\u00a0cristiano\u00a0\u00a0\u00a0argentino.\u00a0El objetivo para Lucas Leys es entrenar, impulsar\u00a0 la mayor cantidad de l\u00edderes juveniles en\u00a0Hispanoam\u00e9rica, explorar t\u00f3picos esenciales del [&hellip;]","og_url":"https:\/\/laprensacristiana.com\/?p=2933","og_site_name":"La Prensa Cristiana","article_published_time":"2017-06-01T14:59:47+00:00","article_modified_time":"2020-07-02T00:44:48+00:00","og_image":[{"width":421,"height":542,"url":"https:\/\/laprensacristiana.com\/wp-content\/uploads\/2017\/06\/ll.jpg","type":"image\/jpeg"}],"author":"EDITOR","twitter_card":"summary_large_image","twitter_misc":{"Escrito por":"EDITOR","Tiempo de lectura":"4 minutos"},"schema":{"@context":"https:\/\/schema.org","@graph":[{"@type":"WebPage","@id":"https:\/\/laprensacristiana.com\/?p=2933","url":"https:\/\/laprensacristiana.com\/?p=2933","name":"ENTREVISTA ESPECIAL CON LUCAS LEYS. - La Prensa Cristiana","isPartOf":{"@id":"https:\/\/laprensacristiana.com\/#website"},"datePublished":"2017-06-01T14:59:47+00:00","dateModified":"2020-07-02T00:44:48+00:00","author":{"@id":"https:\/\/laprensacristiana.com\/#\/schema\/person\/3e7d82c6bfd6b1fa67010f8f7cd5256e"},"breadcrumb":{"@id":"https:\/\/laprensacristiana.com\/?p=2933#breadcrumb"},"inLanguage":"es","potentialAction":[{"@type":"ReadAction","target":["https:\/\/laprensacristiana.com\/?p=2933"]}]},{"@type":"BreadcrumbList","@id":"https:\/\/laprensacristiana.com\/?p=2933#breadcrumb","itemListElement":[{"@type":"ListItem","position":1,"name":"Portada","item":"https:\/\/laprensacristiana.com\/"},{"@type":"ListItem","position":2,"name":"ENTREVISTA ESPECIAL CON LUCAS LEYS."}]},{"@type":"WebSite","@id":"https:\/\/laprensacristiana.com\/#website","url":"https:\/\/laprensacristiana.com\/","name":"La Prensa Cristiana","description":"Anunciando Las Buenas Nuevas","potentialAction":[{"@type":"SearchAction","target":{"@type":"EntryPoint","urlTemplate":"https:\/\/laprensacristiana.com\/?s={search_term_string}"},"query-input":"required name=search_term_string"}],"inLanguage":"es"},{"@type":"Person","@id":"https:\/\/laprensacristiana.com\/#\/schema\/person\/3e7d82c6bfd6b1fa67010f8f7cd5256e","name":"EDITOR","image":{"@type":"ImageObject","inLanguage":"es","@id":"https:\/\/laprensacristiana.com\/#\/schema\/person\/image\/","url":"https:\/\/secure.gravatar.com\/avatar\/72069dfb6c13772d9e8381e3638666d2?s=96&d=mm&r=g","contentUrl":"https:\/\/secure.gravatar.com\/avatar\/72069dfb6c13772d9e8381e3638666d2?s=96&d=mm&r=g","caption":"EDITOR"},"url":"https:\/\/laprensacristiana.com\/?author=3"}]}},"_links":{"self":[{"href":"https:\/\/laprensacristiana.com\/index.php?rest_route=\/wp\/v2\/posts\/2933"}],"collection":[{"href":"https:\/\/laprensacristiana.com\/index.php?rest_route=\/wp\/v2\/posts"}],"about":[{"href":"https:\/\/laprensacristiana.com\/index.php?rest_route=\/wp\/v2\/types\/post"}],"author":[{"embeddable":true,"href":"https:\/\/laprensacristiana.com\/index.php?rest_route=\/wp\/v2\/users\/3"}],"replies":[{"embeddable":true,"href":"https:\/\/laprensacristiana.com\/index.php?rest_route=%2Fwp%2Fv2%2Fcomments&post=2933"}],"version-history":[{"count":1,"href":"https:\/\/laprensacristiana.com\/index.php?rest_route=\/wp\/v2\/posts\/2933\/revisions"}],"predecessor-version":[{"id":2935,"href":"https:\/\/laprensacristiana.com\/index.php?rest_route=\/wp\/v2\/posts\/2933\/revisions\/2935"}],"wp:featuredmedia":[{"embeddable":true,"href":"https:\/\/laprensacristiana.com\/index.php?rest_route=\/wp\/v2\/media\/2934"}],"wp:attachment":[{"href":"https:\/\/laprensacristiana.com\/index.php?rest_route=%2Fwp%2Fv2%2Fmedia&parent=2933"}],"wp:term":[{"taxonomy":"category","embeddable":true,"href":"https:\/\/laprensacristiana.com\/index.php?rest_route=%2Fwp%2Fv2%2Fcategories&post=2933"},{"taxonomy":"post_tag","embeddable":true,"href":"https:\/\/laprensacristiana.com\/index.php?rest_route=%2Fwp%2Fv2%2Ftags&post=2933"}],"curies":[{"name":"wp","href":"https:\/\/api.w.org\/{rel}","templated":true}]}}