{"id":2941,"date":"2017-06-01T16:18:22","date_gmt":"2017-06-01T16:18:22","guid":{"rendered":"https:\/\/laprensacristiana.com\/?p=2941"},"modified":"2020-07-02T00:44:21","modified_gmt":"2020-07-02T00:44:21","slug":"conversatorio-sobre-la-etica-en-uees","status":"publish","type":"post","link":"https:\/\/laprensacristiana.com\/?p=2941","title":{"rendered":"Conversatorio sobre la \u00e9tica en UEES"},"content":{"rendered":"<p>La Universidad Evang\u00e9lica de El Salvador a trav\u00e9s de la facultad de Teolog\u00eda, realiz\u00f3 este 31 de mayo un conversatorio titulado \u201cLa \u00c9tica: Dimensiones y Desaf\u00edos para la iglesia del siglo XXI\u201d. Evento que se desarroll\u00f3 en el aula de edificio de mediaci\u00f3n, en el edificio de la facultad de Teolog\u00eda. Las conferencias impartidas abordaron diferentes temas, tales como: La \u00e9tica de los profetas en el Antiguo Testamento, la \u00e9tica de Jes\u00fas, la \u00e9tica pastoral y eclesial, y por \u00faltimo, la \u00e9tica teol\u00f3gica y pol\u00edtica.<\/p>\n<p>Julio C\u00e9sar Ulloa, quien imparti\u00f3 la primera ponencia, mencion\u00f3 que es un reto bastante grande elaborar un discurso que lleve una cr\u00edtica al sistema inmoral en el que vivimos desde la perspectiva de la \u00e9tica y el cristianismo, ya que el cristiano evang\u00e9lico es parte de la sociedad y no est\u00e1 aislado de ella. Tambi\u00e9n enfatiz\u00f3 que el cristiano debe involucrarse dentro de este mundo en el que vivimos as\u00ed como Jes\u00fas fue parte de la vida social de su \u00e9poca.<\/p>\n<p><img decoding=\"async\" loading=\"lazy\" class=\"size-full wp-image-2943\" src=\"https:\/\/laprensacristiana.com\/wp-content\/uploads\/2017\/06\/DSC00413.jpg\" alt=\"SONY DSC\" width=\"2144\" height=\"2176\" srcset=\"https:\/\/laprensacristiana.com\/wp-content\/uploads\/2017\/06\/DSC00413.jpg 2144w, https:\/\/laprensacristiana.com\/wp-content\/uploads\/2017\/06\/DSC00413-100x100.jpg 100w, https:\/\/laprensacristiana.com\/wp-content\/uploads\/2017\/06\/DSC00413-600x609.jpg 600w, https:\/\/laprensacristiana.com\/wp-content\/uploads\/2017\/06\/DSC00413-296x300.jpg 296w, https:\/\/laprensacristiana.com\/wp-content\/uploads\/2017\/06\/DSC00413-768x779.jpg 768w, https:\/\/laprensacristiana.com\/wp-content\/uploads\/2017\/06\/DSC00413-1009x1024.jpg 1009w, https:\/\/laprensacristiana.com\/wp-content\/uploads\/2017\/06\/DSC00413-696x706.jpg 696w, https:\/\/laprensacristiana.com\/wp-content\/uploads\/2017\/06\/DSC00413-1068x1084.jpg 1068w, https:\/\/laprensacristiana.com\/wp-content\/uploads\/2017\/06\/DSC00413-414x420.jpg 414w\" sizes=\"(max-width: 2144px) 100vw, 2144px\" \/><\/p>\n<p>Por otra parte, Miguel Rivas, segundo ponente del conversatorio, dijo que este tipo de eventos abren la posibilidad de poder interactuar con el pueblo cristiano en cuestiones acad\u00e9micas y tambi\u00e9n pastorales que ayudan al crecimiento espiritual de la gente.<\/p>\n<p>\u201cLa iglesia evang\u00e9lica no ha tomado ese rol que le corresponde como agente de cambio en la sociedad\u201d, mencion\u00f3 Rivas. Tambi\u00e9n mencion\u00f3 que el cristiano debe regirse bajo la \u00e9tica de Cristo, es decir, el amor, la justicia, la solidaridad, que son parte de los factores que implican la \u00e9tica de Jes\u00fas.<\/p>\n<p><img decoding=\"async\" loading=\"lazy\" class=\"size-full wp-image-2944\" src=\"https:\/\/laprensacristiana.com\/wp-content\/uploads\/2017\/06\/DSC00429.jpg\" alt=\"SONY DSC\" width=\"3872\" height=\"2176\" \/><\/p>\n<p>El papel de la iglesia evang\u00e9lica dentro de la sociedad debe regirse y basarse en la \u00e9tica cristiana, la \u00e9tica que marc\u00f3 Jes\u00fas en su \u00e9poca, y as\u00ed marcar la diferencia en un mundo lleno de injusticia y corrupci\u00f3n.<\/p>\n","protected":false},"excerpt":{"rendered":"<p>La Universidad Evang\u00e9lica de El Salvador a trav\u00e9s de la facultad de Teolog\u00eda, realiz\u00f3 este 31 de mayo un conversatorio titulado \u201cLa \u00c9tica: Dimensiones y Desaf\u00edos para la iglesia del siglo XXI\u201d. Evento que se desarroll\u00f3 en el aula de edificio de mediaci\u00f3n, en el edificio de la facultad de Teolog\u00eda. Las conferencias impartidas abordaron [&hellip;]<\/p>\n","protected":false},"author":3,"featured_media":2942,"comment_status":"open","ping_status":"open","sticky":false,"template":"","format":"standard","meta":[],"categories":[56],"tags":[],"yoast_head":"<!-- This site is optimized with the Yoast SEO plugin v20.8 - https:\/\/yoast.com\/wordpress\/plugins\/seo\/ -->\n<title>Conversatorio sobre la \u00e9tica en UEES - La Prensa Cristiana<\/title>\n<meta name=\"robots\" content=\"index, follow, max-snippet:-1, max-image-preview:large, max-video-preview:-1\" \/>\n<link rel=\"canonical\" href=\"https:\/\/laprensacristiana.com\/?p=2941\" \/>\n<meta property=\"og:locale\" content=\"es_ES\" \/>\n<meta property=\"og:type\" content=\"article\" \/>\n<meta property=\"og:title\" content=\"Conversatorio sobre la \u00e9tica en UEES - La Prensa Cristiana\" \/>\n<meta property=\"og:description\" content=\"La Universidad Evang\u00e9lica de El Salvador a trav\u00e9s de la facultad de Teolog\u00eda, realiz\u00f3 este 31 de mayo un conversatorio titulado \u201cLa \u00c9tica: Dimensiones y Desaf\u00edos para la iglesia del siglo XXI\u201d. Evento que se desarroll\u00f3 en el aula de edificio de mediaci\u00f3n, en el edificio de la facultad de Teolog\u00eda. Las conferencias impartidas abordaron [&hellip;]\" \/>\n<meta property=\"og:url\" content=\"https:\/\/laprensacristiana.com\/?p=2941\" \/>\n<meta property=\"og:site_name\" content=\"La Prensa Cristiana\" \/>\n<meta property=\"article:published_time\" content=\"2017-06-01T16:18:22+00:00\" \/>\n<meta property=\"article:modified_time\" content=\"2020-07-02T00:44:21+00:00\" \/>\n<meta property=\"og:image\" content=\"https:\/\/laprensacristiana.com\/wp-content\/uploads\/2017\/06\/DSC00438-scaled.jpg\" \/>\n\t<meta property=\"og:image:width\" content=\"2560\" \/>\n\t<meta property=\"og:image:height\" content=\"1226\" \/>\n\t<meta property=\"og:image:type\" content=\"image\/jpeg\" \/>\n<meta name=\"author\" content=\"EDITOR\" \/>\n<meta name=\"twitter:card\" content=\"summary_large_image\" \/>\n<meta name=\"twitter:label1\" content=\"Escrito por\" \/>\n\t<meta name=\"twitter:data1\" content=\"EDITOR\" \/>\n\t<meta name=\"twitter:label2\" content=\"Tiempo de lectura\" \/>\n\t<meta name=\"twitter:data2\" content=\"2 minutos\" \/>\n<script type=\"application\/ld+json\" class=\"yoast-schema-graph\">{\"@context\":\"https:\/\/schema.org\",\"@graph\":[{\"@type\":\"WebPage\",\"@id\":\"https:\/\/laprensacristiana.com\/?p=2941\",\"url\":\"https:\/\/laprensacristiana.com\/?p=2941\",\"name\":\"Conversatorio sobre la \u00e9tica en UEES - La Prensa Cristiana\",\"isPartOf\":{\"@id\":\"https:\/\/laprensacristiana.com\/#website\"},\"datePublished\":\"2017-06-01T16:18:22+00:00\",\"dateModified\":\"2020-07-02T00:44:21+00:00\",\"author\":{\"@id\":\"https:\/\/laprensacristiana.com\/#\/schema\/person\/3e7d82c6bfd6b1fa67010f8f7cd5256e\"},\"breadcrumb\":{\"@id\":\"https:\/\/laprensacristiana.com\/?p=2941#breadcrumb\"},\"inLanguage\":\"es\",\"potentialAction\":[{\"@type\":\"ReadAction\",\"target\":[\"https:\/\/laprensacristiana.com\/?p=2941\"]}]},{\"@type\":\"BreadcrumbList\",\"@id\":\"https:\/\/laprensacristiana.com\/?p=2941#breadcrumb\",\"itemListElement\":[{\"@type\":\"ListItem\",\"position\":1,\"name\":\"Portada\",\"item\":\"https:\/\/laprensacristiana.com\/\"},{\"@type\":\"ListItem\",\"position\":2,\"name\":\"Conversatorio sobre la \u00e9tica en UEES\"}]},{\"@type\":\"WebSite\",\"@id\":\"https:\/\/laprensacristiana.com\/#website\",\"url\":\"https:\/\/laprensacristiana.com\/\",\"name\":\"La Prensa Cristiana\",\"description\":\"Anunciando Las Buenas Nuevas\",\"potentialAction\":[{\"@type\":\"SearchAction\",\"target\":{\"@type\":\"EntryPoint\",\"urlTemplate\":\"https:\/\/laprensacristiana.com\/?s={search_term_string}\"},\"query-input\":\"required name=search_term_string\"}],\"inLanguage\":\"es\"},{\"@type\":\"Person\",\"@id\":\"https:\/\/laprensacristiana.com\/#\/schema\/person\/3e7d82c6bfd6b1fa67010f8f7cd5256e\",\"name\":\"EDITOR\",\"image\":{\"@type\":\"ImageObject\",\"inLanguage\":\"es\",\"@id\":\"https:\/\/laprensacristiana.com\/#\/schema\/person\/image\/\",\"url\":\"https:\/\/secure.gravatar.com\/avatar\/72069dfb6c13772d9e8381e3638666d2?s=96&d=mm&r=g\",\"contentUrl\":\"https:\/\/secure.gravatar.com\/avatar\/72069dfb6c13772d9e8381e3638666d2?s=96&d=mm&r=g\",\"caption\":\"EDITOR\"},\"url\":\"https:\/\/laprensacristiana.com\/?author=3\"}]}<\/script>\n<!-- \/ Yoast SEO plugin. -->","yoast_head_json":{"title":"Conversatorio sobre la \u00e9tica en UEES - La Prensa Cristiana","robots":{"index":"index","follow":"follow","max-snippet":"max-snippet:-1","max-image-preview":"max-image-preview:large","max-video-preview":"max-video-preview:-1"},"canonical":"https:\/\/laprensacristiana.com\/?p=2941","og_locale":"es_ES","og_type":"article","og_title":"Conversatorio sobre la \u00e9tica en UEES - La Prensa Cristiana","og_description":"La Universidad Evang\u00e9lica de El Salvador a trav\u00e9s de la facultad de Teolog\u00eda, realiz\u00f3 este 31 de mayo un conversatorio titulado \u201cLa \u00c9tica: Dimensiones y Desaf\u00edos para la iglesia del siglo XXI\u201d. Evento que se desarroll\u00f3 en el aula de edificio de mediaci\u00f3n, en el edificio de la facultad de Teolog\u00eda. Las conferencias impartidas abordaron [&hellip;]","og_url":"https:\/\/laprensacristiana.com\/?p=2941","og_site_name":"La Prensa Cristiana","article_published_time":"2017-06-01T16:18:22+00:00","article_modified_time":"2020-07-02T00:44:21+00:00","og_image":[{"width":2560,"height":1226,"url":"https:\/\/laprensacristiana.com\/wp-content\/uploads\/2017\/06\/DSC00438-scaled.jpg","type":"image\/jpeg"}],"author":"EDITOR","twitter_card":"summary_large_image","twitter_misc":{"Escrito por":"EDITOR","Tiempo de lectura":"2 minutos"},"schema":{"@context":"https:\/\/schema.org","@graph":[{"@type":"WebPage","@id":"https:\/\/laprensacristiana.com\/?p=2941","url":"https:\/\/laprensacristiana.com\/?p=2941","name":"Conversatorio sobre la \u00e9tica en UEES - La Prensa Cristiana","isPartOf":{"@id":"https:\/\/laprensacristiana.com\/#website"},"datePublished":"2017-06-01T16:18:22+00:00","dateModified":"2020-07-02T00:44:21+00:00","author":{"@id":"https:\/\/laprensacristiana.com\/#\/schema\/person\/3e7d82c6bfd6b1fa67010f8f7cd5256e"},"breadcrumb":{"@id":"https:\/\/laprensacristiana.com\/?p=2941#breadcrumb"},"inLanguage":"es","potentialAction":[{"@type":"ReadAction","target":["https:\/\/laprensacristiana.com\/?p=2941"]}]},{"@type":"BreadcrumbList","@id":"https:\/\/laprensacristiana.com\/?p=2941#breadcrumb","itemListElement":[{"@type":"ListItem","position":1,"name":"Portada","item":"https:\/\/laprensacristiana.com\/"},{"@type":"ListItem","position":2,"name":"Conversatorio sobre la \u00e9tica en UEES"}]},{"@type":"WebSite","@id":"https:\/\/laprensacristiana.com\/#website","url":"https:\/\/laprensacristiana.com\/","name":"La Prensa Cristiana","description":"Anunciando Las Buenas Nuevas","potentialAction":[{"@type":"SearchAction","target":{"@type":"EntryPoint","urlTemplate":"https:\/\/laprensacristiana.com\/?s={search_term_string}"},"query-input":"required name=search_term_string"}],"inLanguage":"es"},{"@type":"Person","@id":"https:\/\/laprensacristiana.com\/#\/schema\/person\/3e7d82c6bfd6b1fa67010f8f7cd5256e","name":"EDITOR","image":{"@type":"ImageObject","inLanguage":"es","@id":"https:\/\/laprensacristiana.com\/#\/schema\/person\/image\/","url":"https:\/\/secure.gravatar.com\/avatar\/72069dfb6c13772d9e8381e3638666d2?s=96&d=mm&r=g","contentUrl":"https:\/\/secure.gravatar.com\/avatar\/72069dfb6c13772d9e8381e3638666d2?s=96&d=mm&r=g","caption":"EDITOR"},"url":"https:\/\/laprensacristiana.com\/?author=3"}]}},"_links":{"self":[{"href":"https:\/\/laprensacristiana.com\/index.php?rest_route=\/wp\/v2\/posts\/2941"}],"collection":[{"href":"https:\/\/laprensacristiana.com\/index.php?rest_route=\/wp\/v2\/posts"}],"about":[{"href":"https:\/\/laprensacristiana.com\/index.php?rest_route=\/wp\/v2\/types\/post"}],"author":[{"embeddable":true,"href":"https:\/\/laprensacristiana.com\/index.php?rest_route=\/wp\/v2\/users\/3"}],"replies":[{"embeddable":true,"href":"https:\/\/laprensacristiana.com\/index.php?rest_route=%2Fwp%2Fv2%2Fcomments&post=2941"}],"version-history":[{"count":1,"href":"https:\/\/laprensacristiana.com\/index.php?rest_route=\/wp\/v2\/posts\/2941\/revisions"}],"predecessor-version":[{"id":2945,"href":"https:\/\/laprensacristiana.com\/index.php?rest_route=\/wp\/v2\/posts\/2941\/revisions\/2945"}],"wp:featuredmedia":[{"embeddable":true,"href":"https:\/\/laprensacristiana.com\/index.php?rest_route=\/wp\/v2\/media\/2942"}],"wp:attachment":[{"href":"https:\/\/laprensacristiana.com\/index.php?rest_route=%2Fwp%2Fv2%2Fmedia&parent=2941"}],"wp:term":[{"taxonomy":"category","embeddable":true,"href":"https:\/\/laprensacristiana.com\/index.php?rest_route=%2Fwp%2Fv2%2Fcategories&post=2941"},{"taxonomy":"post_tag","embeddable":true,"href":"https:\/\/laprensacristiana.com\/index.php?rest_route=%2Fwp%2Fv2%2Ftags&post=2941"}],"curies":[{"name":"wp","href":"https:\/\/api.w.org\/{rel}","templated":true}]}}