{"id":2947,"date":"2017-06-01T18:41:19","date_gmt":"2017-06-01T18:41:19","guid":{"rendered":"https:\/\/laprensacristiana.com\/?p=2947"},"modified":"2020-07-02T00:44:11","modified_gmt":"2020-07-02T00:44:11","slug":"codigo-eterno-musica-con-proposito","status":"publish","type":"post","link":"https:\/\/laprensacristiana.com\/?p=2947","title":{"rendered":"C\u00f3digo Eterno, m\u00fasica con prop\u00f3sito"},"content":{"rendered":"<p style=\"text-align: justify;\"><img decoding=\"async\" loading=\"lazy\" class=\"alignnone size-full wp-image-2949\" src=\"https:\/\/laprensacristiana.com\/wp-content\/uploads\/2017\/06\/PORTADA-DISCO-CANTEN-2011.jpg\" alt=\"PORTADA DISCO CANTEN 2011\" width=\"396\" height=\"396\" srcset=\"https:\/\/laprensacristiana.com\/wp-content\/uploads\/2017\/06\/PORTADA-DISCO-CANTEN-2011.jpg 396w, https:\/\/laprensacristiana.com\/wp-content\/uploads\/2017\/06\/PORTADA-DISCO-CANTEN-2011-300x300.jpg 300w, https:\/\/laprensacristiana.com\/wp-content\/uploads\/2017\/06\/PORTADA-DISCO-CANTEN-2011-100x100.jpg 100w, https:\/\/laprensacristiana.com\/wp-content\/uploads\/2017\/06\/PORTADA-DISCO-CANTEN-2011-150x150.jpg 150w\" sizes=\"(max-width: 396px) 100vw, 396px\" \/><\/p>\n<p style=\"text-align: justify;\">Fue fundada en San Pedro Sula, Honduras en el a\u00f1o 2004 por Jean Funes, guitarrista l\u00edder de la banda, C\u00f3digo Eterno es una banda de rock\/pop mel\u00f3dico accesible a la gente, que busca llevar un mensaje positivo a trav\u00e9s de la m\u00fasica.\u00a0La banda est\u00e1 conformada por Beatriz Aranda (Voz L\u00edder), Jean Funes (Guitarra y director), Rui Prado (Bater\u00eda), Jaime Vallecillo (Bajo) y Joel Mej\u00eda (Teclados).<\/p>\n<p style=\"text-align: justify;\">Despu\u00e9s de hacer presentaciones en numerosos colegios y universidades, la banda participo en el a\u00f1o 2006 en la batalla de las bandas, ganando el premio de mejor vocalista y haciendo una gira por las principales ciudades de Honduras. Su primer sencillo y video titulado \u201cLl\u00e9vame\u201d fue la canci\u00f3n que dio a conocer a\u00a0 la banda a nivel nacional y centroamericano, llevando a la banda a abrir importantes conciertos de artistas internacionales como Rescate, 20\/20, La Hormiga, Franklin Cerrato, Ingrid Rosario, Danny Berrios y Ren\u00e9 Gonz\u00e1lez.<\/p>\n<p style=\"text-align: justify;\">La banda tiene como prop\u00f3sito, ser m\u00e1s que solo m\u00fasica, es una banda con la visi\u00f3n de acercar a las personas a Dios, a trav\u00e9s de mensajes que hablan sobre experiencias reales de la vida diaria, que hablan de un Dios real y no de una religi\u00f3n. Tambi\u00e9n busca dar un mensaje positivo en medio de una sociedad en crisis.<\/p>\n<p style=\"text-align: justify;\">Han sido nominados a m\u00faltiples premios, entre ellos destacan: premios Arpa, premios AMCL,\u00a0 premios VMCL y premios Revista Fuzion.<\/p>\n<p style=\"text-align: justify;\">Actualmente la banda trabaja en el estudio Musical Garage en su esperado tercer \u00e1lbum, que se titulara tentativamente \u201cBajo la Sombra de tus Alas\u201d, mismo que se grabara en ingles tambi\u00e9n, convirti\u00e9ndose en la segunda producci\u00f3n de Sound Of Eternity.<\/p>\n<p style=\"text-align: justify;\"><img decoding=\"async\" loading=\"lazy\" class=\"alignnone size-full wp-image-2950\" src=\"https:\/\/laprensacristiana.com\/wp-content\/uploads\/2017\/06\/Sound-Of-Eternity-album-cover.jpg\" alt=\"Sound Of Eternity album cover\" width=\"913\" height=\"913\" srcset=\"https:\/\/laprensacristiana.com\/wp-content\/uploads\/2017\/06\/Sound-Of-Eternity-album-cover.jpg 913w, https:\/\/laprensacristiana.com\/wp-content\/uploads\/2017\/06\/Sound-Of-Eternity-album-cover-300x300.jpg 300w, https:\/\/laprensacristiana.com\/wp-content\/uploads\/2017\/06\/Sound-Of-Eternity-album-cover-100x100.jpg 100w, https:\/\/laprensacristiana.com\/wp-content\/uploads\/2017\/06\/Sound-Of-Eternity-album-cover-600x600.jpg 600w, https:\/\/laprensacristiana.com\/wp-content\/uploads\/2017\/06\/Sound-Of-Eternity-album-cover-150x150.jpg 150w, https:\/\/laprensacristiana.com\/wp-content\/uploads\/2017\/06\/Sound-Of-Eternity-album-cover-768x768.jpg 768w, https:\/\/laprensacristiana.com\/wp-content\/uploads\/2017\/06\/Sound-Of-Eternity-album-cover-696x696.jpg 696w, https:\/\/laprensacristiana.com\/wp-content\/uploads\/2017\/06\/Sound-Of-Eternity-album-cover-420x420.jpg 420w\" sizes=\"(max-width: 913px) 100vw, 913px\" \/><\/p>\n<p style=\"text-align: justify;\">En el a\u00f1o 2008, la banda comienza a grabar su primer disco titulado C\u00f3digo Eterno, trabajando con importantes m\u00fasicos de la escena de rock cristiano en Europa, como Andreas Passmark (Narnia, Harmony) y Markus Sigfridsson (Harmony, 7 Days) como invitados especiales. El disco fue grabado en San Pedro Sula, Honduras en Musical Garage y producido por Jean Funes y Rui Prado, mezclado por Goran Werner en Musiklagret studios, Suecia y masterizado por Solid Mastering tambi\u00e9n en Suecia. El disco fue lanzado en Febrero del 2009.El \u00e1lbum debut de C\u00f3digo Eterno incluye los temas \u201cSolo Tu\u201d que fue lanzado como primer sencillo y primer video del disco. Otros temas ampliamente difundidos en la radio han sido \u201cTocar el Cielo\u201d y \u201cMisterio\u201d, con el cual la banda obtuvo por dos a\u00f1os consecutivos (2009 y 2010) la nominaci\u00f3n a mejor banda cristiana en los premios de FUZION en Honduras.<\/p>\n<p style=\"text-align: justify;\">En el a\u00f1o 2011 C\u00f3digo Eterno vuelve con su segunda producci\u00f3n titulada \u201cCanten la Tierra y el Cielo\u201d, del cual se desprende el primer tema promocional llamado \u201cCambiar el Mundo\u201d con un poderoso mensaje a la juventud a levantarse y encontrar su prop\u00f3sito en la vida. El video de esta canci\u00f3n tuvo\u00a0 una gran aceptaci\u00f3n a nivel latinoamericano al ser lanzado como primer sencillo de la nueva producci\u00f3n. En este segundo disco, C\u00f3digo Eterno trabaja con el reconocido productor sueco Erik Martensson (W.E.T., Eclipse, Audiovision, Golden Resurrection), en la mezcla y masterizaci\u00f3n, definiendo as\u00ed su estilo y sonido rock mel\u00f3dico moderno. Este \u00e1lbum fue producido por Jean Funes y Rui Prado y grabado en San Pedro Sula, Honduras en Musical Garage. Tambi\u00e9n cuenta con la participaci\u00f3n de m\u00fasicos reconocidos como Erik Martensson y Andreas Passmark.<\/p>\n<p style=\"text-align: justify;\">En el a\u00f1o 2013 Codigo Eterno emprende un nuevo proyecto, \u201cSound Of Eternity\u201d. Esta es la versi\u00f3n de la banda en idioma ingl\u00e9s, con el objetivo de romper las barreras del lenguaje y poder llegar a otros pa\u00edses con la m\u00fasica y el mensaje. \u201cSound Of Eternity\u201d (nombre de la banda en su version en ingles) firma con un sello discogr\u00e1fico australiano llamado \u201cMelodic Rock Records\u201d y lanza el album \u201cVisions and Dreams\u201d en Julio del 2014, con temas de los discos anteriores pero reproducidos y grabados en ingl\u00e9s, junto a algunas canciones totalmente nuevas.<\/p>\n<p style=\"text-align: justify;\">Este album logro atraer la atenci\u00f3n de un sello discogr\u00e1fico japon\u00e9s \u201cRubicon Records\u201d , que junto a Melodic Rock Records negocian lanzar el disco al exigente mercado japon\u00e9s y as\u00ed se lanza una versi\u00f3n de este disco en ingl\u00e9s para su venta en Jap\u00f3n y Asia, con un librito con traducci\u00f3n de las letras al japon\u00e9s.<\/p>\n<p style=\"text-align: justify;\">\n","protected":false},"excerpt":{"rendered":"<p>Fue fundada en San Pedro Sula, Honduras en el a\u00f1o 2004 por Jean Funes, guitarrista l\u00edder de la banda, C\u00f3digo Eterno es una banda de rock\/pop mel\u00f3dico accesible a la gente, que busca llevar un mensaje positivo a trav\u00e9s de la m\u00fasica.\u00a0La banda est\u00e1 conformada por Beatriz Aranda (Voz L\u00edder), Jean Funes (Guitarra y director), [&hellip;]<\/p>\n","protected":false},"author":3,"featured_media":2948,"comment_status":"open","ping_status":"open","sticky":false,"template":"","format":"standard","meta":[],"categories":[101],"tags":[],"yoast_head":"<!-- This site is optimized with the Yoast SEO plugin v20.8 - https:\/\/yoast.com\/wordpress\/plugins\/seo\/ -->\n<title>C\u00f3digo Eterno, m\u00fasica con prop\u00f3sito - La Prensa Cristiana<\/title>\n<meta name=\"robots\" content=\"index, follow, max-snippet:-1, max-image-preview:large, max-video-preview:-1\" \/>\n<link rel=\"canonical\" href=\"https:\/\/laprensacristiana.com\/?p=2947\" \/>\n<meta property=\"og:locale\" content=\"es_ES\" \/>\n<meta property=\"og:type\" content=\"article\" \/>\n<meta property=\"og:title\" content=\"C\u00f3digo Eterno, m\u00fasica con prop\u00f3sito - La Prensa Cristiana\" \/>\n<meta property=\"og:description\" content=\"Fue fundada en San Pedro Sula, Honduras en el a\u00f1o 2004 por Jean Funes, guitarrista l\u00edder de la banda, C\u00f3digo Eterno es una banda de rock\/pop mel\u00f3dico accesible a la gente, que busca llevar un mensaje positivo a trav\u00e9s de la m\u00fasica.\u00a0La banda est\u00e1 conformada por Beatriz Aranda (Voz L\u00edder), Jean Funes (Guitarra y director), [&hellip;]\" \/>\n<meta property=\"og:url\" content=\"https:\/\/laprensacristiana.com\/?p=2947\" \/>\n<meta property=\"og:site_name\" content=\"La Prensa Cristiana\" \/>\n<meta property=\"article:published_time\" content=\"2017-06-01T18:41:19+00:00\" \/>\n<meta property=\"article:modified_time\" content=\"2020-07-02T00:44:11+00:00\" \/>\n<meta property=\"og:image\" content=\"https:\/\/laprensacristiana.com\/wp-content\/uploads\/2017\/06\/CODIGO-ETERNO-PROMO-PIC.jpg\" \/>\n\t<meta property=\"og:image:width\" content=\"960\" \/>\n\t<meta property=\"og:image:height\" content=\"640\" \/>\n\t<meta property=\"og:image:type\" content=\"image\/jpeg\" \/>\n<meta name=\"author\" content=\"EDITOR\" \/>\n<meta name=\"twitter:card\" content=\"summary_large_image\" \/>\n<meta name=\"twitter:label1\" content=\"Escrito por\" \/>\n\t<meta name=\"twitter:data1\" content=\"EDITOR\" \/>\n\t<meta name=\"twitter:label2\" content=\"Tiempo de lectura\" \/>\n\t<meta name=\"twitter:data2\" content=\"4 minutos\" \/>\n<script type=\"application\/ld+json\" class=\"yoast-schema-graph\">{\"@context\":\"https:\/\/schema.org\",\"@graph\":[{\"@type\":\"WebPage\",\"@id\":\"https:\/\/laprensacristiana.com\/?p=2947\",\"url\":\"https:\/\/laprensacristiana.com\/?p=2947\",\"name\":\"C\u00f3digo Eterno, m\u00fasica con prop\u00f3sito - La Prensa Cristiana\",\"isPartOf\":{\"@id\":\"https:\/\/laprensacristiana.com\/#website\"},\"datePublished\":\"2017-06-01T18:41:19+00:00\",\"dateModified\":\"2020-07-02T00:44:11+00:00\",\"author\":{\"@id\":\"https:\/\/laprensacristiana.com\/#\/schema\/person\/3e7d82c6bfd6b1fa67010f8f7cd5256e\"},\"breadcrumb\":{\"@id\":\"https:\/\/laprensacristiana.com\/?p=2947#breadcrumb\"},\"inLanguage\":\"es\",\"potentialAction\":[{\"@type\":\"ReadAction\",\"target\":[\"https:\/\/laprensacristiana.com\/?p=2947\"]}]},{\"@type\":\"BreadcrumbList\",\"@id\":\"https:\/\/laprensacristiana.com\/?p=2947#breadcrumb\",\"itemListElement\":[{\"@type\":\"ListItem\",\"position\":1,\"name\":\"Portada\",\"item\":\"https:\/\/laprensacristiana.com\/\"},{\"@type\":\"ListItem\",\"position\":2,\"name\":\"C\u00f3digo Eterno, m\u00fasica con prop\u00f3sito\"}]},{\"@type\":\"WebSite\",\"@id\":\"https:\/\/laprensacristiana.com\/#website\",\"url\":\"https:\/\/laprensacristiana.com\/\",\"name\":\"La Prensa Cristiana\",\"description\":\"Anunciando Las Buenas Nuevas\",\"potentialAction\":[{\"@type\":\"SearchAction\",\"target\":{\"@type\":\"EntryPoint\",\"urlTemplate\":\"https:\/\/laprensacristiana.com\/?s={search_term_string}\"},\"query-input\":\"required name=search_term_string\"}],\"inLanguage\":\"es\"},{\"@type\":\"Person\",\"@id\":\"https:\/\/laprensacristiana.com\/#\/schema\/person\/3e7d82c6bfd6b1fa67010f8f7cd5256e\",\"name\":\"EDITOR\",\"image\":{\"@type\":\"ImageObject\",\"inLanguage\":\"es\",\"@id\":\"https:\/\/laprensacristiana.com\/#\/schema\/person\/image\/\",\"url\":\"https:\/\/secure.gravatar.com\/avatar\/72069dfb6c13772d9e8381e3638666d2?s=96&d=mm&r=g\",\"contentUrl\":\"https:\/\/secure.gravatar.com\/avatar\/72069dfb6c13772d9e8381e3638666d2?s=96&d=mm&r=g\",\"caption\":\"EDITOR\"},\"url\":\"https:\/\/laprensacristiana.com\/?author=3\"}]}<\/script>\n<!-- \/ Yoast SEO plugin. -->","yoast_head_json":{"title":"C\u00f3digo Eterno, m\u00fasica con prop\u00f3sito - La Prensa Cristiana","robots":{"index":"index","follow":"follow","max-snippet":"max-snippet:-1","max-image-preview":"max-image-preview:large","max-video-preview":"max-video-preview:-1"},"canonical":"https:\/\/laprensacristiana.com\/?p=2947","og_locale":"es_ES","og_type":"article","og_title":"C\u00f3digo Eterno, m\u00fasica con prop\u00f3sito - La Prensa Cristiana","og_description":"Fue fundada en San Pedro Sula, Honduras en el a\u00f1o 2004 por Jean Funes, guitarrista l\u00edder de la banda, C\u00f3digo Eterno es una banda de rock\/pop mel\u00f3dico accesible a la gente, que busca llevar un mensaje positivo a trav\u00e9s de la m\u00fasica.\u00a0La banda est\u00e1 conformada por Beatriz Aranda (Voz L\u00edder), Jean Funes (Guitarra y director), [&hellip;]","og_url":"https:\/\/laprensacristiana.com\/?p=2947","og_site_name":"La Prensa Cristiana","article_published_time":"2017-06-01T18:41:19+00:00","article_modified_time":"2020-07-02T00:44:11+00:00","og_image":[{"width":960,"height":640,"url":"https:\/\/laprensacristiana.com\/wp-content\/uploads\/2017\/06\/CODIGO-ETERNO-PROMO-PIC.jpg","type":"image\/jpeg"}],"author":"EDITOR","twitter_card":"summary_large_image","twitter_misc":{"Escrito por":"EDITOR","Tiempo de lectura":"4 minutos"},"schema":{"@context":"https:\/\/schema.org","@graph":[{"@type":"WebPage","@id":"https:\/\/laprensacristiana.com\/?p=2947","url":"https:\/\/laprensacristiana.com\/?p=2947","name":"C\u00f3digo Eterno, m\u00fasica con prop\u00f3sito - La Prensa Cristiana","isPartOf":{"@id":"https:\/\/laprensacristiana.com\/#website"},"datePublished":"2017-06-01T18:41:19+00:00","dateModified":"2020-07-02T00:44:11+00:00","author":{"@id":"https:\/\/laprensacristiana.com\/#\/schema\/person\/3e7d82c6bfd6b1fa67010f8f7cd5256e"},"breadcrumb":{"@id":"https:\/\/laprensacristiana.com\/?p=2947#breadcrumb"},"inLanguage":"es","potentialAction":[{"@type":"ReadAction","target":["https:\/\/laprensacristiana.com\/?p=2947"]}]},{"@type":"BreadcrumbList","@id":"https:\/\/laprensacristiana.com\/?p=2947#breadcrumb","itemListElement":[{"@type":"ListItem","position":1,"name":"Portada","item":"https:\/\/laprensacristiana.com\/"},{"@type":"ListItem","position":2,"name":"C\u00f3digo Eterno, m\u00fasica con prop\u00f3sito"}]},{"@type":"WebSite","@id":"https:\/\/laprensacristiana.com\/#website","url":"https:\/\/laprensacristiana.com\/","name":"La Prensa Cristiana","description":"Anunciando Las Buenas Nuevas","potentialAction":[{"@type":"SearchAction","target":{"@type":"EntryPoint","urlTemplate":"https:\/\/laprensacristiana.com\/?s={search_term_string}"},"query-input":"required name=search_term_string"}],"inLanguage":"es"},{"@type":"Person","@id":"https:\/\/laprensacristiana.com\/#\/schema\/person\/3e7d82c6bfd6b1fa67010f8f7cd5256e","name":"EDITOR","image":{"@type":"ImageObject","inLanguage":"es","@id":"https:\/\/laprensacristiana.com\/#\/schema\/person\/image\/","url":"https:\/\/secure.gravatar.com\/avatar\/72069dfb6c13772d9e8381e3638666d2?s=96&d=mm&r=g","contentUrl":"https:\/\/secure.gravatar.com\/avatar\/72069dfb6c13772d9e8381e3638666d2?s=96&d=mm&r=g","caption":"EDITOR"},"url":"https:\/\/laprensacristiana.com\/?author=3"}]}},"_links":{"self":[{"href":"https:\/\/laprensacristiana.com\/index.php?rest_route=\/wp\/v2\/posts\/2947"}],"collection":[{"href":"https:\/\/laprensacristiana.com\/index.php?rest_route=\/wp\/v2\/posts"}],"about":[{"href":"https:\/\/laprensacristiana.com\/index.php?rest_route=\/wp\/v2\/types\/post"}],"author":[{"embeddable":true,"href":"https:\/\/laprensacristiana.com\/index.php?rest_route=\/wp\/v2\/users\/3"}],"replies":[{"embeddable":true,"href":"https:\/\/laprensacristiana.com\/index.php?rest_route=%2Fwp%2Fv2%2Fcomments&post=2947"}],"version-history":[{"count":1,"href":"https:\/\/laprensacristiana.com\/index.php?rest_route=\/wp\/v2\/posts\/2947\/revisions"}],"predecessor-version":[{"id":2951,"href":"https:\/\/laprensacristiana.com\/index.php?rest_route=\/wp\/v2\/posts\/2947\/revisions\/2951"}],"wp:featuredmedia":[{"embeddable":true,"href":"https:\/\/laprensacristiana.com\/index.php?rest_route=\/wp\/v2\/media\/2948"}],"wp:attachment":[{"href":"https:\/\/laprensacristiana.com\/index.php?rest_route=%2Fwp%2Fv2%2Fmedia&parent=2947"}],"wp:term":[{"taxonomy":"category","embeddable":true,"href":"https:\/\/laprensacristiana.com\/index.php?rest_route=%2Fwp%2Fv2%2Fcategories&post=2947"},{"taxonomy":"post_tag","embeddable":true,"href":"https:\/\/laprensacristiana.com\/index.php?rest_route=%2Fwp%2Fv2%2Ftags&post=2947"}],"curies":[{"name":"wp","href":"https:\/\/api.w.org\/{rel}","templated":true}]}}