{"id":2961,"date":"2017-06-05T17:42:26","date_gmt":"2017-06-05T17:42:26","guid":{"rendered":"https:\/\/laprensacristiana.com\/?p=2961"},"modified":"2020-07-02T00:43:50","modified_gmt":"2020-07-02T00:43:50","slug":"1o-covencion-de-avivadores-revolucion","status":"publish","type":"post","link":"https:\/\/laprensacristiana.com\/?p=2961","title":{"rendered":"1\u00ba COVENCI\u00d3N DE AVIVADORES \u201cREVOLUCI\u00d3N\u00bb"},"content":{"rendered":"<p style=\"text-align: justify;\">Un clamor, una misi\u00f3n, un avivamiento. Son las palabras claves que se desarrollaron en la convenci\u00f3n titulada \u201cRevoluci\u00f3n\u201d organizado por la Iglesia El Camino y el Proyecto \u00a0Avivadores, el s\u00e1bado 3 de junio. Alrededor de unas 700 personas, entre ellas l\u00edderes, j\u00f3venes, padres de familias, pastores y maestros, \u00a0llegaron al lugar para formar parte de este movimiento.<\/p>\n<p style=\"text-align: justify;\"><img decoding=\"async\" loading=\"lazy\" class=\"alignnone size-full wp-image-2959\" src=\"https:\/\/laprensacristiana.com\/wp-content\/uploads\/2017\/06\/DSC00412.jpg\" alt=\"DSC00412\" width=\"5184\" height=\"3888\" \/><\/p>\n<p style=\"text-align: justify;\">Avivadores naci\u00f3 como una convenci\u00f3n para j\u00f3venes, pero hoy en d\u00eda ha evolucionado y ahora es un movimiento, el proyecto Avivadores naci\u00f3 junto al Congreso J\u00f3venes en Avivamiento que dur\u00f3 15 a\u00f1os, el cual finaliz\u00f3 el a\u00f1o pasado, ahora Avivadores no solo integra j\u00f3venes, sino adultos, ni\u00f1os, pastores, padres de familia y maestros todos juntos para buscar a Dios.<\/p>\n<p><img decoding=\"async\" loading=\"lazy\" class=\"alignnone size-full wp-image-2956 alignright\" src=\"https:\/\/laprensacristiana.com\/wp-content\/uploads\/2017\/06\/DSC00445.jpg\" alt=\"DSC00445\" width=\"5184\" height=\"3888\" \/><\/p>\n<p style=\"text-align: right;\"><em>\u201cEl prop\u00f3sito del Revoluci\u00f3n, es movilizar a los avivadores, que el sentir del esp\u00edritu santo y el seguir a Cristo no solo se quede en la iglesia, sensibilizar, comprometerse como avivadores\u00a0 a que sean luz, a interceder , a pelear las batallas, por la familia, por las ciudades, llevar una palabra que lance el ministerio a las calles, es una manera en la que estamos impulsando a los avivadores a que no se queden en la iglesia, experimentando cosas sino que vayan a las calles a compartir la fe en Jes\u00fas\u201d,<\/em> pastor Carlos Navas.<\/p>\n<p style=\"text-align: justify;\">Con las participaciones de Rosario de Navas, qui\u00e9n hablo sobre el llamado de Dios para proclamar libertad, Rob y Kathryn Harryman de Estados Unidos, llevando el mensaje de retener lo firme, que nadie tome tu corona de victoria y sobre todo ser diferentes al mundo, en la alabanza y adoraci\u00f3n \u00a0Alex Navas y por \u00faltimo el Pastor Carlos Navas\u00a0 con el mensaje principal de darle vida a tu comuni\u00f3n con Dios y llevando la ministraci\u00f3n.<\/p>\n<p style=\"text-align: justify;\"><img decoding=\"async\" loading=\"lazy\" class=\"alignnone size-full wp-image-2955\" src=\"https:\/\/laprensacristiana.com\/wp-content\/uploads\/2017\/06\/18835792_1740255779332828_2735835551605327114_n.jpg\" alt=\"18835792_1740255779332828_2735835551605327114_n\" width=\"960\" height=\"720\" srcset=\"https:\/\/laprensacristiana.com\/wp-content\/uploads\/2017\/06\/18835792_1740255779332828_2735835551605327114_n.jpg 960w, https:\/\/laprensacristiana.com\/wp-content\/uploads\/2017\/06\/18835792_1740255779332828_2735835551605327114_n-600x450.jpg 600w, https:\/\/laprensacristiana.com\/wp-content\/uploads\/2017\/06\/18835792_1740255779332828_2735835551605327114_n-300x225.jpg 300w, https:\/\/laprensacristiana.com\/wp-content\/uploads\/2017\/06\/18835792_1740255779332828_2735835551605327114_n-768x576.jpg 768w, https:\/\/laprensacristiana.com\/wp-content\/uploads\/2017\/06\/18835792_1740255779332828_2735835551605327114_n-80x60.jpg 80w, https:\/\/laprensacristiana.com\/wp-content\/uploads\/2017\/06\/18835792_1740255779332828_2735835551605327114_n-265x198.jpg 265w, https:\/\/laprensacristiana.com\/wp-content\/uploads\/2017\/06\/18835792_1740255779332828_2735835551605327114_n-696x522.jpg 696w, https:\/\/laprensacristiana.com\/wp-content\/uploads\/2017\/06\/18835792_1740255779332828_2735835551605327114_n-560x420.jpg 560w\" sizes=\"(max-width: 960px) 100vw, 960px\" \/><\/p>\n<p style=\"text-align: justify;\">\u201cDarle a vida a tu comuni\u00f3n con Dios y cuando le damos vida a nuestra comuni\u00f3n con Dios algo va a pasar, algo m\u00e1s va suceder, cuando nuestra comuni\u00f3n con Dios est\u00e1 encendida est\u00e1 viva, Dios nos habla nos impulsa nos gu\u00eda, nos env\u00eda nos prueba nos da autoridad sobre las enfermedades sobre los demonios, autoridad para predicar la palabra, Invierte en tu comuni\u00f3n con Dios, porque algo va pasar despu\u00e9s de eso\u201d.<\/p>\n<figure id=\"attachment_2960\" aria-describedby=\"caption-attachment-2960\" style=\"width: 4544px\" class=\"wp-caption alignnone\"><img decoding=\"async\" loading=\"lazy\" class=\"wp-image-2960 size-full\" src=\"https:\/\/laprensacristiana.com\/wp-content\/uploads\/2017\/06\/DSC00473.jpg\" alt=\"\" width=\"4544\" height=\"2832\" \/><figcaption id=\"caption-attachment-2960\" class=\"wp-caption-text\">Alex Navas<\/figcaption><\/figure>\n","protected":false},"excerpt":{"rendered":"<p>Un clamor, una misi\u00f3n, un avivamiento. Son las palabras claves que se desarrollaron en la convenci\u00f3n titulada \u201cRevoluci\u00f3n\u201d organizado por la Iglesia El Camino y el Proyecto \u00a0Avivadores, el s\u00e1bado 3 de junio. Alrededor de unas 700 personas, entre ellas l\u00edderes, j\u00f3venes, padres de familias, pastores y maestros, \u00a0llegaron al lugar para formar parte de [&hellip;]<\/p>\n","protected":false},"author":3,"featured_media":2957,"comment_status":"open","ping_status":"open","sticky":false,"template":"","format":"standard","meta":[],"categories":[56],"tags":[],"yoast_head":"<!-- This site is optimized with the Yoast SEO plugin v20.8 - https:\/\/yoast.com\/wordpress\/plugins\/seo\/ -->\n<title>1\u00ba COVENCI\u00d3N DE AVIVADORES \u201cREVOLUCI\u00d3N&quot; - La Prensa Cristiana<\/title>\n<meta name=\"robots\" content=\"index, follow, max-snippet:-1, max-image-preview:large, max-video-preview:-1\" \/>\n<link rel=\"canonical\" href=\"https:\/\/laprensacristiana.com\/?p=2961\" \/>\n<meta property=\"og:locale\" content=\"es_ES\" \/>\n<meta property=\"og:type\" content=\"article\" \/>\n<meta property=\"og:title\" content=\"1\u00ba COVENCI\u00d3N DE AVIVADORES \u201cREVOLUCI\u00d3N&quot; - La Prensa Cristiana\" \/>\n<meta property=\"og:description\" content=\"Un clamor, una misi\u00f3n, un avivamiento. Son las palabras claves que se desarrollaron en la convenci\u00f3n titulada \u201cRevoluci\u00f3n\u201d organizado por la Iglesia El Camino y el Proyecto \u00a0Avivadores, el s\u00e1bado 3 de junio. Alrededor de unas 700 personas, entre ellas l\u00edderes, j\u00f3venes, padres de familias, pastores y maestros, \u00a0llegaron al lugar para formar parte de [&hellip;]\" \/>\n<meta property=\"og:url\" content=\"https:\/\/laprensacristiana.com\/?p=2961\" \/>\n<meta property=\"og:site_name\" content=\"La Prensa Cristiana\" \/>\n<meta property=\"article:published_time\" content=\"2017-06-05T17:42:26+00:00\" \/>\n<meta property=\"article:modified_time\" content=\"2020-07-02T00:43:50+00:00\" \/>\n<meta property=\"og:image\" content=\"https:\/\/laprensacristiana.com\/wp-content\/uploads\/2017\/06\/DSC00408-scaled.jpg\" \/>\n\t<meta property=\"og:image:width\" content=\"2560\" \/>\n\t<meta property=\"og:image:height\" content=\"1920\" \/>\n\t<meta property=\"og:image:type\" content=\"image\/jpeg\" \/>\n<meta name=\"author\" content=\"EDITOR\" \/>\n<meta name=\"twitter:card\" content=\"summary_large_image\" \/>\n<meta name=\"twitter:label1\" content=\"Escrito por\" \/>\n\t<meta name=\"twitter:data1\" content=\"EDITOR\" \/>\n\t<meta name=\"twitter:label2\" content=\"Tiempo de lectura\" \/>\n\t<meta name=\"twitter:data2\" content=\"2 minutos\" \/>\n<script type=\"application\/ld+json\" class=\"yoast-schema-graph\">{\"@context\":\"https:\/\/schema.org\",\"@graph\":[{\"@type\":\"WebPage\",\"@id\":\"https:\/\/laprensacristiana.com\/?p=2961\",\"url\":\"https:\/\/laprensacristiana.com\/?p=2961\",\"name\":\"1\u00ba COVENCI\u00d3N DE AVIVADORES \u201cREVOLUCI\u00d3N\\\" - La Prensa Cristiana\",\"isPartOf\":{\"@id\":\"https:\/\/laprensacristiana.com\/#website\"},\"datePublished\":\"2017-06-05T17:42:26+00:00\",\"dateModified\":\"2020-07-02T00:43:50+00:00\",\"author\":{\"@id\":\"https:\/\/laprensacristiana.com\/#\/schema\/person\/3e7d82c6bfd6b1fa67010f8f7cd5256e\"},\"breadcrumb\":{\"@id\":\"https:\/\/laprensacristiana.com\/?p=2961#breadcrumb\"},\"inLanguage\":\"es\",\"potentialAction\":[{\"@type\":\"ReadAction\",\"target\":[\"https:\/\/laprensacristiana.com\/?p=2961\"]}]},{\"@type\":\"BreadcrumbList\",\"@id\":\"https:\/\/laprensacristiana.com\/?p=2961#breadcrumb\",\"itemListElement\":[{\"@type\":\"ListItem\",\"position\":1,\"name\":\"Portada\",\"item\":\"https:\/\/laprensacristiana.com\/\"},{\"@type\":\"ListItem\",\"position\":2,\"name\":\"1\u00ba COVENCI\u00d3N DE AVIVADORES \u201cREVOLUCI\u00d3N\u00bb\"}]},{\"@type\":\"WebSite\",\"@id\":\"https:\/\/laprensacristiana.com\/#website\",\"url\":\"https:\/\/laprensacristiana.com\/\",\"name\":\"La Prensa Cristiana\",\"description\":\"Anunciando Las Buenas Nuevas\",\"potentialAction\":[{\"@type\":\"SearchAction\",\"target\":{\"@type\":\"EntryPoint\",\"urlTemplate\":\"https:\/\/laprensacristiana.com\/?s={search_term_string}\"},\"query-input\":\"required name=search_term_string\"}],\"inLanguage\":\"es\"},{\"@type\":\"Person\",\"@id\":\"https:\/\/laprensacristiana.com\/#\/schema\/person\/3e7d82c6bfd6b1fa67010f8f7cd5256e\",\"name\":\"EDITOR\",\"image\":{\"@type\":\"ImageObject\",\"inLanguage\":\"es\",\"@id\":\"https:\/\/laprensacristiana.com\/#\/schema\/person\/image\/\",\"url\":\"https:\/\/secure.gravatar.com\/avatar\/72069dfb6c13772d9e8381e3638666d2?s=96&d=mm&r=g\",\"contentUrl\":\"https:\/\/secure.gravatar.com\/avatar\/72069dfb6c13772d9e8381e3638666d2?s=96&d=mm&r=g\",\"caption\":\"EDITOR\"},\"url\":\"https:\/\/laprensacristiana.com\/?author=3\"}]}<\/script>\n<!-- \/ Yoast SEO plugin. -->","yoast_head_json":{"title":"1\u00ba COVENCI\u00d3N DE AVIVADORES \u201cREVOLUCI\u00d3N\" - La Prensa Cristiana","robots":{"index":"index","follow":"follow","max-snippet":"max-snippet:-1","max-image-preview":"max-image-preview:large","max-video-preview":"max-video-preview:-1"},"canonical":"https:\/\/laprensacristiana.com\/?p=2961","og_locale":"es_ES","og_type":"article","og_title":"1\u00ba COVENCI\u00d3N DE AVIVADORES \u201cREVOLUCI\u00d3N\" - La Prensa Cristiana","og_description":"Un clamor, una misi\u00f3n, un avivamiento. Son las palabras claves que se desarrollaron en la convenci\u00f3n titulada \u201cRevoluci\u00f3n\u201d organizado por la Iglesia El Camino y el Proyecto \u00a0Avivadores, el s\u00e1bado 3 de junio. Alrededor de unas 700 personas, entre ellas l\u00edderes, j\u00f3venes, padres de familias, pastores y maestros, \u00a0llegaron al lugar para formar parte de [&hellip;]","og_url":"https:\/\/laprensacristiana.com\/?p=2961","og_site_name":"La Prensa Cristiana","article_published_time":"2017-06-05T17:42:26+00:00","article_modified_time":"2020-07-02T00:43:50+00:00","og_image":[{"width":2560,"height":1920,"url":"https:\/\/laprensacristiana.com\/wp-content\/uploads\/2017\/06\/DSC00408-scaled.jpg","type":"image\/jpeg"}],"author":"EDITOR","twitter_card":"summary_large_image","twitter_misc":{"Escrito por":"EDITOR","Tiempo de lectura":"2 minutos"},"schema":{"@context":"https:\/\/schema.org","@graph":[{"@type":"WebPage","@id":"https:\/\/laprensacristiana.com\/?p=2961","url":"https:\/\/laprensacristiana.com\/?p=2961","name":"1\u00ba COVENCI\u00d3N DE AVIVADORES \u201cREVOLUCI\u00d3N\" - La Prensa Cristiana","isPartOf":{"@id":"https:\/\/laprensacristiana.com\/#website"},"datePublished":"2017-06-05T17:42:26+00:00","dateModified":"2020-07-02T00:43:50+00:00","author":{"@id":"https:\/\/laprensacristiana.com\/#\/schema\/person\/3e7d82c6bfd6b1fa67010f8f7cd5256e"},"breadcrumb":{"@id":"https:\/\/laprensacristiana.com\/?p=2961#breadcrumb"},"inLanguage":"es","potentialAction":[{"@type":"ReadAction","target":["https:\/\/laprensacristiana.com\/?p=2961"]}]},{"@type":"BreadcrumbList","@id":"https:\/\/laprensacristiana.com\/?p=2961#breadcrumb","itemListElement":[{"@type":"ListItem","position":1,"name":"Portada","item":"https:\/\/laprensacristiana.com\/"},{"@type":"ListItem","position":2,"name":"1\u00ba COVENCI\u00d3N DE AVIVADORES \u201cREVOLUCI\u00d3N\u00bb"}]},{"@type":"WebSite","@id":"https:\/\/laprensacristiana.com\/#website","url":"https:\/\/laprensacristiana.com\/","name":"La Prensa Cristiana","description":"Anunciando Las Buenas Nuevas","potentialAction":[{"@type":"SearchAction","target":{"@type":"EntryPoint","urlTemplate":"https:\/\/laprensacristiana.com\/?s={search_term_string}"},"query-input":"required name=search_term_string"}],"inLanguage":"es"},{"@type":"Person","@id":"https:\/\/laprensacristiana.com\/#\/schema\/person\/3e7d82c6bfd6b1fa67010f8f7cd5256e","name":"EDITOR","image":{"@type":"ImageObject","inLanguage":"es","@id":"https:\/\/laprensacristiana.com\/#\/schema\/person\/image\/","url":"https:\/\/secure.gravatar.com\/avatar\/72069dfb6c13772d9e8381e3638666d2?s=96&d=mm&r=g","contentUrl":"https:\/\/secure.gravatar.com\/avatar\/72069dfb6c13772d9e8381e3638666d2?s=96&d=mm&r=g","caption":"EDITOR"},"url":"https:\/\/laprensacristiana.com\/?author=3"}]}},"_links":{"self":[{"href":"https:\/\/laprensacristiana.com\/index.php?rest_route=\/wp\/v2\/posts\/2961"}],"collection":[{"href":"https:\/\/laprensacristiana.com\/index.php?rest_route=\/wp\/v2\/posts"}],"about":[{"href":"https:\/\/laprensacristiana.com\/index.php?rest_route=\/wp\/v2\/types\/post"}],"author":[{"embeddable":true,"href":"https:\/\/laprensacristiana.com\/index.php?rest_route=\/wp\/v2\/users\/3"}],"replies":[{"embeddable":true,"href":"https:\/\/laprensacristiana.com\/index.php?rest_route=%2Fwp%2Fv2%2Fcomments&post=2961"}],"version-history":[{"count":3,"href":"https:\/\/laprensacristiana.com\/index.php?rest_route=\/wp\/v2\/posts\/2961\/revisions"}],"predecessor-version":[{"id":2970,"href":"https:\/\/laprensacristiana.com\/index.php?rest_route=\/wp\/v2\/posts\/2961\/revisions\/2970"}],"wp:featuredmedia":[{"embeddable":true,"href":"https:\/\/laprensacristiana.com\/index.php?rest_route=\/wp\/v2\/media\/2957"}],"wp:attachment":[{"href":"https:\/\/laprensacristiana.com\/index.php?rest_route=%2Fwp%2Fv2%2Fmedia&parent=2961"}],"wp:term":[{"taxonomy":"category","embeddable":true,"href":"https:\/\/laprensacristiana.com\/index.php?rest_route=%2Fwp%2Fv2%2Fcategories&post=2961"},{"taxonomy":"post_tag","embeddable":true,"href":"https:\/\/laprensacristiana.com\/index.php?rest_route=%2Fwp%2Fv2%2Ftags&post=2961"}],"curies":[{"name":"wp","href":"https:\/\/api.w.org\/{rel}","templated":true}]}}