{"id":2971,"date":"2017-06-05T19:50:29","date_gmt":"2017-06-05T19:50:29","guid":{"rendered":"https:\/\/laprensacristiana.com\/?p=2971"},"modified":"2020-07-02T00:43:39","modified_gmt":"2020-07-02T00:43:39","slug":"revisa-tus-metas","status":"publish","type":"post","link":"https:\/\/laprensacristiana.com\/?p=2971","title":{"rendered":"Revisa tus metas"},"content":{"rendered":"<p>POR JULY DE SOSA<\/p>\n<p>Bienaventurados todos los que llegamos a mitad del calendario 2017. Independientemente de las circunstancias en las que estamos, y las batallas que libremos; es bueno saber que el tiempo para nosotros sigue su marcha. Y mientras el transcurre todos, tenemos metas por alcanzar profesionales, familiares, y espirituales.<\/p>\n<p>Al igual que nosotros, Dios tiene metas con cada uno y un plan majestuosamente, dise\u00f1ado al cual no, renunciar\u00e1 hasta ver su obra terminada. <strong>Filipenses 1:6<\/strong><\/p>\n<p>Cinco meses han pasado ya, desde que muchos escribimos nuestras metas a cumplir durante los 365 d\u00edas, que ten\u00edamos por delante. Tambi\u00e9n hubo otros, que se abstuvieron de trazar metas y marcar desaf\u00edos. Por temor a no cumplirlos, por la incertidumbre de lo por venir. Lo cierto es que la Biblia declara que tenemos la mente de Dios.\u00a0 Y si \u00e9l, tiene un plan para con cada uno, nosotros tambi\u00e9n debemos de tener una meta hacia donde llegar despu\u00e9s de cada esfuerzo gastado. Considero importante hacer un alto en esta etapa del a\u00f1o y revisar lo alcanzado versus lo que nos falta por alcanzar, dentro de lo programado en nuestra agenda. Creo que lo m\u00e1s importante a evaluar, es nuestra relaci\u00f3n de intimidad con nuestro Se\u00f1or y Salvador. Siendo que es \u00e9l, quien nos da la victoria en todo, porque sin \u00e9l, nada podemos hacer. Para muchos seguir a Cristo es un rito, y para otros un h\u00e1bito. Es bueno evaluar a que grupo pertenecemos.<\/p>\n<p>H\u00e1bito: Lo que hacemos y trae complacencia a nosotros, y cuando no lo hacemos sentimos la urgencia de retomarlo.<\/p>\n<p>Rito: Lo que hacemos por religi\u00f3n \u201ccostumbre\u201d y al dejarlo de hacer, no hace falta sino m\u00e1s bien, llena de culpa, como: Asistir a la iglesia, orar poniendo el d\u00eda en sus manos, o estudiar la biblia.<\/p>\n<p>Si estamos haciendo de nuestra relaci\u00f3n con Dios un ritual, pronto nos aburriremos y m\u00e1s, si no vemos nuestras peticiones contestadas; eso nos afanar\u00e1, y Dios dice: P<strong>or nada est<\/strong><strong>\u00e9<\/strong><strong>is afanosos, sino sean conocidas vuestras peticiones delante de Dios en toda oraci<\/strong><strong>\u00f3<\/strong><strong>n y ruego con acciones de gracias. (Filipenses 4:6)<\/strong><\/p>\n<p>El af\u00e1n o la incertidumbre, que puede provocar nuestro entorno. Puede llegar a Interferir con nuestras metas, provocando dejar de dar la lucha, que a diario es necesario librar, y desanim\u00e1ndonos en nuestra decisi\u00f3n de caminar confiando en Dios, y en nuestro esfuerzo. S\u00ed en este d\u00eda, tu sientes que no lo lograras, te animo a que cambies tu punto de \u00a0vista, y sacudas, el apocamiento en ti, si permaneces all\u00ed, eso te persuadir\u00e1 a mantener la mirada hacia atr\u00e1s, y no, hacia adelante que es donde te espera t\u00fa meta.<\/p>\n<p>No es lo mismo, decir \u201ctermino el d\u00eda y no logre lo que esperaba\u201d a decir \u00a1No, lo logre ahora pero ma\u00f1ana lo har\u00e9! Y si ma\u00f1ana no lo logro, seguir\u00e9 dando mi mejor pelea hasta lograrlo. Porque aquel que hizo los cielos y la tierra, est\u00e1 de mi lado abriendo camino para m\u00ed. Eso es lo \u00fanico que Dios demanda de nosotros, nuestro intento y nuestra medida de fe para lograrlo.<\/p>\n<p>No olvide que con Dios somos m\u00e1s que vencedores y que desde el momento mismo de la creaci\u00f3n \u00c9L, dispuso hacernos a su imagen y a su semejanza. Del mismo modo que para Dios \u201cno hay nada imposible\u201d. Tambi\u00e9n para nosotros no lo hay, porque<\/p>\n<p>\u00a1Todo lo podemos en Cristo que nos fortalece!<\/p>\n<p>Revise sus metas este d\u00eda, y renueve sus fuerzas en las promesas de Dios para seguir avanzando hacia ellas. \u00a1No se detenga! los mejores meses est\u00e1n hacia adelante.<\/p>\n<p>\u00a1Felices meses por venir!<\/p>\n","protected":false},"excerpt":{"rendered":"<p>POR JULY DE SOSA Bienaventurados todos los que llegamos a mitad del calendario 2017. Independientemente de las circunstancias en las que estamos, y las batallas que libremos; es bueno saber que el tiempo para nosotros sigue su marcha. Y mientras el transcurre todos, tenemos metas por alcanzar profesionales, familiares, y espirituales. Al igual que nosotros, [&hellip;]<\/p>\n","protected":false},"author":3,"featured_media":2400,"comment_status":"open","ping_status":"open","sticky":false,"template":"","format":"standard","meta":[],"categories":[36],"tags":[],"yoast_head":"<!-- This site is optimized with the Yoast SEO plugin v20.8 - https:\/\/yoast.com\/wordpress\/plugins\/seo\/ -->\n<title>Revisa tus metas - La Prensa Cristiana<\/title>\n<meta name=\"robots\" content=\"index, follow, max-snippet:-1, max-image-preview:large, max-video-preview:-1\" \/>\n<link rel=\"canonical\" href=\"https:\/\/laprensacristiana.com\/?p=2971\" \/>\n<meta property=\"og:locale\" content=\"es_ES\" \/>\n<meta property=\"og:type\" content=\"article\" \/>\n<meta property=\"og:title\" content=\"Revisa tus metas - La Prensa Cristiana\" \/>\n<meta property=\"og:description\" content=\"POR JULY DE SOSA Bienaventurados todos los que llegamos a mitad del calendario 2017. Independientemente de las circunstancias en las que estamos, y las batallas que libremos; es bueno saber que el tiempo para nosotros sigue su marcha. Y mientras el transcurre todos, tenemos metas por alcanzar profesionales, familiares, y espirituales. Al igual que nosotros, [&hellip;]\" \/>\n<meta property=\"og:url\" content=\"https:\/\/laprensacristiana.com\/?p=2971\" \/>\n<meta property=\"og:site_name\" content=\"La Prensa Cristiana\" \/>\n<meta property=\"article:published_time\" content=\"2017-06-05T19:50:29+00:00\" \/>\n<meta property=\"article:modified_time\" content=\"2020-07-02T00:43:39+00:00\" \/>\n<meta property=\"og:image\" content=\"https:\/\/laprensacristiana.com\/wp-content\/uploads\/2017\/02\/JULY-LPG-2017.jpg\" \/>\n\t<meta property=\"og:image:width\" content=\"1240\" \/>\n\t<meta property=\"og:image:height\" content=\"692\" \/>\n\t<meta property=\"og:image:type\" content=\"image\/jpeg\" \/>\n<meta name=\"author\" content=\"EDITOR\" \/>\n<meta name=\"twitter:card\" content=\"summary_large_image\" \/>\n<meta name=\"twitter:label1\" content=\"Escrito por\" \/>\n\t<meta name=\"twitter:data1\" content=\"EDITOR\" \/>\n\t<meta name=\"twitter:label2\" content=\"Tiempo de lectura\" \/>\n\t<meta name=\"twitter:data2\" content=\"3 minutos\" \/>\n<script type=\"application\/ld+json\" class=\"yoast-schema-graph\">{\"@context\":\"https:\/\/schema.org\",\"@graph\":[{\"@type\":\"WebPage\",\"@id\":\"https:\/\/laprensacristiana.com\/?p=2971\",\"url\":\"https:\/\/laprensacristiana.com\/?p=2971\",\"name\":\"Revisa tus metas - La Prensa Cristiana\",\"isPartOf\":{\"@id\":\"https:\/\/laprensacristiana.com\/#website\"},\"datePublished\":\"2017-06-05T19:50:29+00:00\",\"dateModified\":\"2020-07-02T00:43:39+00:00\",\"author\":{\"@id\":\"https:\/\/laprensacristiana.com\/#\/schema\/person\/3e7d82c6bfd6b1fa67010f8f7cd5256e\"},\"breadcrumb\":{\"@id\":\"https:\/\/laprensacristiana.com\/?p=2971#breadcrumb\"},\"inLanguage\":\"es\",\"potentialAction\":[{\"@type\":\"ReadAction\",\"target\":[\"https:\/\/laprensacristiana.com\/?p=2971\"]}]},{\"@type\":\"BreadcrumbList\",\"@id\":\"https:\/\/laprensacristiana.com\/?p=2971#breadcrumb\",\"itemListElement\":[{\"@type\":\"ListItem\",\"position\":1,\"name\":\"Portada\",\"item\":\"https:\/\/laprensacristiana.com\/\"},{\"@type\":\"ListItem\",\"position\":2,\"name\":\"Revisa tus metas\"}]},{\"@type\":\"WebSite\",\"@id\":\"https:\/\/laprensacristiana.com\/#website\",\"url\":\"https:\/\/laprensacristiana.com\/\",\"name\":\"La Prensa Cristiana\",\"description\":\"Anunciando Las Buenas Nuevas\",\"potentialAction\":[{\"@type\":\"SearchAction\",\"target\":{\"@type\":\"EntryPoint\",\"urlTemplate\":\"https:\/\/laprensacristiana.com\/?s={search_term_string}\"},\"query-input\":\"required name=search_term_string\"}],\"inLanguage\":\"es\"},{\"@type\":\"Person\",\"@id\":\"https:\/\/laprensacristiana.com\/#\/schema\/person\/3e7d82c6bfd6b1fa67010f8f7cd5256e\",\"name\":\"EDITOR\",\"image\":{\"@type\":\"ImageObject\",\"inLanguage\":\"es\",\"@id\":\"https:\/\/laprensacristiana.com\/#\/schema\/person\/image\/\",\"url\":\"https:\/\/secure.gravatar.com\/avatar\/72069dfb6c13772d9e8381e3638666d2?s=96&d=mm&r=g\",\"contentUrl\":\"https:\/\/secure.gravatar.com\/avatar\/72069dfb6c13772d9e8381e3638666d2?s=96&d=mm&r=g\",\"caption\":\"EDITOR\"},\"url\":\"https:\/\/laprensacristiana.com\/?author=3\"}]}<\/script>\n<!-- \/ Yoast SEO plugin. -->","yoast_head_json":{"title":"Revisa tus metas - La Prensa Cristiana","robots":{"index":"index","follow":"follow","max-snippet":"max-snippet:-1","max-image-preview":"max-image-preview:large","max-video-preview":"max-video-preview:-1"},"canonical":"https:\/\/laprensacristiana.com\/?p=2971","og_locale":"es_ES","og_type":"article","og_title":"Revisa tus metas - La Prensa Cristiana","og_description":"POR JULY DE SOSA Bienaventurados todos los que llegamos a mitad del calendario 2017. Independientemente de las circunstancias en las que estamos, y las batallas que libremos; es bueno saber que el tiempo para nosotros sigue su marcha. Y mientras el transcurre todos, tenemos metas por alcanzar profesionales, familiares, y espirituales. Al igual que nosotros, [&hellip;]","og_url":"https:\/\/laprensacristiana.com\/?p=2971","og_site_name":"La Prensa Cristiana","article_published_time":"2017-06-05T19:50:29+00:00","article_modified_time":"2020-07-02T00:43:39+00:00","og_image":[{"width":1240,"height":692,"url":"https:\/\/laprensacristiana.com\/wp-content\/uploads\/2017\/02\/JULY-LPG-2017.jpg","type":"image\/jpeg"}],"author":"EDITOR","twitter_card":"summary_large_image","twitter_misc":{"Escrito por":"EDITOR","Tiempo de lectura":"3 minutos"},"schema":{"@context":"https:\/\/schema.org","@graph":[{"@type":"WebPage","@id":"https:\/\/laprensacristiana.com\/?p=2971","url":"https:\/\/laprensacristiana.com\/?p=2971","name":"Revisa tus metas - La Prensa Cristiana","isPartOf":{"@id":"https:\/\/laprensacristiana.com\/#website"},"datePublished":"2017-06-05T19:50:29+00:00","dateModified":"2020-07-02T00:43:39+00:00","author":{"@id":"https:\/\/laprensacristiana.com\/#\/schema\/person\/3e7d82c6bfd6b1fa67010f8f7cd5256e"},"breadcrumb":{"@id":"https:\/\/laprensacristiana.com\/?p=2971#breadcrumb"},"inLanguage":"es","potentialAction":[{"@type":"ReadAction","target":["https:\/\/laprensacristiana.com\/?p=2971"]}]},{"@type":"BreadcrumbList","@id":"https:\/\/laprensacristiana.com\/?p=2971#breadcrumb","itemListElement":[{"@type":"ListItem","position":1,"name":"Portada","item":"https:\/\/laprensacristiana.com\/"},{"@type":"ListItem","position":2,"name":"Revisa tus metas"}]},{"@type":"WebSite","@id":"https:\/\/laprensacristiana.com\/#website","url":"https:\/\/laprensacristiana.com\/","name":"La Prensa Cristiana","description":"Anunciando Las Buenas Nuevas","potentialAction":[{"@type":"SearchAction","target":{"@type":"EntryPoint","urlTemplate":"https:\/\/laprensacristiana.com\/?s={search_term_string}"},"query-input":"required name=search_term_string"}],"inLanguage":"es"},{"@type":"Person","@id":"https:\/\/laprensacristiana.com\/#\/schema\/person\/3e7d82c6bfd6b1fa67010f8f7cd5256e","name":"EDITOR","image":{"@type":"ImageObject","inLanguage":"es","@id":"https:\/\/laprensacristiana.com\/#\/schema\/person\/image\/","url":"https:\/\/secure.gravatar.com\/avatar\/72069dfb6c13772d9e8381e3638666d2?s=96&d=mm&r=g","contentUrl":"https:\/\/secure.gravatar.com\/avatar\/72069dfb6c13772d9e8381e3638666d2?s=96&d=mm&r=g","caption":"EDITOR"},"url":"https:\/\/laprensacristiana.com\/?author=3"}]}},"_links":{"self":[{"href":"https:\/\/laprensacristiana.com\/index.php?rest_route=\/wp\/v2\/posts\/2971"}],"collection":[{"href":"https:\/\/laprensacristiana.com\/index.php?rest_route=\/wp\/v2\/posts"}],"about":[{"href":"https:\/\/laprensacristiana.com\/index.php?rest_route=\/wp\/v2\/types\/post"}],"author":[{"embeddable":true,"href":"https:\/\/laprensacristiana.com\/index.php?rest_route=\/wp\/v2\/users\/3"}],"replies":[{"embeddable":true,"href":"https:\/\/laprensacristiana.com\/index.php?rest_route=%2Fwp%2Fv2%2Fcomments&post=2971"}],"version-history":[{"count":1,"href":"https:\/\/laprensacristiana.com\/index.php?rest_route=\/wp\/v2\/posts\/2971\/revisions"}],"predecessor-version":[{"id":2972,"href":"https:\/\/laprensacristiana.com\/index.php?rest_route=\/wp\/v2\/posts\/2971\/revisions\/2972"}],"wp:featuredmedia":[{"embeddable":true,"href":"https:\/\/laprensacristiana.com\/index.php?rest_route=\/wp\/v2\/media\/2400"}],"wp:attachment":[{"href":"https:\/\/laprensacristiana.com\/index.php?rest_route=%2Fwp%2Fv2%2Fmedia&parent=2971"}],"wp:term":[{"taxonomy":"category","embeddable":true,"href":"https:\/\/laprensacristiana.com\/index.php?rest_route=%2Fwp%2Fv2%2Fcategories&post=2971"},{"taxonomy":"post_tag","embeddable":true,"href":"https:\/\/laprensacristiana.com\/index.php?rest_route=%2Fwp%2Fv2%2Ftags&post=2971"}],"curies":[{"name":"wp","href":"https:\/\/api.w.org\/{rel}","templated":true}]}}