{"id":2980,"date":"2017-06-13T20:28:59","date_gmt":"2017-06-13T20:28:59","guid":{"rendered":"https:\/\/laprensacristiana.com\/?p=2980"},"modified":"2020-07-02T00:43:14","modified_gmt":"2020-07-02T00:43:14","slug":"thalles-roberto-y-coalo-zamorano-juntos-en-el-salvador","status":"publish","type":"post","link":"https:\/\/laprensacristiana.com\/?p=2980","title":{"rendered":"Thalles Roberto y Coalo Zamorano juntos en El Salvador"},"content":{"rendered":"<p>El pr\u00f3ximo 30 de junio a partir de la una de la tarde estar\u00e1n los reconocidos salmistas Thalles Roberto y Coalo Zamorano en un hotel capitalino, en un congreso denominado \u201cAdoradores Ahora\u201d. Ambos salmistas estar\u00e1n exponiendo principios necesarios de conocer para tener una adecuada adoraci\u00f3n, pero tambi\u00e9n tocaran parte de su repertorio musical<\/p>\n<p>Es un congreso producido por dos ministerios. M\u00fasica viva e Instituto Canzion. En esta oportunidad se han unido para poder llevar esta capacitaci\u00f3n a otro nivel a todos los participantes del mismo.<\/p>\n<p>El objetivo del congreso es suplir la necesidad de capacitaci\u00f3n a quienes est\u00e1n impl\u00edcitos en los ministerios de alabanza dentro de las iglesias.<\/p>\n<p>\u201cAdoradores Ahora\u201d es todo un proyecto que nace bajo el concepto de un microprograma, con el slogan \u201cEl tiempo es hoy\u201d, en la actualidad se transmite a trav\u00e9s de Radio Progreso 90.5 FM, cuya continuidad del mismo es el congreso que est\u00e1n a punto de desarrollar.<\/p>\n<p>\u201cAdorador no es el m\u00fasico, adorador es aquel que tiene un encuentro m\u00e1s cercano con Dios, en el congreso podr\u00e1n alabar a Dios pero mejor a\u00fan aprender c\u00f3mo vivir en intimidad con El, queremos poner una semilla en las personas que est\u00e1n sedientas de crecer en el \u00e1rea de alabanza y adoraci\u00f3n.\u201d Expres\u00f3 Ra\u00fal Ardon director de Instituto Canzi\u00f3n El Salvador.<\/p>\n<p>El Salvador tiene desde hace un tiempo un proceso de ense\u00f1anza aprendizaje en el \u00e1rea de la adoraci\u00f3n, siendo el congreso Adoradores Ahora una oportunidad de continuar creciendo m\u00e1s en esta \u00e1rea.<\/p>\n<p>&nbsp;<\/p>\n<p>&nbsp;<\/p>\n","protected":false},"excerpt":{"rendered":"<p>El pr\u00f3ximo 30 de junio a partir de la una de la tarde estar\u00e1n los reconocidos salmistas Thalles Roberto y Coalo Zamorano en un hotel capitalino, en un congreso denominado \u201cAdoradores Ahora\u201d. Ambos salmistas estar\u00e1n exponiendo principios necesarios de conocer para tener una adecuada adoraci\u00f3n, pero tambi\u00e9n tocaran parte de su repertorio musical Es un [&hellip;]<\/p>\n","protected":false},"author":3,"featured_media":2981,"comment_status":"open","ping_status":"open","sticky":false,"template":"","format":"standard","meta":[],"categories":[101],"tags":[],"yoast_head":"<!-- This site is optimized with the Yoast SEO plugin v20.8 - https:\/\/yoast.com\/wordpress\/plugins\/seo\/ -->\n<title>Thalles Roberto y Coalo Zamorano juntos en El Salvador - La Prensa Cristiana<\/title>\n<meta name=\"robots\" content=\"index, follow, max-snippet:-1, max-image-preview:large, max-video-preview:-1\" \/>\n<link rel=\"canonical\" href=\"https:\/\/laprensacristiana.com\/?p=2980\" \/>\n<meta property=\"og:locale\" content=\"es_ES\" \/>\n<meta property=\"og:type\" content=\"article\" \/>\n<meta property=\"og:title\" content=\"Thalles Roberto y Coalo Zamorano juntos en El Salvador - La Prensa Cristiana\" \/>\n<meta property=\"og:description\" content=\"El pr\u00f3ximo 30 de junio a partir de la una de la tarde estar\u00e1n los reconocidos salmistas Thalles Roberto y Coalo Zamorano en un hotel capitalino, en un congreso denominado \u201cAdoradores Ahora\u201d. Ambos salmistas estar\u00e1n exponiendo principios necesarios de conocer para tener una adecuada adoraci\u00f3n, pero tambi\u00e9n tocaran parte de su repertorio musical Es un [&hellip;]\" \/>\n<meta property=\"og:url\" content=\"https:\/\/laprensacristiana.com\/?p=2980\" \/>\n<meta property=\"og:site_name\" content=\"La Prensa Cristiana\" \/>\n<meta property=\"article:published_time\" content=\"2017-06-13T20:28:59+00:00\" \/>\n<meta property=\"article:modified_time\" content=\"2020-07-02T00:43:14+00:00\" \/>\n<meta property=\"og:image\" content=\"https:\/\/laprensacristiana.com\/wp-content\/uploads\/2017\/06\/adoradores-ahora.jpg\" \/>\n\t<meta property=\"og:image:width\" content=\"839\" \/>\n\t<meta property=\"og:image:height\" content=\"625\" \/>\n\t<meta property=\"og:image:type\" content=\"image\/jpeg\" \/>\n<meta name=\"author\" content=\"EDITOR\" \/>\n<meta name=\"twitter:card\" content=\"summary_large_image\" \/>\n<meta name=\"twitter:label1\" content=\"Escrito por\" \/>\n\t<meta name=\"twitter:data1\" content=\"EDITOR\" \/>\n\t<meta name=\"twitter:label2\" content=\"Tiempo de lectura\" \/>\n\t<meta name=\"twitter:data2\" content=\"1 minuto\" \/>\n<script type=\"application\/ld+json\" class=\"yoast-schema-graph\">{\"@context\":\"https:\/\/schema.org\",\"@graph\":[{\"@type\":\"WebPage\",\"@id\":\"https:\/\/laprensacristiana.com\/?p=2980\",\"url\":\"https:\/\/laprensacristiana.com\/?p=2980\",\"name\":\"Thalles Roberto y Coalo Zamorano juntos en El Salvador - La Prensa Cristiana\",\"isPartOf\":{\"@id\":\"https:\/\/laprensacristiana.com\/#website\"},\"datePublished\":\"2017-06-13T20:28:59+00:00\",\"dateModified\":\"2020-07-02T00:43:14+00:00\",\"author\":{\"@id\":\"https:\/\/laprensacristiana.com\/#\/schema\/person\/3e7d82c6bfd6b1fa67010f8f7cd5256e\"},\"breadcrumb\":{\"@id\":\"https:\/\/laprensacristiana.com\/?p=2980#breadcrumb\"},\"inLanguage\":\"es\",\"potentialAction\":[{\"@type\":\"ReadAction\",\"target\":[\"https:\/\/laprensacristiana.com\/?p=2980\"]}]},{\"@type\":\"BreadcrumbList\",\"@id\":\"https:\/\/laprensacristiana.com\/?p=2980#breadcrumb\",\"itemListElement\":[{\"@type\":\"ListItem\",\"position\":1,\"name\":\"Portada\",\"item\":\"https:\/\/laprensacristiana.com\/\"},{\"@type\":\"ListItem\",\"position\":2,\"name\":\"Thalles Roberto y Coalo Zamorano juntos en El Salvador\"}]},{\"@type\":\"WebSite\",\"@id\":\"https:\/\/laprensacristiana.com\/#website\",\"url\":\"https:\/\/laprensacristiana.com\/\",\"name\":\"La Prensa Cristiana\",\"description\":\"Anunciando Las Buenas Nuevas\",\"potentialAction\":[{\"@type\":\"SearchAction\",\"target\":{\"@type\":\"EntryPoint\",\"urlTemplate\":\"https:\/\/laprensacristiana.com\/?s={search_term_string}\"},\"query-input\":\"required name=search_term_string\"}],\"inLanguage\":\"es\"},{\"@type\":\"Person\",\"@id\":\"https:\/\/laprensacristiana.com\/#\/schema\/person\/3e7d82c6bfd6b1fa67010f8f7cd5256e\",\"name\":\"EDITOR\",\"image\":{\"@type\":\"ImageObject\",\"inLanguage\":\"es\",\"@id\":\"https:\/\/laprensacristiana.com\/#\/schema\/person\/image\/\",\"url\":\"https:\/\/secure.gravatar.com\/avatar\/72069dfb6c13772d9e8381e3638666d2?s=96&d=mm&r=g\",\"contentUrl\":\"https:\/\/secure.gravatar.com\/avatar\/72069dfb6c13772d9e8381e3638666d2?s=96&d=mm&r=g\",\"caption\":\"EDITOR\"},\"url\":\"https:\/\/laprensacristiana.com\/?author=3\"}]}<\/script>\n<!-- \/ Yoast SEO plugin. -->","yoast_head_json":{"title":"Thalles Roberto y Coalo Zamorano juntos en El Salvador - La Prensa Cristiana","robots":{"index":"index","follow":"follow","max-snippet":"max-snippet:-1","max-image-preview":"max-image-preview:large","max-video-preview":"max-video-preview:-1"},"canonical":"https:\/\/laprensacristiana.com\/?p=2980","og_locale":"es_ES","og_type":"article","og_title":"Thalles Roberto y Coalo Zamorano juntos en El Salvador - La Prensa Cristiana","og_description":"El pr\u00f3ximo 30 de junio a partir de la una de la tarde estar\u00e1n los reconocidos salmistas Thalles Roberto y Coalo Zamorano en un hotel capitalino, en un congreso denominado \u201cAdoradores Ahora\u201d. Ambos salmistas estar\u00e1n exponiendo principios necesarios de conocer para tener una adecuada adoraci\u00f3n, pero tambi\u00e9n tocaran parte de su repertorio musical Es un [&hellip;]","og_url":"https:\/\/laprensacristiana.com\/?p=2980","og_site_name":"La Prensa Cristiana","article_published_time":"2017-06-13T20:28:59+00:00","article_modified_time":"2020-07-02T00:43:14+00:00","og_image":[{"width":839,"height":625,"url":"https:\/\/laprensacristiana.com\/wp-content\/uploads\/2017\/06\/adoradores-ahora.jpg","type":"image\/jpeg"}],"author":"EDITOR","twitter_card":"summary_large_image","twitter_misc":{"Escrito por":"EDITOR","Tiempo de lectura":"1 minuto"},"schema":{"@context":"https:\/\/schema.org","@graph":[{"@type":"WebPage","@id":"https:\/\/laprensacristiana.com\/?p=2980","url":"https:\/\/laprensacristiana.com\/?p=2980","name":"Thalles Roberto y Coalo Zamorano juntos en El Salvador - La Prensa Cristiana","isPartOf":{"@id":"https:\/\/laprensacristiana.com\/#website"},"datePublished":"2017-06-13T20:28:59+00:00","dateModified":"2020-07-02T00:43:14+00:00","author":{"@id":"https:\/\/laprensacristiana.com\/#\/schema\/person\/3e7d82c6bfd6b1fa67010f8f7cd5256e"},"breadcrumb":{"@id":"https:\/\/laprensacristiana.com\/?p=2980#breadcrumb"},"inLanguage":"es","potentialAction":[{"@type":"ReadAction","target":["https:\/\/laprensacristiana.com\/?p=2980"]}]},{"@type":"BreadcrumbList","@id":"https:\/\/laprensacristiana.com\/?p=2980#breadcrumb","itemListElement":[{"@type":"ListItem","position":1,"name":"Portada","item":"https:\/\/laprensacristiana.com\/"},{"@type":"ListItem","position":2,"name":"Thalles Roberto y Coalo Zamorano juntos en El Salvador"}]},{"@type":"WebSite","@id":"https:\/\/laprensacristiana.com\/#website","url":"https:\/\/laprensacristiana.com\/","name":"La Prensa Cristiana","description":"Anunciando Las Buenas Nuevas","potentialAction":[{"@type":"SearchAction","target":{"@type":"EntryPoint","urlTemplate":"https:\/\/laprensacristiana.com\/?s={search_term_string}"},"query-input":"required name=search_term_string"}],"inLanguage":"es"},{"@type":"Person","@id":"https:\/\/laprensacristiana.com\/#\/schema\/person\/3e7d82c6bfd6b1fa67010f8f7cd5256e","name":"EDITOR","image":{"@type":"ImageObject","inLanguage":"es","@id":"https:\/\/laprensacristiana.com\/#\/schema\/person\/image\/","url":"https:\/\/secure.gravatar.com\/avatar\/72069dfb6c13772d9e8381e3638666d2?s=96&d=mm&r=g","contentUrl":"https:\/\/secure.gravatar.com\/avatar\/72069dfb6c13772d9e8381e3638666d2?s=96&d=mm&r=g","caption":"EDITOR"},"url":"https:\/\/laprensacristiana.com\/?author=3"}]}},"_links":{"self":[{"href":"https:\/\/laprensacristiana.com\/index.php?rest_route=\/wp\/v2\/posts\/2980"}],"collection":[{"href":"https:\/\/laprensacristiana.com\/index.php?rest_route=\/wp\/v2\/posts"}],"about":[{"href":"https:\/\/laprensacristiana.com\/index.php?rest_route=\/wp\/v2\/types\/post"}],"author":[{"embeddable":true,"href":"https:\/\/laprensacristiana.com\/index.php?rest_route=\/wp\/v2\/users\/3"}],"replies":[{"embeddable":true,"href":"https:\/\/laprensacristiana.com\/index.php?rest_route=%2Fwp%2Fv2%2Fcomments&post=2980"}],"version-history":[{"count":1,"href":"https:\/\/laprensacristiana.com\/index.php?rest_route=\/wp\/v2\/posts\/2980\/revisions"}],"predecessor-version":[{"id":2982,"href":"https:\/\/laprensacristiana.com\/index.php?rest_route=\/wp\/v2\/posts\/2980\/revisions\/2982"}],"wp:featuredmedia":[{"embeddable":true,"href":"https:\/\/laprensacristiana.com\/index.php?rest_route=\/wp\/v2\/media\/2981"}],"wp:attachment":[{"href":"https:\/\/laprensacristiana.com\/index.php?rest_route=%2Fwp%2Fv2%2Fmedia&parent=2980"}],"wp:term":[{"taxonomy":"category","embeddable":true,"href":"https:\/\/laprensacristiana.com\/index.php?rest_route=%2Fwp%2Fv2%2Fcategories&post=2980"},{"taxonomy":"post_tag","embeddable":true,"href":"https:\/\/laprensacristiana.com\/index.php?rest_route=%2Fwp%2Fv2%2Ftags&post=2980"}],"curies":[{"name":"wp","href":"https:\/\/api.w.org\/{rel}","templated":true}]}}