{"id":2989,"date":"2017-06-19T16:22:39","date_gmt":"2017-06-19T16:22:39","guid":{"rendered":"https:\/\/laprensacristiana.com\/?p=2989"},"modified":"2020-07-02T00:42:46","modified_gmt":"2020-07-02T00:42:46","slug":"reflexion-de-la-fugaz-existencia-que-tendremos","status":"publish","type":"post","link":"https:\/\/laprensacristiana.com\/?p=2989","title":{"rendered":"Reflexi\u00f3n de la fugaz existencia que tendremos."},"content":{"rendered":"<p><em>POR JULY DE SOSA\u00a0<\/em><\/p>\n<p><em>\u201cEns\u00e9\u00f1anos a contar bien nuestros d\u00edas, para que nuestro coraz\u00f3n adquiera sabidur\u00eda\u201d.<\/em><\/p>\n<p><em>\u00a0As\u00ed, oro Mois\u00e9s a Dios, reconociendo lo fugaz de la vida.\u00a0 Pocos prestamos atenci\u00f3n a lo ef\u00edmera que es nuestra existencia.<\/em><\/p>\n<p><em>\u00a0La semana pasada acompa\u00f1e a una hermana en la fe en cristo, al funeral de su esposo. Y entre los comentarios que escuche, uno en particular llamo mi atenci\u00f3n, un amigo del que hab\u00eda muerto dijo: \u201cLo veo y creo que es mentira que este muerto\u201d. Ese comentario trajo velozmente a mi memoria el d\u00eda, que contemple por \u00faltima vez, el rostro de mi madre tras el vidrio de un ata\u00fad. En aquella hora oscura, yo, al igual que \u00e9l, pensaba \u201cesto no puede ser verdad\u201d lo cierto es que por mucho que nuestro coraz\u00f3n, pretenda enga\u00f1arnos moment\u00e1neamente, la raz\u00f3n grita que es verdad. Me complace totalmente como Dios mira nuestra muerte. Su palabra escrita declara: <strong>\u201cEstimada es a los ojos de Jehov\u00e1 la muerte de sus santos\u201d (Salmos 116:15).<\/strong> El tema de nuestra partida o la de un ser querido a la eternidad, forma parte de aquellos temas, que no queremos tocar, aun conociendo que tarde o temprano, a todos nos llegar\u00e1 ese d\u00eda, porque es parte del ciclo de la vida. <strong>Todo lo que nace un d\u00eda morir\u00e1<\/strong>. Considero importante que como creyentes del \u00fanico \u00a1Dios vivo! Entendamos esta realidad, pero no para angustiarnos, o entristecernos, sino m\u00e1s bien, para aprovechar los d\u00edas que Dios nos preste en este mundo, vivamos alegres con lo que tenemos y con lo que somos en cristo Jes\u00fas, dando nuestra mejor lucha cada d\u00eda, para vivir en armon\u00eda con todos. Perdonando sus faltas, y pidiendo perd\u00f3n por las nuestras. Ayud\u00e1ndonos los unos a los otros, con lo que este en nuestra mano hacerlo, sin esperar nada a cambio, respetando la identidad de cada quien, sin se\u00f1alar sus errores que a la par de los propios siempre lucir\u00e1n peque\u00f1os. Usemos el lenguaje de palabras que poseemos para decirle este y todos los d\u00edas, a nuestro c\u00f3nyuge hijos, o \u00a0dem\u00e1s familia, cuanto les amamos, y todo lo que suman a nuestra vida. Propongamos en nuestro coraz\u00f3n que el \u201cSol, no se ponga sobre nuestro enojo\u201d agradezcamos a Dios por todo lo bueno y lo no tan bueno, sin renegar por nada, descansando en <strong>la voluntad de Dios que es buena, agradable y perfecta. <\/strong>Decida cambiar en usted lo que necesite cambiar, para ser m\u00e1s feliz con usted mismo y con los que le rodean.\u00a0\u00a0 \u00a0\u00a0\u00a0<\/em><\/p>\n<p><em>\u00a0Aprovecho para darles una cita b\u00edblica, a todos aquellos, que al igual que yo, han sufrido la p\u00e9rdida de un ser querido, con el fin de que descansemos en el hecho que ellos, realmente est\u00e1n descansando<strong>. Eclesiast\u00e9s 9:5. Pero los muertos nada saben, porque su memoria fue puesta en modo de olvido. <\/strong>He escuchado decir que quienes, se emborrachan, o se drogan, lo hacen para olvidar sus penas, aunque ese modo de escape no es el adecuado, ciertamente hay ocasiones en las que necesitamos escapar de ellas y muchos a causa de las mismas decidieron quitarse la vida, porque su frustraci\u00f3n fue tal, que les ceg\u00f3 su razonamiento para encontrar otra salida. Frente a esta, realidad que todos enfrentamos de diferentes formas\u2026 Que maravilloso es conocer, que los muertos no recuerdan nada de este mundo, ellos, no sufren por nada, solo duermen esperando el d\u00eda del Se\u00f1or. El d\u00eda en el cual grandes y peque\u00f1os estaremos frente al tribunal de Cristo. Apocalipsis 20:11-12.<\/em><\/p>\n<p><em>\u00a1Viva feliz sus d\u00edas! recuerde que la vida solo se vive una vez, hay que aprovecharla, y disfrutar de todo lo bueno que Dios ya nos dio, al mostrarnos el camino a seguir.<\/em><\/p>\n","protected":false},"excerpt":{"rendered":"<p>POR JULY DE SOSA\u00a0 \u201cEns\u00e9\u00f1anos a contar bien nuestros d\u00edas, para que nuestro coraz\u00f3n adquiera sabidur\u00eda\u201d. \u00a0As\u00ed, oro Mois\u00e9s a Dios, reconociendo lo fugaz de la vida.\u00a0 Pocos prestamos atenci\u00f3n a lo ef\u00edmera que es nuestra existencia. \u00a0La semana pasada acompa\u00f1e a una hermana en la fe en cristo, al funeral de su esposo. Y [&hellip;]<\/p>\n","protected":false},"author":3,"featured_media":2400,"comment_status":"open","ping_status":"open","sticky":false,"template":"","format":"standard","meta":[],"categories":[36],"tags":[],"yoast_head":"<!-- This site is optimized with the Yoast SEO plugin v20.8 - https:\/\/yoast.com\/wordpress\/plugins\/seo\/ -->\n<title>Reflexi\u00f3n de la fugaz existencia que tendremos. - La Prensa Cristiana<\/title>\n<meta name=\"robots\" content=\"index, follow, max-snippet:-1, max-image-preview:large, max-video-preview:-1\" \/>\n<link rel=\"canonical\" href=\"https:\/\/laprensacristiana.com\/?p=2989\" \/>\n<meta property=\"og:locale\" content=\"es_ES\" \/>\n<meta property=\"og:type\" content=\"article\" \/>\n<meta property=\"og:title\" content=\"Reflexi\u00f3n de la fugaz existencia que tendremos. - La Prensa Cristiana\" \/>\n<meta property=\"og:description\" content=\"POR JULY DE SOSA\u00a0 \u201cEns\u00e9\u00f1anos a contar bien nuestros d\u00edas, para que nuestro coraz\u00f3n adquiera sabidur\u00eda\u201d. \u00a0As\u00ed, oro Mois\u00e9s a Dios, reconociendo lo fugaz de la vida.\u00a0 Pocos prestamos atenci\u00f3n a lo ef\u00edmera que es nuestra existencia. \u00a0La semana pasada acompa\u00f1e a una hermana en la fe en cristo, al funeral de su esposo. Y [&hellip;]\" \/>\n<meta property=\"og:url\" content=\"https:\/\/laprensacristiana.com\/?p=2989\" \/>\n<meta property=\"og:site_name\" content=\"La Prensa Cristiana\" \/>\n<meta property=\"article:published_time\" content=\"2017-06-19T16:22:39+00:00\" \/>\n<meta property=\"article:modified_time\" content=\"2020-07-02T00:42:46+00:00\" \/>\n<meta property=\"og:image\" content=\"https:\/\/laprensacristiana.com\/wp-content\/uploads\/2017\/02\/JULY-LPG-2017.jpg\" \/>\n\t<meta property=\"og:image:width\" content=\"1240\" \/>\n\t<meta property=\"og:image:height\" content=\"692\" \/>\n\t<meta property=\"og:image:type\" content=\"image\/jpeg\" \/>\n<meta name=\"author\" content=\"EDITOR\" \/>\n<meta name=\"twitter:card\" content=\"summary_large_image\" \/>\n<meta name=\"twitter:label1\" content=\"Escrito por\" \/>\n\t<meta name=\"twitter:data1\" content=\"EDITOR\" \/>\n\t<meta name=\"twitter:label2\" content=\"Tiempo de lectura\" \/>\n\t<meta name=\"twitter:data2\" content=\"3 minutos\" \/>\n<script type=\"application\/ld+json\" class=\"yoast-schema-graph\">{\"@context\":\"https:\/\/schema.org\",\"@graph\":[{\"@type\":\"WebPage\",\"@id\":\"https:\/\/laprensacristiana.com\/?p=2989\",\"url\":\"https:\/\/laprensacristiana.com\/?p=2989\",\"name\":\"Reflexi\u00f3n de la fugaz existencia que tendremos. - La Prensa Cristiana\",\"isPartOf\":{\"@id\":\"https:\/\/laprensacristiana.com\/#website\"},\"datePublished\":\"2017-06-19T16:22:39+00:00\",\"dateModified\":\"2020-07-02T00:42:46+00:00\",\"author\":{\"@id\":\"https:\/\/laprensacristiana.com\/#\/schema\/person\/3e7d82c6bfd6b1fa67010f8f7cd5256e\"},\"breadcrumb\":{\"@id\":\"https:\/\/laprensacristiana.com\/?p=2989#breadcrumb\"},\"inLanguage\":\"es\",\"potentialAction\":[{\"@type\":\"ReadAction\",\"target\":[\"https:\/\/laprensacristiana.com\/?p=2989\"]}]},{\"@type\":\"BreadcrumbList\",\"@id\":\"https:\/\/laprensacristiana.com\/?p=2989#breadcrumb\",\"itemListElement\":[{\"@type\":\"ListItem\",\"position\":1,\"name\":\"Portada\",\"item\":\"https:\/\/laprensacristiana.com\/\"},{\"@type\":\"ListItem\",\"position\":2,\"name\":\"Reflexi\u00f3n de la fugaz existencia que tendremos.\"}]},{\"@type\":\"WebSite\",\"@id\":\"https:\/\/laprensacristiana.com\/#website\",\"url\":\"https:\/\/laprensacristiana.com\/\",\"name\":\"La Prensa Cristiana\",\"description\":\"Anunciando Las Buenas Nuevas\",\"potentialAction\":[{\"@type\":\"SearchAction\",\"target\":{\"@type\":\"EntryPoint\",\"urlTemplate\":\"https:\/\/laprensacristiana.com\/?s={search_term_string}\"},\"query-input\":\"required name=search_term_string\"}],\"inLanguage\":\"es\"},{\"@type\":\"Person\",\"@id\":\"https:\/\/laprensacristiana.com\/#\/schema\/person\/3e7d82c6bfd6b1fa67010f8f7cd5256e\",\"name\":\"EDITOR\",\"image\":{\"@type\":\"ImageObject\",\"inLanguage\":\"es\",\"@id\":\"https:\/\/laprensacristiana.com\/#\/schema\/person\/image\/\",\"url\":\"https:\/\/secure.gravatar.com\/avatar\/72069dfb6c13772d9e8381e3638666d2?s=96&d=mm&r=g\",\"contentUrl\":\"https:\/\/secure.gravatar.com\/avatar\/72069dfb6c13772d9e8381e3638666d2?s=96&d=mm&r=g\",\"caption\":\"EDITOR\"},\"url\":\"https:\/\/laprensacristiana.com\/?author=3\"}]}<\/script>\n<!-- \/ Yoast SEO plugin. -->","yoast_head_json":{"title":"Reflexi\u00f3n de la fugaz existencia que tendremos. - La Prensa Cristiana","robots":{"index":"index","follow":"follow","max-snippet":"max-snippet:-1","max-image-preview":"max-image-preview:large","max-video-preview":"max-video-preview:-1"},"canonical":"https:\/\/laprensacristiana.com\/?p=2989","og_locale":"es_ES","og_type":"article","og_title":"Reflexi\u00f3n de la fugaz existencia que tendremos. - La Prensa Cristiana","og_description":"POR JULY DE SOSA\u00a0 \u201cEns\u00e9\u00f1anos a contar bien nuestros d\u00edas, para que nuestro coraz\u00f3n adquiera sabidur\u00eda\u201d. \u00a0As\u00ed, oro Mois\u00e9s a Dios, reconociendo lo fugaz de la vida.\u00a0 Pocos prestamos atenci\u00f3n a lo ef\u00edmera que es nuestra existencia. \u00a0La semana pasada acompa\u00f1e a una hermana en la fe en cristo, al funeral de su esposo. Y [&hellip;]","og_url":"https:\/\/laprensacristiana.com\/?p=2989","og_site_name":"La Prensa Cristiana","article_published_time":"2017-06-19T16:22:39+00:00","article_modified_time":"2020-07-02T00:42:46+00:00","og_image":[{"width":1240,"height":692,"url":"https:\/\/laprensacristiana.com\/wp-content\/uploads\/2017\/02\/JULY-LPG-2017.jpg","type":"image\/jpeg"}],"author":"EDITOR","twitter_card":"summary_large_image","twitter_misc":{"Escrito por":"EDITOR","Tiempo de lectura":"3 minutos"},"schema":{"@context":"https:\/\/schema.org","@graph":[{"@type":"WebPage","@id":"https:\/\/laprensacristiana.com\/?p=2989","url":"https:\/\/laprensacristiana.com\/?p=2989","name":"Reflexi\u00f3n de la fugaz existencia que tendremos. - La Prensa Cristiana","isPartOf":{"@id":"https:\/\/laprensacristiana.com\/#website"},"datePublished":"2017-06-19T16:22:39+00:00","dateModified":"2020-07-02T00:42:46+00:00","author":{"@id":"https:\/\/laprensacristiana.com\/#\/schema\/person\/3e7d82c6bfd6b1fa67010f8f7cd5256e"},"breadcrumb":{"@id":"https:\/\/laprensacristiana.com\/?p=2989#breadcrumb"},"inLanguage":"es","potentialAction":[{"@type":"ReadAction","target":["https:\/\/laprensacristiana.com\/?p=2989"]}]},{"@type":"BreadcrumbList","@id":"https:\/\/laprensacristiana.com\/?p=2989#breadcrumb","itemListElement":[{"@type":"ListItem","position":1,"name":"Portada","item":"https:\/\/laprensacristiana.com\/"},{"@type":"ListItem","position":2,"name":"Reflexi\u00f3n de la fugaz existencia que tendremos."}]},{"@type":"WebSite","@id":"https:\/\/laprensacristiana.com\/#website","url":"https:\/\/laprensacristiana.com\/","name":"La Prensa Cristiana","description":"Anunciando Las Buenas Nuevas","potentialAction":[{"@type":"SearchAction","target":{"@type":"EntryPoint","urlTemplate":"https:\/\/laprensacristiana.com\/?s={search_term_string}"},"query-input":"required name=search_term_string"}],"inLanguage":"es"},{"@type":"Person","@id":"https:\/\/laprensacristiana.com\/#\/schema\/person\/3e7d82c6bfd6b1fa67010f8f7cd5256e","name":"EDITOR","image":{"@type":"ImageObject","inLanguage":"es","@id":"https:\/\/laprensacristiana.com\/#\/schema\/person\/image\/","url":"https:\/\/secure.gravatar.com\/avatar\/72069dfb6c13772d9e8381e3638666d2?s=96&d=mm&r=g","contentUrl":"https:\/\/secure.gravatar.com\/avatar\/72069dfb6c13772d9e8381e3638666d2?s=96&d=mm&r=g","caption":"EDITOR"},"url":"https:\/\/laprensacristiana.com\/?author=3"}]}},"_links":{"self":[{"href":"https:\/\/laprensacristiana.com\/index.php?rest_route=\/wp\/v2\/posts\/2989"}],"collection":[{"href":"https:\/\/laprensacristiana.com\/index.php?rest_route=\/wp\/v2\/posts"}],"about":[{"href":"https:\/\/laprensacristiana.com\/index.php?rest_route=\/wp\/v2\/types\/post"}],"author":[{"embeddable":true,"href":"https:\/\/laprensacristiana.com\/index.php?rest_route=\/wp\/v2\/users\/3"}],"replies":[{"embeddable":true,"href":"https:\/\/laprensacristiana.com\/index.php?rest_route=%2Fwp%2Fv2%2Fcomments&post=2989"}],"version-history":[{"count":1,"href":"https:\/\/laprensacristiana.com\/index.php?rest_route=\/wp\/v2\/posts\/2989\/revisions"}],"predecessor-version":[{"id":2990,"href":"https:\/\/laprensacristiana.com\/index.php?rest_route=\/wp\/v2\/posts\/2989\/revisions\/2990"}],"wp:featuredmedia":[{"embeddable":true,"href":"https:\/\/laprensacristiana.com\/index.php?rest_route=\/wp\/v2\/media\/2400"}],"wp:attachment":[{"href":"https:\/\/laprensacristiana.com\/index.php?rest_route=%2Fwp%2Fv2%2Fmedia&parent=2989"}],"wp:term":[{"taxonomy":"category","embeddable":true,"href":"https:\/\/laprensacristiana.com\/index.php?rest_route=%2Fwp%2Fv2%2Fcategories&post=2989"},{"taxonomy":"post_tag","embeddable":true,"href":"https:\/\/laprensacristiana.com\/index.php?rest_route=%2Fwp%2Fv2%2Ftags&post=2989"}],"curies":[{"name":"wp","href":"https:\/\/api.w.org\/{rel}","templated":true}]}}