{"id":2995,"date":"2017-06-24T19:54:49","date_gmt":"2017-06-24T19:54:49","guid":{"rendered":"https:\/\/laprensacristiana.com\/?p=2995"},"modified":"2020-07-02T00:39:47","modified_gmt":"2020-07-02T00:39:47","slug":"mision-cristiana-elim-zacatecoluca-celebro-30-anos-de-existencia","status":"publish","type":"post","link":"https:\/\/laprensacristiana.com\/?p=2995","title":{"rendered":"Misi\u00f3n Cristiana Elim Zacatecoluca celebr\u00f3 30 a\u00f1os de existencia"},"content":{"rendered":"<p>El pasado jueves 22 de junio, la Iglesia Elim filial Zacatecoluca realiz\u00f3 un culto de acci\u00f3n de gracias por el cumplimiento de 30 a\u00f1os de existencia en la ciudad virole\u00f1a.<\/p>\n<p>Al filo de las seis de la tarde dio inicio la emotiva celebraci\u00f3n a la cual se dieron cita los miembros de la congregaci\u00f3n y contaron con la grata visita de los fundadores de Misi\u00f3n Cristiana Elim central quienes en el a\u00f1o 76 fueron los precursores de esta mega iglesia que no solo tiene presencia en El Salvador sino tambi\u00e9n a nivel mundial. En el evento fueron reconocidos por su valiosa labor y por haber cre\u00eddo en una obra que a\u00f1os despu\u00e9s cobrar\u00eda gran fuerza, son los hermanos Luis Mejia Miranda, Eugenio Y Carmen Viscarra, Carlos e Ilsa de Ramos, \u201cDamos gracias a Dios porque fuimos instrumentos in\u00fatiles, pero que \u00c9L supo utilizarnos para que El Salvador pudiera ser bendecido con una obra como lo es Elim, este trabajo no es nuestro, sali\u00f3 del coraz\u00f3n de Dios como un regalo para los salvadore\u00f1os, y debemos de amar, cuidar y trabajar en extender el Reino de Dios en este y otros pa\u00edses. Expres\u00f3 el hermano Luis Mej\u00eda Miranda.<\/p>\n<p>Elim Zacatecoluca es liderada desde hace 19 a\u00f1os por el pastor Omar Diaz junto con su esposa Ana Gladis de Diaz, quienes tienen una frase caracter\u00edstica \u201cSeguimos adelante porque Dios est\u00e1 en su trono\u201d, \u00a0seg\u00fan sus palabras estar al frente de la iglesia ha representado una oportunidad de crecer y ayudar, es ver el sue\u00f1o de Dios cumplido en las personas expres\u00f3 el pastor Diaz. Se mostr\u00f3 agradecido por todo lo que ha acontecido durante este tiempo y sorprendido por la fidelidad de Dios en su ministerio y del impacto que generan y representan para la ciudad.<\/p>\n<p>&nbsp;<\/p>\n<figure id=\"attachment_2997\" aria-describedby=\"caption-attachment-2997\" style=\"width: 2448px\" class=\"wp-caption alignnone\"><img decoding=\"async\" loading=\"lazy\" class=\"size-full wp-image-2997\" src=\"https:\/\/laprensacristiana.com\/wp-content\/uploads\/2017\/06\/foto-zacatecoluca.jpg\" alt=\"Pastor Omar Diaz y esposa\" width=\"2448\" height=\"1788\" srcset=\"https:\/\/laprensacristiana.com\/wp-content\/uploads\/2017\/06\/foto-zacatecoluca.jpg 2448w, https:\/\/laprensacristiana.com\/wp-content\/uploads\/2017\/06\/foto-zacatecoluca-600x438.jpg 600w, https:\/\/laprensacristiana.com\/wp-content\/uploads\/2017\/06\/foto-zacatecoluca-300x219.jpg 300w, https:\/\/laprensacristiana.com\/wp-content\/uploads\/2017\/06\/foto-zacatecoluca-768x561.jpg 768w, https:\/\/laprensacristiana.com\/wp-content\/uploads\/2017\/06\/foto-zacatecoluca-1024x748.jpg 1024w, https:\/\/laprensacristiana.com\/wp-content\/uploads\/2017\/06\/foto-zacatecoluca-696x508.jpg 696w, https:\/\/laprensacristiana.com\/wp-content\/uploads\/2017\/06\/foto-zacatecoluca-1068x780.jpg 1068w, https:\/\/laprensacristiana.com\/wp-content\/uploads\/2017\/06\/foto-zacatecoluca-575x420.jpg 575w\" sizes=\"(max-width: 2448px) 100vw, 2448px\" \/><figcaption id=\"caption-attachment-2997\" class=\"wp-caption-text\">Pastor Omar Diaz y esposa Ana Gladis de Diaz<\/figcaption><\/figure>\n<p><strong>HISTORIA ELIM ZACATECOLUCA<\/strong><\/p>\n<p>En 1987 durante el desarrollo de una vigilia en Elim San Salvador se realiz\u00f3 un encuentro no programado entre hermanos de Elim La Herradura y un lugare\u00f1o de Zacatecoluca quien les mostr\u00f3 inter\u00e9s en abrir c\u00e9lulas en la ciudad ofreciendo su hogar para hacerlo.<\/p>\n<p>El Hno. Santiago El\u00edas se lo comenta al\u00a0Pastor\u00a0Carlos Bonilla Aguirre\u00a0(pastor\u00a0responsable de la obra en La Herradura) quien con un grupo de hermanos de La Herradura iniciaron el trabajo en junio de 1987 (Jos\u00e9 Romero, Santiago El\u00edas, la fundadora de Elim La Herradura Mar\u00eda \u00c1ngela Rivas y Rigoberto Ventura)<\/p>\n<p>Posteriormente Hno. Bonilla Aguirre viaj\u00f3 al Canad\u00e1 con toda su familia entregando la Iglesia a Elim central y el\u00a0Pastor\u00a0Juan A. Najarro la atendi\u00f3 por dos meses hasta que designaron a un supervisor de la zona del pastor\u00a0Juan Guzm\u00e1n es decir al Hno. Roberto Grande quien por nueve a\u00f1os la pastore\u00f3 finalizando el 11 de mayo de 1998, posteriormente la obra pas\u00f3 cinco meses sin\u00a0pastor\u00a0siendo el d\u00eda 24 de octubre de 1998 el d\u00eda de la delegaci\u00f3n al\u00a0Pastor\u00a0Omar D\u00edaz.<\/p>\n<p>La historia contin\u00faa y han honrado los nombres de sus protagonistas iniciales&#8230;<br \/>\nPosteriormente esta congregaci\u00f3n ha sido madre de las filiales de Misi\u00f3n Cristiana Elim en San Luis Talpa, Santa Mar\u00eda Ostuma, Santiago Nonualco en el Departamento de La Paz El Salvador, y Tecoluca Departamento de San Vicente, El Salvador.<\/p>\n<p><strong>UNA NUEVA CELEBRACI\u00d3N<\/strong><\/p>\n<p>Para el mes de noviembre han programado \u00a0toda una semana para hacer extensiva la celebraci\u00f3n a la ciudad, del\u00a0 20 al 26 de noviembre, en la cual de lunes a s\u00e1bado estar\u00e1n al cierre de cada d\u00eda con actividades en la iglesia y en la c\u00e9lulas contando con la participaci\u00f3n de diversos invitados especiales, finalizando \u00a0el domingo 26, traslad\u00e1ndose al parque Nicol\u00e1s Pe\u00f1a, con la participaci\u00f3n musical del cantante Gadiel Espinoza y la palabra de Dios con el pastor general de Misi\u00f3n Cristiana Elim Mario Vega.<\/p>\n","protected":false},"excerpt":{"rendered":"<p>El pasado jueves 22 de junio, la Iglesia Elim filial Zacatecoluca realiz\u00f3 un culto de acci\u00f3n de gracias por el cumplimiento de 30 a\u00f1os de existencia en la ciudad virole\u00f1a. Al filo de las seis de la tarde dio inicio la emotiva celebraci\u00f3n a la cual se dieron cita los miembros de la congregaci\u00f3n y [&hellip;]<\/p>\n","protected":false},"author":3,"featured_media":2998,"comment_status":"open","ping_status":"open","sticky":false,"template":"","format":"standard","meta":[],"categories":[56],"tags":[],"yoast_head":"<!-- This site is optimized with the Yoast SEO plugin v20.8 - https:\/\/yoast.com\/wordpress\/plugins\/seo\/ -->\n<title>Misi\u00f3n Cristiana Elim Zacatecoluca celebr\u00f3 30 a\u00f1os de existencia - La Prensa Cristiana<\/title>\n<meta name=\"robots\" content=\"index, follow, max-snippet:-1, max-image-preview:large, max-video-preview:-1\" \/>\n<link rel=\"canonical\" href=\"https:\/\/laprensacristiana.com\/?p=2995\" \/>\n<meta property=\"og:locale\" content=\"es_ES\" \/>\n<meta property=\"og:type\" content=\"article\" \/>\n<meta property=\"og:title\" content=\"Misi\u00f3n Cristiana Elim Zacatecoluca celebr\u00f3 30 a\u00f1os de existencia - La Prensa Cristiana\" \/>\n<meta property=\"og:description\" content=\"El pasado jueves 22 de junio, la Iglesia Elim filial Zacatecoluca realiz\u00f3 un culto de acci\u00f3n de gracias por el cumplimiento de 30 a\u00f1os de existencia en la ciudad virole\u00f1a. Al filo de las seis de la tarde dio inicio la emotiva celebraci\u00f3n a la cual se dieron cita los miembros de la congregaci\u00f3n y [&hellip;]\" \/>\n<meta property=\"og:url\" content=\"https:\/\/laprensacristiana.com\/?p=2995\" \/>\n<meta property=\"og:site_name\" content=\"La Prensa Cristiana\" \/>\n<meta property=\"article:published_time\" content=\"2017-06-24T19:54:49+00:00\" \/>\n<meta property=\"article:modified_time\" content=\"2020-07-02T00:39:47+00:00\" \/>\n<meta property=\"og:image\" content=\"https:\/\/laprensacristiana.com\/wp-content\/uploads\/2017\/06\/foto-zacatecoluca-1-scaled.jpg\" \/>\n\t<meta property=\"og:image:width\" content=\"2560\" \/>\n\t<meta property=\"og:image:height\" content=\"1404\" \/>\n\t<meta property=\"og:image:type\" content=\"image\/jpeg\" \/>\n<meta name=\"author\" content=\"EDITOR\" \/>\n<meta name=\"twitter:card\" content=\"summary_large_image\" \/>\n<meta name=\"twitter:label1\" content=\"Escrito por\" \/>\n\t<meta name=\"twitter:data1\" content=\"EDITOR\" \/>\n\t<meta name=\"twitter:label2\" content=\"Tiempo de lectura\" \/>\n\t<meta name=\"twitter:data2\" content=\"3 minutos\" \/>\n<script type=\"application\/ld+json\" class=\"yoast-schema-graph\">{\"@context\":\"https:\/\/schema.org\",\"@graph\":[{\"@type\":\"WebPage\",\"@id\":\"https:\/\/laprensacristiana.com\/?p=2995\",\"url\":\"https:\/\/laprensacristiana.com\/?p=2995\",\"name\":\"Misi\u00f3n Cristiana Elim Zacatecoluca celebr\u00f3 30 a\u00f1os de existencia - La Prensa Cristiana\",\"isPartOf\":{\"@id\":\"https:\/\/laprensacristiana.com\/#website\"},\"datePublished\":\"2017-06-24T19:54:49+00:00\",\"dateModified\":\"2020-07-02T00:39:47+00:00\",\"author\":{\"@id\":\"https:\/\/laprensacristiana.com\/#\/schema\/person\/3e7d82c6bfd6b1fa67010f8f7cd5256e\"},\"breadcrumb\":{\"@id\":\"https:\/\/laprensacristiana.com\/?p=2995#breadcrumb\"},\"inLanguage\":\"es\",\"potentialAction\":[{\"@type\":\"ReadAction\",\"target\":[\"https:\/\/laprensacristiana.com\/?p=2995\"]}]},{\"@type\":\"BreadcrumbList\",\"@id\":\"https:\/\/laprensacristiana.com\/?p=2995#breadcrumb\",\"itemListElement\":[{\"@type\":\"ListItem\",\"position\":1,\"name\":\"Portada\",\"item\":\"https:\/\/laprensacristiana.com\/\"},{\"@type\":\"ListItem\",\"position\":2,\"name\":\"Misi\u00f3n Cristiana Elim Zacatecoluca celebr\u00f3 30 a\u00f1os de existencia\"}]},{\"@type\":\"WebSite\",\"@id\":\"https:\/\/laprensacristiana.com\/#website\",\"url\":\"https:\/\/laprensacristiana.com\/\",\"name\":\"La Prensa Cristiana\",\"description\":\"Anunciando Las Buenas Nuevas\",\"potentialAction\":[{\"@type\":\"SearchAction\",\"target\":{\"@type\":\"EntryPoint\",\"urlTemplate\":\"https:\/\/laprensacristiana.com\/?s={search_term_string}\"},\"query-input\":\"required name=search_term_string\"}],\"inLanguage\":\"es\"},{\"@type\":\"Person\",\"@id\":\"https:\/\/laprensacristiana.com\/#\/schema\/person\/3e7d82c6bfd6b1fa67010f8f7cd5256e\",\"name\":\"EDITOR\",\"image\":{\"@type\":\"ImageObject\",\"inLanguage\":\"es\",\"@id\":\"https:\/\/laprensacristiana.com\/#\/schema\/person\/image\/\",\"url\":\"https:\/\/secure.gravatar.com\/avatar\/72069dfb6c13772d9e8381e3638666d2?s=96&d=mm&r=g\",\"contentUrl\":\"https:\/\/secure.gravatar.com\/avatar\/72069dfb6c13772d9e8381e3638666d2?s=96&d=mm&r=g\",\"caption\":\"EDITOR\"},\"url\":\"https:\/\/laprensacristiana.com\/?author=3\"}]}<\/script>\n<!-- \/ Yoast SEO plugin. -->","yoast_head_json":{"title":"Misi\u00f3n Cristiana Elim Zacatecoluca celebr\u00f3 30 a\u00f1os de existencia - La Prensa Cristiana","robots":{"index":"index","follow":"follow","max-snippet":"max-snippet:-1","max-image-preview":"max-image-preview:large","max-video-preview":"max-video-preview:-1"},"canonical":"https:\/\/laprensacristiana.com\/?p=2995","og_locale":"es_ES","og_type":"article","og_title":"Misi\u00f3n Cristiana Elim Zacatecoluca celebr\u00f3 30 a\u00f1os de existencia - La Prensa Cristiana","og_description":"El pasado jueves 22 de junio, la Iglesia Elim filial Zacatecoluca realiz\u00f3 un culto de acci\u00f3n de gracias por el cumplimiento de 30 a\u00f1os de existencia en la ciudad virole\u00f1a. Al filo de las seis de la tarde dio inicio la emotiva celebraci\u00f3n a la cual se dieron cita los miembros de la congregaci\u00f3n y [&hellip;]","og_url":"https:\/\/laprensacristiana.com\/?p=2995","og_site_name":"La Prensa Cristiana","article_published_time":"2017-06-24T19:54:49+00:00","article_modified_time":"2020-07-02T00:39:47+00:00","og_image":[{"width":2560,"height":1404,"url":"https:\/\/laprensacristiana.com\/wp-content\/uploads\/2017\/06\/foto-zacatecoluca-1-scaled.jpg","type":"image\/jpeg"}],"author":"EDITOR","twitter_card":"summary_large_image","twitter_misc":{"Escrito por":"EDITOR","Tiempo de lectura":"3 minutos"},"schema":{"@context":"https:\/\/schema.org","@graph":[{"@type":"WebPage","@id":"https:\/\/laprensacristiana.com\/?p=2995","url":"https:\/\/laprensacristiana.com\/?p=2995","name":"Misi\u00f3n Cristiana Elim Zacatecoluca celebr\u00f3 30 a\u00f1os de existencia - La Prensa Cristiana","isPartOf":{"@id":"https:\/\/laprensacristiana.com\/#website"},"datePublished":"2017-06-24T19:54:49+00:00","dateModified":"2020-07-02T00:39:47+00:00","author":{"@id":"https:\/\/laprensacristiana.com\/#\/schema\/person\/3e7d82c6bfd6b1fa67010f8f7cd5256e"},"breadcrumb":{"@id":"https:\/\/laprensacristiana.com\/?p=2995#breadcrumb"},"inLanguage":"es","potentialAction":[{"@type":"ReadAction","target":["https:\/\/laprensacristiana.com\/?p=2995"]}]},{"@type":"BreadcrumbList","@id":"https:\/\/laprensacristiana.com\/?p=2995#breadcrumb","itemListElement":[{"@type":"ListItem","position":1,"name":"Portada","item":"https:\/\/laprensacristiana.com\/"},{"@type":"ListItem","position":2,"name":"Misi\u00f3n Cristiana Elim Zacatecoluca celebr\u00f3 30 a\u00f1os de existencia"}]},{"@type":"WebSite","@id":"https:\/\/laprensacristiana.com\/#website","url":"https:\/\/laprensacristiana.com\/","name":"La Prensa Cristiana","description":"Anunciando Las Buenas Nuevas","potentialAction":[{"@type":"SearchAction","target":{"@type":"EntryPoint","urlTemplate":"https:\/\/laprensacristiana.com\/?s={search_term_string}"},"query-input":"required name=search_term_string"}],"inLanguage":"es"},{"@type":"Person","@id":"https:\/\/laprensacristiana.com\/#\/schema\/person\/3e7d82c6bfd6b1fa67010f8f7cd5256e","name":"EDITOR","image":{"@type":"ImageObject","inLanguage":"es","@id":"https:\/\/laprensacristiana.com\/#\/schema\/person\/image\/","url":"https:\/\/secure.gravatar.com\/avatar\/72069dfb6c13772d9e8381e3638666d2?s=96&d=mm&r=g","contentUrl":"https:\/\/secure.gravatar.com\/avatar\/72069dfb6c13772d9e8381e3638666d2?s=96&d=mm&r=g","caption":"EDITOR"},"url":"https:\/\/laprensacristiana.com\/?author=3"}]}},"_links":{"self":[{"href":"https:\/\/laprensacristiana.com\/index.php?rest_route=\/wp\/v2\/posts\/2995"}],"collection":[{"href":"https:\/\/laprensacristiana.com\/index.php?rest_route=\/wp\/v2\/posts"}],"about":[{"href":"https:\/\/laprensacristiana.com\/index.php?rest_route=\/wp\/v2\/types\/post"}],"author":[{"embeddable":true,"href":"https:\/\/laprensacristiana.com\/index.php?rest_route=\/wp\/v2\/users\/3"}],"replies":[{"embeddable":true,"href":"https:\/\/laprensacristiana.com\/index.php?rest_route=%2Fwp%2Fv2%2Fcomments&post=2995"}],"version-history":[{"count":3,"href":"https:\/\/laprensacristiana.com\/index.php?rest_route=\/wp\/v2\/posts\/2995\/revisions"}],"predecessor-version":[{"id":3001,"href":"https:\/\/laprensacristiana.com\/index.php?rest_route=\/wp\/v2\/posts\/2995\/revisions\/3001"}],"wp:featuredmedia":[{"embeddable":true,"href":"https:\/\/laprensacristiana.com\/index.php?rest_route=\/wp\/v2\/media\/2998"}],"wp:attachment":[{"href":"https:\/\/laprensacristiana.com\/index.php?rest_route=%2Fwp%2Fv2%2Fmedia&parent=2995"}],"wp:term":[{"taxonomy":"category","embeddable":true,"href":"https:\/\/laprensacristiana.com\/index.php?rest_route=%2Fwp%2Fv2%2Fcategories&post=2995"},{"taxonomy":"post_tag","embeddable":true,"href":"https:\/\/laprensacristiana.com\/index.php?rest_route=%2Fwp%2Fv2%2Ftags&post=2995"}],"curies":[{"name":"wp","href":"https:\/\/api.w.org\/{rel}","templated":true}]}}