{"id":3002,"date":"2017-06-25T22:45:33","date_gmt":"2017-06-25T22:45:33","guid":{"rendered":"https:\/\/laprensacristiana.com\/?p=3002"},"modified":"2020-07-02T00:39:37","modified_gmt":"2020-07-02T00:39:37","slug":"celebran-conferencia-para-hombres-yo-soy-de-cristo","status":"publish","type":"post","link":"https:\/\/laprensacristiana.com\/?p=3002","title":{"rendered":"Celebran conferencia para hombres \u201cYO SOY DE CRISTO\u201d"},"content":{"rendered":"<p>El pasado s\u00e1bado 24 de junio, en horas de la tarde, se llev\u00f3 acabo la conferencia para hombres \u201cYo Soy de Cristo\u201d, el evento fue realizado por el ministerio Hombres que Bendicen de la Iglesia Casa de Bendici\u00f3n en un hotel capitalino.<\/p>\n<p>Contaron con la participaci\u00f3n desde Nigeria, Africa del pastor Isaiah Obamwomji quien fue uno de los ponentes, el cual recalc\u00f3 la importancia de entender que el Gran Yo Soy habita en la vida de cada ser humano para usarle en todas las \u00e1reas de la vida pero con el respaldo del Esp\u00edritu Santo, lo que garantiza una vida plena.<\/p>\n<p>En otra de las plenarias se enmarco que el hombre es uno con Dios y \u00e9l ha depositado en el ser humano su poder, seg\u00fan palabras del Dr. Oscar Rodr\u00edguez, pastor general de la Iglesia Casa de Bendici\u00f3n \u201cTodo, todo lo que soy es para la gloria de Mi Padre, as\u00ed me form\u00f3, as\u00ed me cre\u00f3, as\u00ed me volvi\u00f3 en \u00c9l y a\u00fan sigue trabajando en m\u00ed, yo soy obediente a la voluntad de mi padre, por lo que digo, hago y sucede en mi ser, una vida saludable, pr\u00f3spera, abundante, feliz sana, dichosa, plena para Su Gloria, yo soy hijo de Dios\u201d expres\u00f3 el pastor Rodr\u00edguez.<\/p>\n<p>Parte de la idea al realizar este evento era la posibilidad que aquellos que est\u00e1n dentro del evangelio y su padre biol\u00f3gico no lo est\u00e1, tuviera la oportunidad de llevarlo al evento y ah\u00ed presentarle el mensaje del evangelio, lo que permiti\u00f3 que algunos de los oyentes conocieran de Dios a traves de esta conferencia, sumado a la riqueza espiritual y el fortalecimiento de la fe que represento para los ah\u00ed presentes seg\u00fan comentarios de uno de los asistentes<\/p>\n<p>La conferencia para hombres es realizada cada a\u00f1o en el mes de junio.<\/p>\n","protected":false},"excerpt":{"rendered":"<p>El pasado s\u00e1bado 24 de junio, en horas de la tarde, se llev\u00f3 acabo la conferencia para hombres \u201cYo Soy de Cristo\u201d, el evento fue realizado por el ministerio Hombres que Bendicen de la Iglesia Casa de Bendici\u00f3n en un hotel capitalino. Contaron con la participaci\u00f3n desde Nigeria, Africa del pastor Isaiah Obamwomji quien fue [&hellip;]<\/p>\n","protected":false},"author":3,"featured_media":3003,"comment_status":"open","ping_status":"open","sticky":false,"template":"","format":"standard","meta":[],"categories":[56],"tags":[],"yoast_head":"<!-- This site is optimized with the Yoast SEO plugin v20.8 - https:\/\/yoast.com\/wordpress\/plugins\/seo\/ -->\n<title>Celebran conferencia para hombres \u201cYO SOY DE CRISTO\u201d - La Prensa Cristiana<\/title>\n<meta name=\"robots\" content=\"index, follow, max-snippet:-1, max-image-preview:large, max-video-preview:-1\" \/>\n<link rel=\"canonical\" href=\"https:\/\/laprensacristiana.com\/?p=3002\" \/>\n<meta property=\"og:locale\" content=\"es_ES\" \/>\n<meta property=\"og:type\" content=\"article\" \/>\n<meta property=\"og:title\" content=\"Celebran conferencia para hombres \u201cYO SOY DE CRISTO\u201d - La Prensa Cristiana\" \/>\n<meta property=\"og:description\" content=\"El pasado s\u00e1bado 24 de junio, en horas de la tarde, se llev\u00f3 acabo la conferencia para hombres \u201cYo Soy de Cristo\u201d, el evento fue realizado por el ministerio Hombres que Bendicen de la Iglesia Casa de Bendici\u00f3n en un hotel capitalino. Contaron con la participaci\u00f3n desde Nigeria, Africa del pastor Isaiah Obamwomji quien fue [&hellip;]\" \/>\n<meta property=\"og:url\" content=\"https:\/\/laprensacristiana.com\/?p=3002\" \/>\n<meta property=\"og:site_name\" content=\"La Prensa Cristiana\" \/>\n<meta property=\"article:published_time\" content=\"2017-06-25T22:45:33+00:00\" \/>\n<meta property=\"article:modified_time\" content=\"2020-07-02T00:39:37+00:00\" \/>\n<meta property=\"og:image\" content=\"https:\/\/laprensacristiana.com\/wp-content\/uploads\/2017\/06\/jpg-scaled.jpg\" \/>\n\t<meta property=\"og:image:width\" content=\"2560\" \/>\n\t<meta property=\"og:image:height\" content=\"1439\" \/>\n\t<meta property=\"og:image:type\" content=\"image\/jpeg\" \/>\n<meta name=\"author\" content=\"EDITOR\" \/>\n<meta name=\"twitter:card\" content=\"summary_large_image\" \/>\n<meta name=\"twitter:label1\" content=\"Escrito por\" \/>\n\t<meta name=\"twitter:data1\" content=\"EDITOR\" \/>\n\t<meta name=\"twitter:label2\" content=\"Tiempo de lectura\" \/>\n\t<meta name=\"twitter:data2\" content=\"2 minutos\" \/>\n<script type=\"application\/ld+json\" class=\"yoast-schema-graph\">{\"@context\":\"https:\/\/schema.org\",\"@graph\":[{\"@type\":\"WebPage\",\"@id\":\"https:\/\/laprensacristiana.com\/?p=3002\",\"url\":\"https:\/\/laprensacristiana.com\/?p=3002\",\"name\":\"Celebran conferencia para hombres \u201cYO SOY DE CRISTO\u201d - La Prensa Cristiana\",\"isPartOf\":{\"@id\":\"https:\/\/laprensacristiana.com\/#website\"},\"datePublished\":\"2017-06-25T22:45:33+00:00\",\"dateModified\":\"2020-07-02T00:39:37+00:00\",\"author\":{\"@id\":\"https:\/\/laprensacristiana.com\/#\/schema\/person\/3e7d82c6bfd6b1fa67010f8f7cd5256e\"},\"breadcrumb\":{\"@id\":\"https:\/\/laprensacristiana.com\/?p=3002#breadcrumb\"},\"inLanguage\":\"es\",\"potentialAction\":[{\"@type\":\"ReadAction\",\"target\":[\"https:\/\/laprensacristiana.com\/?p=3002\"]}]},{\"@type\":\"BreadcrumbList\",\"@id\":\"https:\/\/laprensacristiana.com\/?p=3002#breadcrumb\",\"itemListElement\":[{\"@type\":\"ListItem\",\"position\":1,\"name\":\"Portada\",\"item\":\"https:\/\/laprensacristiana.com\/\"},{\"@type\":\"ListItem\",\"position\":2,\"name\":\"Celebran conferencia para hombres \u201cYO SOY DE CRISTO\u201d\"}]},{\"@type\":\"WebSite\",\"@id\":\"https:\/\/laprensacristiana.com\/#website\",\"url\":\"https:\/\/laprensacristiana.com\/\",\"name\":\"La Prensa Cristiana\",\"description\":\"Anunciando Las Buenas Nuevas\",\"potentialAction\":[{\"@type\":\"SearchAction\",\"target\":{\"@type\":\"EntryPoint\",\"urlTemplate\":\"https:\/\/laprensacristiana.com\/?s={search_term_string}\"},\"query-input\":\"required name=search_term_string\"}],\"inLanguage\":\"es\"},{\"@type\":\"Person\",\"@id\":\"https:\/\/laprensacristiana.com\/#\/schema\/person\/3e7d82c6bfd6b1fa67010f8f7cd5256e\",\"name\":\"EDITOR\",\"image\":{\"@type\":\"ImageObject\",\"inLanguage\":\"es\",\"@id\":\"https:\/\/laprensacristiana.com\/#\/schema\/person\/image\/\",\"url\":\"https:\/\/secure.gravatar.com\/avatar\/72069dfb6c13772d9e8381e3638666d2?s=96&d=mm&r=g\",\"contentUrl\":\"https:\/\/secure.gravatar.com\/avatar\/72069dfb6c13772d9e8381e3638666d2?s=96&d=mm&r=g\",\"caption\":\"EDITOR\"},\"url\":\"https:\/\/laprensacristiana.com\/?author=3\"}]}<\/script>\n<!-- \/ Yoast SEO plugin. -->","yoast_head_json":{"title":"Celebran conferencia para hombres \u201cYO SOY DE CRISTO\u201d - La Prensa Cristiana","robots":{"index":"index","follow":"follow","max-snippet":"max-snippet:-1","max-image-preview":"max-image-preview:large","max-video-preview":"max-video-preview:-1"},"canonical":"https:\/\/laprensacristiana.com\/?p=3002","og_locale":"es_ES","og_type":"article","og_title":"Celebran conferencia para hombres \u201cYO SOY DE CRISTO\u201d - La Prensa Cristiana","og_description":"El pasado s\u00e1bado 24 de junio, en horas de la tarde, se llev\u00f3 acabo la conferencia para hombres \u201cYo Soy de Cristo\u201d, el evento fue realizado por el ministerio Hombres que Bendicen de la Iglesia Casa de Bendici\u00f3n en un hotel capitalino. Contaron con la participaci\u00f3n desde Nigeria, Africa del pastor Isaiah Obamwomji quien fue [&hellip;]","og_url":"https:\/\/laprensacristiana.com\/?p=3002","og_site_name":"La Prensa Cristiana","article_published_time":"2017-06-25T22:45:33+00:00","article_modified_time":"2020-07-02T00:39:37+00:00","og_image":[{"width":2560,"height":1439,"url":"https:\/\/laprensacristiana.com\/wp-content\/uploads\/2017\/06\/jpg-scaled.jpg","type":"image\/jpeg"}],"author":"EDITOR","twitter_card":"summary_large_image","twitter_misc":{"Escrito por":"EDITOR","Tiempo de lectura":"2 minutos"},"schema":{"@context":"https:\/\/schema.org","@graph":[{"@type":"WebPage","@id":"https:\/\/laprensacristiana.com\/?p=3002","url":"https:\/\/laprensacristiana.com\/?p=3002","name":"Celebran conferencia para hombres \u201cYO SOY DE CRISTO\u201d - La Prensa Cristiana","isPartOf":{"@id":"https:\/\/laprensacristiana.com\/#website"},"datePublished":"2017-06-25T22:45:33+00:00","dateModified":"2020-07-02T00:39:37+00:00","author":{"@id":"https:\/\/laprensacristiana.com\/#\/schema\/person\/3e7d82c6bfd6b1fa67010f8f7cd5256e"},"breadcrumb":{"@id":"https:\/\/laprensacristiana.com\/?p=3002#breadcrumb"},"inLanguage":"es","potentialAction":[{"@type":"ReadAction","target":["https:\/\/laprensacristiana.com\/?p=3002"]}]},{"@type":"BreadcrumbList","@id":"https:\/\/laprensacristiana.com\/?p=3002#breadcrumb","itemListElement":[{"@type":"ListItem","position":1,"name":"Portada","item":"https:\/\/laprensacristiana.com\/"},{"@type":"ListItem","position":2,"name":"Celebran conferencia para hombres \u201cYO SOY DE CRISTO\u201d"}]},{"@type":"WebSite","@id":"https:\/\/laprensacristiana.com\/#website","url":"https:\/\/laprensacristiana.com\/","name":"La Prensa Cristiana","description":"Anunciando Las Buenas Nuevas","potentialAction":[{"@type":"SearchAction","target":{"@type":"EntryPoint","urlTemplate":"https:\/\/laprensacristiana.com\/?s={search_term_string}"},"query-input":"required name=search_term_string"}],"inLanguage":"es"},{"@type":"Person","@id":"https:\/\/laprensacristiana.com\/#\/schema\/person\/3e7d82c6bfd6b1fa67010f8f7cd5256e","name":"EDITOR","image":{"@type":"ImageObject","inLanguage":"es","@id":"https:\/\/laprensacristiana.com\/#\/schema\/person\/image\/","url":"https:\/\/secure.gravatar.com\/avatar\/72069dfb6c13772d9e8381e3638666d2?s=96&d=mm&r=g","contentUrl":"https:\/\/secure.gravatar.com\/avatar\/72069dfb6c13772d9e8381e3638666d2?s=96&d=mm&r=g","caption":"EDITOR"},"url":"https:\/\/laprensacristiana.com\/?author=3"}]}},"_links":{"self":[{"href":"https:\/\/laprensacristiana.com\/index.php?rest_route=\/wp\/v2\/posts\/3002"}],"collection":[{"href":"https:\/\/laprensacristiana.com\/index.php?rest_route=\/wp\/v2\/posts"}],"about":[{"href":"https:\/\/laprensacristiana.com\/index.php?rest_route=\/wp\/v2\/types\/post"}],"author":[{"embeddable":true,"href":"https:\/\/laprensacristiana.com\/index.php?rest_route=\/wp\/v2\/users\/3"}],"replies":[{"embeddable":true,"href":"https:\/\/laprensacristiana.com\/index.php?rest_route=%2Fwp%2Fv2%2Fcomments&post=3002"}],"version-history":[{"count":1,"href":"https:\/\/laprensacristiana.com\/index.php?rest_route=\/wp\/v2\/posts\/3002\/revisions"}],"predecessor-version":[{"id":3004,"href":"https:\/\/laprensacristiana.com\/index.php?rest_route=\/wp\/v2\/posts\/3002\/revisions\/3004"}],"wp:featuredmedia":[{"embeddable":true,"href":"https:\/\/laprensacristiana.com\/index.php?rest_route=\/wp\/v2\/media\/3003"}],"wp:attachment":[{"href":"https:\/\/laprensacristiana.com\/index.php?rest_route=%2Fwp%2Fv2%2Fmedia&parent=3002"}],"wp:term":[{"taxonomy":"category","embeddable":true,"href":"https:\/\/laprensacristiana.com\/index.php?rest_route=%2Fwp%2Fv2%2Fcategories&post=3002"},{"taxonomy":"post_tag","embeddable":true,"href":"https:\/\/laprensacristiana.com\/index.php?rest_route=%2Fwp%2Fv2%2Ftags&post=3002"}],"curies":[{"name":"wp","href":"https:\/\/api.w.org\/{rel}","templated":true}]}}