{"id":3025,"date":"2017-07-12T14:34:57","date_gmt":"2017-07-12T14:34:57","guid":{"rendered":"https:\/\/laprensacristiana.com\/?p=3025"},"modified":"2020-07-02T00:38:15","modified_gmt":"2020-07-02T00:38:15","slug":"antes-cia-el-salvador-ahora-iglesia-gracia-sobre-gracia","status":"publish","type":"post","link":"https:\/\/laprensacristiana.com\/?p=3025","title":{"rendered":"Antes CIA El Salvador, ahora Iglesia Gracia sobre Gracia"},"content":{"rendered":"<p>El pasado domingo 18 de junio, en una verdadera fiesta congregacional, la iglesia Centro Internacional de Alabanza conocida como CIA El Salvador cambi\u00f3 su nombre a Iglesia Gracia sobre Gracia. El anuncio a la congregaci\u00f3n estuvo a cargo del Pastor Javier Dom\u00ednguez, Pastor Presidente de la iglesia desde hace m\u00e1s de 14 a\u00f1os.<\/p>\n<p><img decoding=\"async\" loading=\"lazy\" class=\"alignnone size-full wp-image-3029\" src=\"https:\/\/laprensacristiana.com\/wp-content\/uploads\/2017\/07\/Arte_PrensaCMYK_1b.jpg\" alt=\"\" width=\"3600\" height=\"2400\" \/><\/p>\n<p>En palabras de su pastor, este cambio de nombre es la muestra y el testimonio p\u00fablico del proceso de transformaci\u00f3n que Dios comenz\u00f3 desde hace 14 a\u00f1os en esta iglesia local. El Pastor Javier Dom\u00ednguez manifest\u00f3: \u201cEn el Salvador Dios viene reformando diferentes iglesias, no somos nosotros la \u00fanica, conozco iglesias por ejemplo en Soyapango, e Ilopango en donde Dios viene haciendo un trabajo espectacular, con nosotros comenz\u00f3 hace 14 a\u00f1os. Dios nos hizo regresar a la Palabra, nos llev\u00f3 a buscar, cada d\u00eda, centrar nuestra vida en ella, reformando as\u00ed nuestra mente y coraz\u00f3n para una vida piadosa; una vida m\u00e1s justa, para obtener de nosotros una congregaci\u00f3n local sana, saludable, que le honre cada d\u00eda\u201d.<\/p>\n<p><img decoding=\"async\" loading=\"lazy\" class=\"alignnone size-full wp-image-3028\" src=\"https:\/\/laprensacristiana.com\/wp-content\/uploads\/2017\/07\/Arte_PrensaCMYK_2.jpg\" alt=\"\" width=\"3600\" height=\"2400\" \/><\/p>\n<p>Seg\u00fan lo describe el Pastor Javier Dom\u00ednguez el resultado de ese proceso de transformaci\u00f3n es una iglesia: Centrada en Cristo Jes\u00fas y su Gloria, que no se averg\u00fcenza del evangelio, que traza correctamente la palabra de verdad siendo predicada expositivamente, que busca vivir piadosamente y que sirve a la comunidad a trav\u00e9s de la educaci\u00f3n. \u00a0Ante lo cual agreg\u00f3: \u201cel nombre anterior de la iglesia no reflejaba eso, sino lo en el pasado cre\u00edmos y el enfoque anterior.\u00a0 Por eso, hoy llegado el tiempo, queremos dar un testimonio p\u00fablico, en nuestro pa\u00eds y fuera de \u00e9l y hasta los confines de la tierra, de esta obra de la gracia de Dios sobre nosotros y de nuestro agradecimiento a \u00c9l. A eso obedece este cambio de nombre\u201d.<\/p>\n<p><img decoding=\"async\" loading=\"lazy\" class=\"alignnone size-full wp-image-3027\" src=\"https:\/\/laprensacristiana.com\/wp-content\/uploads\/2017\/07\/Arte_PrensaCMYK_4.jpg\" alt=\"\" width=\"3600\" height=\"2400\" \/><\/p>\n<p>La misi\u00f3n de la Iglesia Gracia sobre Gracia es Proclamar, Aconsejar y Ense\u00f1ar la gloria de Cristo Jes\u00fas. En ese marco el Pastor Dom\u00ednguez exhort\u00f3 a la congregaci\u00f3n para que en un tiempo como hoy en El Salvador, donde hay desilusi\u00f3n, frustraci\u00f3n, quebranto social, tristeza, angustia, desamparo, desempleo, corrupci\u00f3n, amenazas, asesinatos, inseguridad, mentiras; el evangelio venga a ser la soluci\u00f3n, venga a ser predicado dentro del pueblo de Dios disperso en nuestro pa\u00eds. De esta manera los miembros de esta iglesia local ser\u00e1n protegidos, preservados, dirigidos, ense\u00f1ados y consolados, por medio del evangelio de Jesucristo; para que luego, cada uno de ellos en sus actividades diarias, proclame el evangelio y as\u00ed la sana doctrina infeste nuestra ciudad.<\/p>\n<p>La celebraci\u00f3n incluy\u00f3 diversas actividades entre las que estuvieron los saludos de felicitaci\u00f3n en video de Pastores y Representantes de Ministerios entre los que se mencionan:\u00a0 Jairo Namnum, Director Ejecutivo The Gospel Coalition y Di\u00e1cono Iglesia Bautista Internacional; Mateo McGhee, Director de Ligonier Ministries en Espa\u00f1ol; Pastor Joe Owen, Gerente del Ministerio en Espa\u00f1ol de Answer In Genesis; Pastor Sugel Michel\u00e9n, Iglesia B\u00edblica del Se\u00f1or Jesucristo; Pastor Jos\u00e9 Olivares, Ministerio Seguidores de Jes\u00fas en Nueva York, entre otros.<\/p>\n<p>&nbsp;<\/p>\n<p>&nbsp;<\/p>\n<p>&nbsp;<\/p>\n","protected":false},"excerpt":{"rendered":"<p>El pasado domingo 18 de junio, en una verdadera fiesta congregacional, la iglesia Centro Internacional de Alabanza conocida como CIA El Salvador cambi\u00f3 su nombre a Iglesia Gracia sobre Gracia. El anuncio a la congregaci\u00f3n estuvo a cargo del Pastor Javier Dom\u00ednguez, Pastor Presidente de la iglesia desde hace m\u00e1s de 14 a\u00f1os. En palabras [&hellip;]<\/p>\n","protected":false},"author":3,"featured_media":3026,"comment_status":"open","ping_status":"open","sticky":false,"template":"","format":"standard","meta":[],"categories":[56],"tags":[],"yoast_head":"<!-- This site is optimized with the Yoast SEO plugin v20.8 - https:\/\/yoast.com\/wordpress\/plugins\/seo\/ -->\n<title>Antes CIA El Salvador, ahora Iglesia Gracia sobre Gracia - La Prensa Cristiana<\/title>\n<meta name=\"robots\" content=\"index, follow, max-snippet:-1, max-image-preview:large, max-video-preview:-1\" \/>\n<link rel=\"canonical\" href=\"https:\/\/laprensacristiana.com\/?p=3025\" \/>\n<meta property=\"og:locale\" content=\"es_ES\" \/>\n<meta property=\"og:type\" content=\"article\" \/>\n<meta property=\"og:title\" content=\"Antes CIA El Salvador, ahora Iglesia Gracia sobre Gracia - La Prensa Cristiana\" \/>\n<meta property=\"og:description\" content=\"El pasado domingo 18 de junio, en una verdadera fiesta congregacional, la iglesia Centro Internacional de Alabanza conocida como CIA El Salvador cambi\u00f3 su nombre a Iglesia Gracia sobre Gracia. El anuncio a la congregaci\u00f3n estuvo a cargo del Pastor Javier Dom\u00ednguez, Pastor Presidente de la iglesia desde hace m\u00e1s de 14 a\u00f1os. En palabras [&hellip;]\" \/>\n<meta property=\"og:url\" content=\"https:\/\/laprensacristiana.com\/?p=3025\" \/>\n<meta property=\"og:site_name\" content=\"La Prensa Cristiana\" \/>\n<meta property=\"article:published_time\" content=\"2017-07-12T14:34:57+00:00\" \/>\n<meta property=\"article:modified_time\" content=\"2020-07-02T00:38:15+00:00\" \/>\n<meta property=\"og:image\" content=\"https:\/\/laprensacristiana.com\/wp-content\/uploads\/2017\/07\/Arte_PrensaCMYK_3-copia-scaled.jpg\" \/>\n\t<meta property=\"og:image:width\" content=\"2560\" \/>\n\t<meta property=\"og:image:height\" content=\"1707\" \/>\n\t<meta property=\"og:image:type\" content=\"image\/jpeg\" \/>\n<meta name=\"author\" content=\"EDITOR\" \/>\n<meta name=\"twitter:card\" content=\"summary_large_image\" \/>\n<meta name=\"twitter:label1\" content=\"Escrito por\" \/>\n\t<meta name=\"twitter:data1\" content=\"EDITOR\" \/>\n\t<meta name=\"twitter:label2\" content=\"Tiempo de lectura\" \/>\n\t<meta name=\"twitter:data2\" content=\"3 minutos\" \/>\n<script type=\"application\/ld+json\" class=\"yoast-schema-graph\">{\"@context\":\"https:\/\/schema.org\",\"@graph\":[{\"@type\":\"WebPage\",\"@id\":\"https:\/\/laprensacristiana.com\/?p=3025\",\"url\":\"https:\/\/laprensacristiana.com\/?p=3025\",\"name\":\"Antes CIA El Salvador, ahora Iglesia Gracia sobre Gracia - La Prensa Cristiana\",\"isPartOf\":{\"@id\":\"https:\/\/laprensacristiana.com\/#website\"},\"datePublished\":\"2017-07-12T14:34:57+00:00\",\"dateModified\":\"2020-07-02T00:38:15+00:00\",\"author\":{\"@id\":\"https:\/\/laprensacristiana.com\/#\/schema\/person\/3e7d82c6bfd6b1fa67010f8f7cd5256e\"},\"breadcrumb\":{\"@id\":\"https:\/\/laprensacristiana.com\/?p=3025#breadcrumb\"},\"inLanguage\":\"es\",\"potentialAction\":[{\"@type\":\"ReadAction\",\"target\":[\"https:\/\/laprensacristiana.com\/?p=3025\"]}]},{\"@type\":\"BreadcrumbList\",\"@id\":\"https:\/\/laprensacristiana.com\/?p=3025#breadcrumb\",\"itemListElement\":[{\"@type\":\"ListItem\",\"position\":1,\"name\":\"Portada\",\"item\":\"https:\/\/laprensacristiana.com\/\"},{\"@type\":\"ListItem\",\"position\":2,\"name\":\"Antes CIA El Salvador, ahora Iglesia Gracia sobre Gracia\"}]},{\"@type\":\"WebSite\",\"@id\":\"https:\/\/laprensacristiana.com\/#website\",\"url\":\"https:\/\/laprensacristiana.com\/\",\"name\":\"La Prensa Cristiana\",\"description\":\"Anunciando Las Buenas Nuevas\",\"potentialAction\":[{\"@type\":\"SearchAction\",\"target\":{\"@type\":\"EntryPoint\",\"urlTemplate\":\"https:\/\/laprensacristiana.com\/?s={search_term_string}\"},\"query-input\":\"required name=search_term_string\"}],\"inLanguage\":\"es\"},{\"@type\":\"Person\",\"@id\":\"https:\/\/laprensacristiana.com\/#\/schema\/person\/3e7d82c6bfd6b1fa67010f8f7cd5256e\",\"name\":\"EDITOR\",\"image\":{\"@type\":\"ImageObject\",\"inLanguage\":\"es\",\"@id\":\"https:\/\/laprensacristiana.com\/#\/schema\/person\/image\/\",\"url\":\"https:\/\/secure.gravatar.com\/avatar\/72069dfb6c13772d9e8381e3638666d2?s=96&d=mm&r=g\",\"contentUrl\":\"https:\/\/secure.gravatar.com\/avatar\/72069dfb6c13772d9e8381e3638666d2?s=96&d=mm&r=g\",\"caption\":\"EDITOR\"},\"url\":\"https:\/\/laprensacristiana.com\/?author=3\"}]}<\/script>\n<!-- \/ Yoast SEO plugin. -->","yoast_head_json":{"title":"Antes CIA El Salvador, ahora Iglesia Gracia sobre Gracia - La Prensa Cristiana","robots":{"index":"index","follow":"follow","max-snippet":"max-snippet:-1","max-image-preview":"max-image-preview:large","max-video-preview":"max-video-preview:-1"},"canonical":"https:\/\/laprensacristiana.com\/?p=3025","og_locale":"es_ES","og_type":"article","og_title":"Antes CIA El Salvador, ahora Iglesia Gracia sobre Gracia - La Prensa Cristiana","og_description":"El pasado domingo 18 de junio, en una verdadera fiesta congregacional, la iglesia Centro Internacional de Alabanza conocida como CIA El Salvador cambi\u00f3 su nombre a Iglesia Gracia sobre Gracia. El anuncio a la congregaci\u00f3n estuvo a cargo del Pastor Javier Dom\u00ednguez, Pastor Presidente de la iglesia desde hace m\u00e1s de 14 a\u00f1os. En palabras [&hellip;]","og_url":"https:\/\/laprensacristiana.com\/?p=3025","og_site_name":"La Prensa Cristiana","article_published_time":"2017-07-12T14:34:57+00:00","article_modified_time":"2020-07-02T00:38:15+00:00","og_image":[{"width":2560,"height":1707,"url":"https:\/\/laprensacristiana.com\/wp-content\/uploads\/2017\/07\/Arte_PrensaCMYK_3-copia-scaled.jpg","type":"image\/jpeg"}],"author":"EDITOR","twitter_card":"summary_large_image","twitter_misc":{"Escrito por":"EDITOR","Tiempo de lectura":"3 minutos"},"schema":{"@context":"https:\/\/schema.org","@graph":[{"@type":"WebPage","@id":"https:\/\/laprensacristiana.com\/?p=3025","url":"https:\/\/laprensacristiana.com\/?p=3025","name":"Antes CIA El Salvador, ahora Iglesia Gracia sobre Gracia - La Prensa Cristiana","isPartOf":{"@id":"https:\/\/laprensacristiana.com\/#website"},"datePublished":"2017-07-12T14:34:57+00:00","dateModified":"2020-07-02T00:38:15+00:00","author":{"@id":"https:\/\/laprensacristiana.com\/#\/schema\/person\/3e7d82c6bfd6b1fa67010f8f7cd5256e"},"breadcrumb":{"@id":"https:\/\/laprensacristiana.com\/?p=3025#breadcrumb"},"inLanguage":"es","potentialAction":[{"@type":"ReadAction","target":["https:\/\/laprensacristiana.com\/?p=3025"]}]},{"@type":"BreadcrumbList","@id":"https:\/\/laprensacristiana.com\/?p=3025#breadcrumb","itemListElement":[{"@type":"ListItem","position":1,"name":"Portada","item":"https:\/\/laprensacristiana.com\/"},{"@type":"ListItem","position":2,"name":"Antes CIA El Salvador, ahora Iglesia Gracia sobre Gracia"}]},{"@type":"WebSite","@id":"https:\/\/laprensacristiana.com\/#website","url":"https:\/\/laprensacristiana.com\/","name":"La Prensa Cristiana","description":"Anunciando Las Buenas Nuevas","potentialAction":[{"@type":"SearchAction","target":{"@type":"EntryPoint","urlTemplate":"https:\/\/laprensacristiana.com\/?s={search_term_string}"},"query-input":"required name=search_term_string"}],"inLanguage":"es"},{"@type":"Person","@id":"https:\/\/laprensacristiana.com\/#\/schema\/person\/3e7d82c6bfd6b1fa67010f8f7cd5256e","name":"EDITOR","image":{"@type":"ImageObject","inLanguage":"es","@id":"https:\/\/laprensacristiana.com\/#\/schema\/person\/image\/","url":"https:\/\/secure.gravatar.com\/avatar\/72069dfb6c13772d9e8381e3638666d2?s=96&d=mm&r=g","contentUrl":"https:\/\/secure.gravatar.com\/avatar\/72069dfb6c13772d9e8381e3638666d2?s=96&d=mm&r=g","caption":"EDITOR"},"url":"https:\/\/laprensacristiana.com\/?author=3"}]}},"_links":{"self":[{"href":"https:\/\/laprensacristiana.com\/index.php?rest_route=\/wp\/v2\/posts\/3025"}],"collection":[{"href":"https:\/\/laprensacristiana.com\/index.php?rest_route=\/wp\/v2\/posts"}],"about":[{"href":"https:\/\/laprensacristiana.com\/index.php?rest_route=\/wp\/v2\/types\/post"}],"author":[{"embeddable":true,"href":"https:\/\/laprensacristiana.com\/index.php?rest_route=\/wp\/v2\/users\/3"}],"replies":[{"embeddable":true,"href":"https:\/\/laprensacristiana.com\/index.php?rest_route=%2Fwp%2Fv2%2Fcomments&post=3025"}],"version-history":[{"count":1,"href":"https:\/\/laprensacristiana.com\/index.php?rest_route=\/wp\/v2\/posts\/3025\/revisions"}],"predecessor-version":[{"id":3030,"href":"https:\/\/laprensacristiana.com\/index.php?rest_route=\/wp\/v2\/posts\/3025\/revisions\/3030"}],"wp:featuredmedia":[{"embeddable":true,"href":"https:\/\/laprensacristiana.com\/index.php?rest_route=\/wp\/v2\/media\/3026"}],"wp:attachment":[{"href":"https:\/\/laprensacristiana.com\/index.php?rest_route=%2Fwp%2Fv2%2Fmedia&parent=3025"}],"wp:term":[{"taxonomy":"category","embeddable":true,"href":"https:\/\/laprensacristiana.com\/index.php?rest_route=%2Fwp%2Fv2%2Fcategories&post=3025"},{"taxonomy":"post_tag","embeddable":true,"href":"https:\/\/laprensacristiana.com\/index.php?rest_route=%2Fwp%2Fv2%2Ftags&post=3025"}],"curies":[{"name":"wp","href":"https:\/\/api.w.org\/{rel}","templated":true}]}}