{"id":3046,"date":"2017-07-18T16:29:52","date_gmt":"2017-07-18T16:29:52","guid":{"rendered":"https:\/\/laprensacristiana.com\/?p=3046"},"modified":"2020-07-02T00:37:36","modified_gmt":"2020-07-02T00:37:36","slug":"tomando-mi-nacion-clama-por-la-paz-de-el-salvador","status":"publish","type":"post","link":"https:\/\/laprensacristiana.com\/?p=3046","title":{"rendered":"Tomando Mi Naci\u00f3n clama por la paz de El Salvador"},"content":{"rendered":"<p>Desde tempranas horas del d\u00eda viernes 14 de julio se dio inicio a un clamor en diversos puntos de la naci\u00f3n, ayuno y oraci\u00f3n en funci\u00f3n de rogar por la paz de El Salvador. Se extendi\u00f3 al seno de la Asamblea Legislativa junto a su presidente Guillermo Gallegos, lugar en el cual se desarroll\u00f3 un evento con pastores de diferentes denominaciones y representantes cristianos.<\/p>\n<p>El s\u00e1bado 15 de julio en horas de la tarde fue la concentraci\u00f3n mayoritaria, en las instalaciones del anfiteatro del Centro de Ferias y Convenciones (CIFCO), m\u00e1s de 8,000 personas pertenecientes a diferentes iglesias clamaron a una sola voz \u201csi se humillare mi pueblo, sobre el cual mi nombre es invocado, y oraren, y buscaren mi rostro, y se convirtieren de sus malos caminos; entonces yo oir\u00e9 desde los cielos, y perdonar\u00e9 sus pecados, y sanar\u00e9 su tierra\u201d texto referido del segundo libro de cr\u00f3nicas 7:14. Teniendo la culminaci\u00f3n en las iglesias el domingo 16.<\/p>\n<p><img decoding=\"async\" loading=\"lazy\" class=\"alignnone size-full wp-image-3044\" src=\"https:\/\/laprensacristiana.com\/wp-content\/uploads\/2017\/07\/3-1.jpg\" alt=\"\" width=\"3560\" height=\"2176\" \/><\/p>\n<p>Todo esto en el marco del movimiento \u201cTomando Mi Naci\u00f3n\u201d, que tiene 8 a\u00f1os de estarse realizando en nuestro pa\u00eds, y que este a\u00f1o se extendi\u00f3 a nivel Latinoamericano, dicho movimiento est\u00e1 a cargo del pastor de Iglesia Del Camino Dr. Mauricio Navas Guzm\u00e1n \u201cTomando Mi Naci\u00f3n es la respuesta Evang\u00e9lica al problema de la violencia y otros problemas que tenemos en el territorio nacional como la pobreza y epidemias que han golpeada fuertemente a nuestro poblaci\u00f3n, creemos que la violencia tiene un factor espiritual que necesita ser cubierto por la iglesia que es la agencia de poder de nuestro Dios aqu\u00ed en la tierra, por lo tanto se ha dinamizado toda la Iglesia Evang\u00e9lica, estamos teniendo respuestas de los pastores de todas las denominaciones, hemos comenzado a ver buenos resultados en la disminuci\u00f3n de homicidios que ha habido, el Fiscal General de la Republica tambi\u00e9n habl\u00f3 de una disminuci\u00f3n en las extorsiones, lo cual viene a darnos un aliciente para continuar esta lucha, que si bien tiene su esfera f\u00edsica pero tiene un trasfondo espiritual, vamos a continuar con estos proyectos para bienestar de todo el pueblo salvadore\u00f1o\u201d. Concluy\u00f3 el Dr. Navas<\/p>\n<p>LA CELEBRACI\u00d3N<\/p>\n<p>En el evento desarrollado en las instalaciones del CIFCO, cont\u00f3 con la representaci\u00f3n y participaci\u00f3n de una serie de pastores e iglesias que formaron parte del programa y autoridades de gobierno como el Ministro de Seguridad y Justicia Mauricio Ram\u00edrez Landaverde, entre ellos las oraciones estuvieron a cargo de: Joel Rodr\u00edguez de Pastores de El Salvador, Dr. \u00a0Josue Anaya presidente de Santa Tecla Organizada para Cristo, Rev. Jos\u00e9 de la Paz Palacios pastor general de las Iglesias Altar de Dios y el Lic. Josue Uma\u00f1a pastor asociado de Iglesia Del Camino. \u201cLa Biblia dice que nosotros no tenemos lucha contra personas sino contra potestades del aire, pero tambi\u00e9n dice que para esto apareci\u00f3 el hijo de Dios para deshacer las obras del diablo, lo que ocurri\u00f3 en la cruz del calvario cuando nuestro amado Cristo entreg\u00f3 su vida, derramo su sangre, nos dio victoria sobre el pecado, la muerte y\u00a0 las enfermedades, con la autoridad de Dios le ordenamos a todo esp\u00edritu inmundo que se vaya de este pa\u00eds. Expres\u00f3 el Rev. Jos\u00e9 de la Paz Palacios.<\/p>\n<p><img decoding=\"async\" loading=\"lazy\" class=\"size-full wp-image-3047\" src=\"https:\/\/laprensacristiana.com\/wp-content\/uploads\/2017\/07\/4-1.jpg\" alt=\"SONY DSC\" width=\"2424\" height=\"1800\" srcset=\"https:\/\/laprensacristiana.com\/wp-content\/uploads\/2017\/07\/4-1.jpg 2424w, https:\/\/laprensacristiana.com\/wp-content\/uploads\/2017\/07\/4-1-600x446.jpg 600w, https:\/\/laprensacristiana.com\/wp-content\/uploads\/2017\/07\/4-1-300x223.jpg 300w, https:\/\/laprensacristiana.com\/wp-content\/uploads\/2017\/07\/4-1-768x570.jpg 768w, https:\/\/laprensacristiana.com\/wp-content\/uploads\/2017\/07\/4-1-1024x760.jpg 1024w, https:\/\/laprensacristiana.com\/wp-content\/uploads\/2017\/07\/4-1-80x60.jpg 80w, https:\/\/laprensacristiana.com\/wp-content\/uploads\/2017\/07\/4-1-265x198.jpg 265w, https:\/\/laprensacristiana.com\/wp-content\/uploads\/2017\/07\/4-1-696x517.jpg 696w, https:\/\/laprensacristiana.com\/wp-content\/uploads\/2017\/07\/4-1-1068x793.jpg 1068w, https:\/\/laprensacristiana.com\/wp-content\/uploads\/2017\/07\/4-1-566x420.jpg 566w\" sizes=\"(max-width: 2424px) 100vw, 2424px\" \/><\/p>\n<p>El evento fue conducido por el pastor de j\u00f3venes de Iglesia del Camino Lic. Carlos Navas, \u201cDefinitivamente estamos proclamando paz y unidad para nuestra naci\u00f3n, tenemos una palabra de Dios que esta actividad es la bandera de salida para un cierre del 2017 poderoso, la Iglesia Cristiana Evang\u00e9lica es una soluci\u00f3n para el pa\u00eds, provee a la naci\u00f3n mejores hijos, mejores padres, mejores esposas, j\u00f3venes que salen de drogas, de pandillas, de violencia, de muerte y eso no le cuesta ni un centavo al gobierno, la Iglesia es una multitud que est\u00e1\u00a0 a la expectativa de lo que nuestros gobernantes est\u00e1n decidiendo y haciendo, porque queremos un mejor pa\u00eds, entonces buscamos decisiones sabias de nuestros gobernantes para tener un mejor pa\u00eds\u201d acot\u00f3 el pastor Carlos Navas.<\/p>\n<p><img decoding=\"async\" loading=\"lazy\" class=\"alignnone size-full wp-image-3048\" src=\"https:\/\/laprensacristiana.com\/wp-content\/uploads\/2017\/07\/1-1.jpg\" alt=\"\" width=\"2992\" height=\"2176\" \/><\/p>\n<p>La ministraci\u00f3n estuvo a cargo del grupo de Iglesia del Camino y del salmista Alex Navas quien interpret\u00f3 una de sus canciones con un talento naciente Gonzalo de Le\u00f3n, por momentos se cont\u00f3 con la intervenci\u00f3n de Shofaristas de El Salvador, y como cierre el grupo internacional invitado desde Republica Dominicana BARAK, quienes con su singular forma de adorar a Dios permitieron un ambiente de avivamiento.<\/p>\n<p><img decoding=\"async\" loading=\"lazy\" class=\"size-full wp-image-3049\" src=\"https:\/\/laprensacristiana.com\/wp-content\/uploads\/2017\/07\/6.jpg\" alt=\"SONY DSC\" width=\"3872\" height=\"2176\" \/><\/p>\n<p>&nbsp;<\/p>\n","protected":false},"excerpt":{"rendered":"<p>Desde tempranas horas del d\u00eda viernes 14 de julio se dio inicio a un clamor en diversos puntos de la naci\u00f3n, ayuno y oraci\u00f3n en funci\u00f3n de rogar por la paz de El Salvador. Se extendi\u00f3 al seno de la Asamblea Legislativa junto a su presidente Guillermo Gallegos, lugar en el cual se desarroll\u00f3 un [&hellip;]<\/p>\n","protected":false},"author":3,"featured_media":3045,"comment_status":"open","ping_status":"open","sticky":false,"template":"","format":"standard","meta":[],"categories":[56],"tags":[],"yoast_head":"<!-- This site is optimized with the Yoast SEO plugin v20.8 - https:\/\/yoast.com\/wordpress\/plugins\/seo\/ -->\n<title>Tomando Mi Naci\u00f3n clama por la paz de El Salvador - La Prensa Cristiana<\/title>\n<meta name=\"robots\" content=\"index, follow, max-snippet:-1, max-image-preview:large, max-video-preview:-1\" \/>\n<link rel=\"canonical\" href=\"https:\/\/laprensacristiana.com\/?p=3046\" \/>\n<meta property=\"og:locale\" content=\"es_ES\" \/>\n<meta property=\"og:type\" content=\"article\" \/>\n<meta property=\"og:title\" content=\"Tomando Mi Naci\u00f3n clama por la paz de El Salvador - La Prensa Cristiana\" \/>\n<meta property=\"og:description\" content=\"Desde tempranas horas del d\u00eda viernes 14 de julio se dio inicio a un clamor en diversos puntos de la naci\u00f3n, ayuno y oraci\u00f3n en funci\u00f3n de rogar por la paz de El Salvador. Se extendi\u00f3 al seno de la Asamblea Legislativa junto a su presidente Guillermo Gallegos, lugar en el cual se desarroll\u00f3 un [&hellip;]\" \/>\n<meta property=\"og:url\" content=\"https:\/\/laprensacristiana.com\/?p=3046\" \/>\n<meta property=\"og:site_name\" content=\"La Prensa Cristiana\" \/>\n<meta property=\"article:published_time\" content=\"2017-07-18T16:29:52+00:00\" \/>\n<meta property=\"article:modified_time\" content=\"2020-07-02T00:37:36+00:00\" \/>\n<meta property=\"og:image\" content=\"https:\/\/laprensacristiana.com\/wp-content\/uploads\/2017\/07\/2-1.jpg\" \/>\n\t<meta property=\"og:image:width\" content=\"960\" \/>\n\t<meta property=\"og:image:height\" content=\"640\" \/>\n\t<meta property=\"og:image:type\" content=\"image\/jpeg\" \/>\n<meta name=\"author\" content=\"EDITOR\" \/>\n<meta name=\"twitter:card\" content=\"summary_large_image\" \/>\n<meta name=\"twitter:label1\" content=\"Escrito por\" \/>\n\t<meta name=\"twitter:data1\" content=\"EDITOR\" \/>\n\t<meta name=\"twitter:label2\" content=\"Tiempo de lectura\" \/>\n\t<meta name=\"twitter:data2\" content=\"4 minutos\" \/>\n<script type=\"application\/ld+json\" class=\"yoast-schema-graph\">{\"@context\":\"https:\/\/schema.org\",\"@graph\":[{\"@type\":\"WebPage\",\"@id\":\"https:\/\/laprensacristiana.com\/?p=3046\",\"url\":\"https:\/\/laprensacristiana.com\/?p=3046\",\"name\":\"Tomando Mi Naci\u00f3n clama por la paz de El Salvador - La Prensa Cristiana\",\"isPartOf\":{\"@id\":\"https:\/\/laprensacristiana.com\/#website\"},\"datePublished\":\"2017-07-18T16:29:52+00:00\",\"dateModified\":\"2020-07-02T00:37:36+00:00\",\"author\":{\"@id\":\"https:\/\/laprensacristiana.com\/#\/schema\/person\/3e7d82c6bfd6b1fa67010f8f7cd5256e\"},\"breadcrumb\":{\"@id\":\"https:\/\/laprensacristiana.com\/?p=3046#breadcrumb\"},\"inLanguage\":\"es\",\"potentialAction\":[{\"@type\":\"ReadAction\",\"target\":[\"https:\/\/laprensacristiana.com\/?p=3046\"]}]},{\"@type\":\"BreadcrumbList\",\"@id\":\"https:\/\/laprensacristiana.com\/?p=3046#breadcrumb\",\"itemListElement\":[{\"@type\":\"ListItem\",\"position\":1,\"name\":\"Portada\",\"item\":\"https:\/\/laprensacristiana.com\/\"},{\"@type\":\"ListItem\",\"position\":2,\"name\":\"Tomando Mi Naci\u00f3n clama por la paz de El Salvador\"}]},{\"@type\":\"WebSite\",\"@id\":\"https:\/\/laprensacristiana.com\/#website\",\"url\":\"https:\/\/laprensacristiana.com\/\",\"name\":\"La Prensa Cristiana\",\"description\":\"Anunciando Las Buenas Nuevas\",\"potentialAction\":[{\"@type\":\"SearchAction\",\"target\":{\"@type\":\"EntryPoint\",\"urlTemplate\":\"https:\/\/laprensacristiana.com\/?s={search_term_string}\"},\"query-input\":\"required name=search_term_string\"}],\"inLanguage\":\"es\"},{\"@type\":\"Person\",\"@id\":\"https:\/\/laprensacristiana.com\/#\/schema\/person\/3e7d82c6bfd6b1fa67010f8f7cd5256e\",\"name\":\"EDITOR\",\"image\":{\"@type\":\"ImageObject\",\"inLanguage\":\"es\",\"@id\":\"https:\/\/laprensacristiana.com\/#\/schema\/person\/image\/\",\"url\":\"https:\/\/secure.gravatar.com\/avatar\/72069dfb6c13772d9e8381e3638666d2?s=96&d=mm&r=g\",\"contentUrl\":\"https:\/\/secure.gravatar.com\/avatar\/72069dfb6c13772d9e8381e3638666d2?s=96&d=mm&r=g\",\"caption\":\"EDITOR\"},\"url\":\"https:\/\/laprensacristiana.com\/?author=3\"}]}<\/script>\n<!-- \/ Yoast SEO plugin. -->","yoast_head_json":{"title":"Tomando Mi Naci\u00f3n clama por la paz de El Salvador - La Prensa Cristiana","robots":{"index":"index","follow":"follow","max-snippet":"max-snippet:-1","max-image-preview":"max-image-preview:large","max-video-preview":"max-video-preview:-1"},"canonical":"https:\/\/laprensacristiana.com\/?p=3046","og_locale":"es_ES","og_type":"article","og_title":"Tomando Mi Naci\u00f3n clama por la paz de El Salvador - La Prensa Cristiana","og_description":"Desde tempranas horas del d\u00eda viernes 14 de julio se dio inicio a un clamor en diversos puntos de la naci\u00f3n, ayuno y oraci\u00f3n en funci\u00f3n de rogar por la paz de El Salvador. Se extendi\u00f3 al seno de la Asamblea Legislativa junto a su presidente Guillermo Gallegos, lugar en el cual se desarroll\u00f3 un [&hellip;]","og_url":"https:\/\/laprensacristiana.com\/?p=3046","og_site_name":"La Prensa Cristiana","article_published_time":"2017-07-18T16:29:52+00:00","article_modified_time":"2020-07-02T00:37:36+00:00","og_image":[{"width":960,"height":640,"url":"https:\/\/laprensacristiana.com\/wp-content\/uploads\/2017\/07\/2-1.jpg","type":"image\/jpeg"}],"author":"EDITOR","twitter_card":"summary_large_image","twitter_misc":{"Escrito por":"EDITOR","Tiempo de lectura":"4 minutos"},"schema":{"@context":"https:\/\/schema.org","@graph":[{"@type":"WebPage","@id":"https:\/\/laprensacristiana.com\/?p=3046","url":"https:\/\/laprensacristiana.com\/?p=3046","name":"Tomando Mi Naci\u00f3n clama por la paz de El Salvador - La Prensa Cristiana","isPartOf":{"@id":"https:\/\/laprensacristiana.com\/#website"},"datePublished":"2017-07-18T16:29:52+00:00","dateModified":"2020-07-02T00:37:36+00:00","author":{"@id":"https:\/\/laprensacristiana.com\/#\/schema\/person\/3e7d82c6bfd6b1fa67010f8f7cd5256e"},"breadcrumb":{"@id":"https:\/\/laprensacristiana.com\/?p=3046#breadcrumb"},"inLanguage":"es","potentialAction":[{"@type":"ReadAction","target":["https:\/\/laprensacristiana.com\/?p=3046"]}]},{"@type":"BreadcrumbList","@id":"https:\/\/laprensacristiana.com\/?p=3046#breadcrumb","itemListElement":[{"@type":"ListItem","position":1,"name":"Portada","item":"https:\/\/laprensacristiana.com\/"},{"@type":"ListItem","position":2,"name":"Tomando Mi Naci\u00f3n clama por la paz de El Salvador"}]},{"@type":"WebSite","@id":"https:\/\/laprensacristiana.com\/#website","url":"https:\/\/laprensacristiana.com\/","name":"La Prensa Cristiana","description":"Anunciando Las Buenas Nuevas","potentialAction":[{"@type":"SearchAction","target":{"@type":"EntryPoint","urlTemplate":"https:\/\/laprensacristiana.com\/?s={search_term_string}"},"query-input":"required name=search_term_string"}],"inLanguage":"es"},{"@type":"Person","@id":"https:\/\/laprensacristiana.com\/#\/schema\/person\/3e7d82c6bfd6b1fa67010f8f7cd5256e","name":"EDITOR","image":{"@type":"ImageObject","inLanguage":"es","@id":"https:\/\/laprensacristiana.com\/#\/schema\/person\/image\/","url":"https:\/\/secure.gravatar.com\/avatar\/72069dfb6c13772d9e8381e3638666d2?s=96&d=mm&r=g","contentUrl":"https:\/\/secure.gravatar.com\/avatar\/72069dfb6c13772d9e8381e3638666d2?s=96&d=mm&r=g","caption":"EDITOR"},"url":"https:\/\/laprensacristiana.com\/?author=3"}]}},"_links":{"self":[{"href":"https:\/\/laprensacristiana.com\/index.php?rest_route=\/wp\/v2\/posts\/3046"}],"collection":[{"href":"https:\/\/laprensacristiana.com\/index.php?rest_route=\/wp\/v2\/posts"}],"about":[{"href":"https:\/\/laprensacristiana.com\/index.php?rest_route=\/wp\/v2\/types\/post"}],"author":[{"embeddable":true,"href":"https:\/\/laprensacristiana.com\/index.php?rest_route=\/wp\/v2\/users\/3"}],"replies":[{"embeddable":true,"href":"https:\/\/laprensacristiana.com\/index.php?rest_route=%2Fwp%2Fv2%2Fcomments&post=3046"}],"version-history":[{"count":1,"href":"https:\/\/laprensacristiana.com\/index.php?rest_route=\/wp\/v2\/posts\/3046\/revisions"}],"predecessor-version":[{"id":3050,"href":"https:\/\/laprensacristiana.com\/index.php?rest_route=\/wp\/v2\/posts\/3046\/revisions\/3050"}],"wp:featuredmedia":[{"embeddable":true,"href":"https:\/\/laprensacristiana.com\/index.php?rest_route=\/wp\/v2\/media\/3045"}],"wp:attachment":[{"href":"https:\/\/laprensacristiana.com\/index.php?rest_route=%2Fwp%2Fv2%2Fmedia&parent=3046"}],"wp:term":[{"taxonomy":"category","embeddable":true,"href":"https:\/\/laprensacristiana.com\/index.php?rest_route=%2Fwp%2Fv2%2Fcategories&post=3046"},{"taxonomy":"post_tag","embeddable":true,"href":"https:\/\/laprensacristiana.com\/index.php?rest_route=%2Fwp%2Fv2%2Ftags&post=3046"}],"curies":[{"name":"wp","href":"https:\/\/api.w.org\/{rel}","templated":true}]}}