{"id":3051,"date":"2017-07-18T17:39:06","date_gmt":"2017-07-18T17:39:06","guid":{"rendered":"https:\/\/laprensacristiana.com\/?p=3051"},"modified":"2020-07-02T00:37:25","modified_gmt":"2020-07-02T00:37:25","slug":"otorgan-premio-sol-de-justicia-al-maestro-benjamin-solis-menendez","status":"publish","type":"post","link":"https:\/\/laprensacristiana.com\/?p=3051","title":{"rendered":"Otorgan premio Sol de Justicia al Maestro Benjam\u00edn Sol\u00eds Men\u00e9ndez"},"content":{"rendered":"<p>El pasado lunes 17 de julio, se llev\u00f3 a cabo la gala que busca premiar a aquellas personas o instituciones que han contribuido a que el evangelio de Jesucristo sea expandido.<\/p>\n<p>\u201cSol de Justicia\u201d es un reconocimiento que otorga la Universidad Evang\u00e9lica de El Salvador cada a\u00f1o desde el 2004, a aquellas personas o instituciones que contribuyan y hagan que el evangelio de Jesucristo sea esparcido por toda la tierra. El galardonado de este a\u00f1o fue el Maestro Benjam\u00edn Sol\u00eds Men\u00e9ndez. Quien ha contribuido por muchos a\u00f1os a la m\u00fasica salvadore\u00f1a.<\/p>\n<p><img decoding=\"async\" loading=\"lazy\" class=\"alignnone size-full wp-image-3053\" src=\"https:\/\/laprensacristiana.com\/wp-content\/uploads\/2017\/07\/IMG_1339.jpg\" alt=\"\" width=\"4272\" height=\"2848\" \/><\/p>\n<p>Con m\u00e1s de cincuenta reconocimientos, el Maestro Sol\u00eds, ha sido fundador de diferentes coros, los cuales han sido reconocidos nacional e internacionalmente, adem\u00e1s con una larga trayectoria como maestro, ha compartido sus conocimientos con muchas personas de las cuales, tambi\u00e9n est\u00e1 su hijo, Maestro Mauricio Sol\u00eds, actual director de la Orquesta Sinf\u00f3nica Cristiana de El Salvador.<\/p>\n<p>\u201cCuando yo ten\u00eda 8 a\u00f1os, mi padre tuvo la visi\u00f3n de que yo aprendiera a tocar piano, para servir al Se\u00f1or; la visi\u00f3n de mi pap\u00e1 se hizo profec\u00eda, estas palabras quedaron grabadas en mi mente y mi coraz\u00f3n, fue as\u00ed que a mis 14 a\u00f1os fui nombrado director de un coro en la Primera Iglesia Bautista de San Salvador\u201d expres\u00f3 el Maestro Sol\u00eds.<\/p>\n<p>La gala fue acompa\u00f1ada por m\u00fasica en vivo dirigida por el Maestro Mauricio Sol\u00eds, y nueve m\u00fasicos, de los cuales seis de ellos, forman parte de la Familia Sol\u00eds. Las personas se mostraron muy contentas por tal reconocimiento, \u00a0el cual es de los m\u00e1s importantes a nivel de Iglesia Evang\u00e9lica.<\/p>\n<p><img decoding=\"async\" loading=\"lazy\" class=\"alignnone size-full wp-image-3054\" src=\"https:\/\/laprensacristiana.com\/wp-content\/uploads\/2017\/07\/IMG_1323.jpg\" alt=\"\" width=\"4272\" height=\"2848\" \/><\/p>\n<p>\u201cComo familia nos sentimos muy contentos, es un honor haber recibido El Sol de Justicia, contentos de que la universidad haya logrado reconocerlo e \u00e9l, su trabajo y su trayectoria, \u00a0nos queda la herencia de continuar el trabajo que \u00e9l comenz\u00f3, a Dios sea la Gloria\u201d \u00a0dijo el Maestro Mauricio Sol\u00eds.<\/p>\n<p><img decoding=\"async\" loading=\"lazy\" class=\"alignnone size-full wp-image-3055\" src=\"https:\/\/laprensacristiana.com\/wp-content\/uploads\/2017\/07\/IMG_1331.jpg\" alt=\"\" width=\"4272\" height=\"2848\" \/><\/p>\n<p>&nbsp;<\/p>\n","protected":false},"excerpt":{"rendered":"<p>El pasado lunes 17 de julio, se llev\u00f3 a cabo la gala que busca premiar a aquellas personas o instituciones que han contribuido a que el evangelio de Jesucristo sea expandido. \u201cSol de Justicia\u201d es un reconocimiento que otorga la Universidad Evang\u00e9lica de El Salvador cada a\u00f1o desde el 2004, a aquellas personas o instituciones [&hellip;]<\/p>\n","protected":false},"author":3,"featured_media":3052,"comment_status":"open","ping_status":"open","sticky":false,"template":"","format":"standard","meta":[],"categories":[56],"tags":[],"yoast_head":"<!-- This site is optimized with the Yoast SEO plugin v20.8 - https:\/\/yoast.com\/wordpress\/plugins\/seo\/ -->\n<title>Otorgan premio Sol de Justicia al Maestro Benjam\u00edn Sol\u00eds Men\u00e9ndez - La Prensa Cristiana<\/title>\n<meta name=\"robots\" content=\"index, follow, max-snippet:-1, max-image-preview:large, max-video-preview:-1\" \/>\n<link rel=\"canonical\" href=\"https:\/\/laprensacristiana.com\/?p=3051\" \/>\n<meta property=\"og:locale\" content=\"es_ES\" \/>\n<meta property=\"og:type\" content=\"article\" \/>\n<meta property=\"og:title\" content=\"Otorgan premio Sol de Justicia al Maestro Benjam\u00edn Sol\u00eds Men\u00e9ndez - La Prensa Cristiana\" \/>\n<meta property=\"og:description\" content=\"El pasado lunes 17 de julio, se llev\u00f3 a cabo la gala que busca premiar a aquellas personas o instituciones que han contribuido a que el evangelio de Jesucristo sea expandido. \u201cSol de Justicia\u201d es un reconocimiento que otorga la Universidad Evang\u00e9lica de El Salvador cada a\u00f1o desde el 2004, a aquellas personas o instituciones [&hellip;]\" \/>\n<meta property=\"og:url\" content=\"https:\/\/laprensacristiana.com\/?p=3051\" \/>\n<meta property=\"og:site_name\" content=\"La Prensa Cristiana\" \/>\n<meta property=\"article:published_time\" content=\"2017-07-18T17:39:06+00:00\" \/>\n<meta property=\"article:modified_time\" content=\"2020-07-02T00:37:25+00:00\" \/>\n<meta property=\"og:image\" content=\"https:\/\/laprensacristiana.com\/wp-content\/uploads\/2017\/07\/IMG_1338-scaled.jpg\" \/>\n\t<meta property=\"og:image:width\" content=\"2560\" \/>\n\t<meta property=\"og:image:height\" content=\"1699\" \/>\n\t<meta property=\"og:image:type\" content=\"image\/jpeg\" \/>\n<meta name=\"author\" content=\"EDITOR\" \/>\n<meta name=\"twitter:card\" content=\"summary_large_image\" \/>\n<meta name=\"twitter:label1\" content=\"Escrito por\" \/>\n\t<meta name=\"twitter:data1\" content=\"EDITOR\" \/>\n\t<meta name=\"twitter:label2\" content=\"Tiempo de lectura\" \/>\n\t<meta name=\"twitter:data2\" content=\"2 minutos\" \/>\n<script type=\"application\/ld+json\" class=\"yoast-schema-graph\">{\"@context\":\"https:\/\/schema.org\",\"@graph\":[{\"@type\":\"WebPage\",\"@id\":\"https:\/\/laprensacristiana.com\/?p=3051\",\"url\":\"https:\/\/laprensacristiana.com\/?p=3051\",\"name\":\"Otorgan premio Sol de Justicia al Maestro Benjam\u00edn Sol\u00eds Men\u00e9ndez - La Prensa Cristiana\",\"isPartOf\":{\"@id\":\"https:\/\/laprensacristiana.com\/#website\"},\"datePublished\":\"2017-07-18T17:39:06+00:00\",\"dateModified\":\"2020-07-02T00:37:25+00:00\",\"author\":{\"@id\":\"https:\/\/laprensacristiana.com\/#\/schema\/person\/3e7d82c6bfd6b1fa67010f8f7cd5256e\"},\"breadcrumb\":{\"@id\":\"https:\/\/laprensacristiana.com\/?p=3051#breadcrumb\"},\"inLanguage\":\"es\",\"potentialAction\":[{\"@type\":\"ReadAction\",\"target\":[\"https:\/\/laprensacristiana.com\/?p=3051\"]}]},{\"@type\":\"BreadcrumbList\",\"@id\":\"https:\/\/laprensacristiana.com\/?p=3051#breadcrumb\",\"itemListElement\":[{\"@type\":\"ListItem\",\"position\":1,\"name\":\"Portada\",\"item\":\"https:\/\/laprensacristiana.com\/\"},{\"@type\":\"ListItem\",\"position\":2,\"name\":\"Otorgan premio Sol de Justicia al Maestro Benjam\u00edn Sol\u00eds Men\u00e9ndez\"}]},{\"@type\":\"WebSite\",\"@id\":\"https:\/\/laprensacristiana.com\/#website\",\"url\":\"https:\/\/laprensacristiana.com\/\",\"name\":\"La Prensa Cristiana\",\"description\":\"Anunciando Las Buenas Nuevas\",\"potentialAction\":[{\"@type\":\"SearchAction\",\"target\":{\"@type\":\"EntryPoint\",\"urlTemplate\":\"https:\/\/laprensacristiana.com\/?s={search_term_string}\"},\"query-input\":\"required name=search_term_string\"}],\"inLanguage\":\"es\"},{\"@type\":\"Person\",\"@id\":\"https:\/\/laprensacristiana.com\/#\/schema\/person\/3e7d82c6bfd6b1fa67010f8f7cd5256e\",\"name\":\"EDITOR\",\"image\":{\"@type\":\"ImageObject\",\"inLanguage\":\"es\",\"@id\":\"https:\/\/laprensacristiana.com\/#\/schema\/person\/image\/\",\"url\":\"https:\/\/secure.gravatar.com\/avatar\/72069dfb6c13772d9e8381e3638666d2?s=96&d=mm&r=g\",\"contentUrl\":\"https:\/\/secure.gravatar.com\/avatar\/72069dfb6c13772d9e8381e3638666d2?s=96&d=mm&r=g\",\"caption\":\"EDITOR\"},\"url\":\"https:\/\/laprensacristiana.com\/?author=3\"}]}<\/script>\n<!-- \/ Yoast SEO plugin. -->","yoast_head_json":{"title":"Otorgan premio Sol de Justicia al Maestro Benjam\u00edn Sol\u00eds Men\u00e9ndez - La Prensa Cristiana","robots":{"index":"index","follow":"follow","max-snippet":"max-snippet:-1","max-image-preview":"max-image-preview:large","max-video-preview":"max-video-preview:-1"},"canonical":"https:\/\/laprensacristiana.com\/?p=3051","og_locale":"es_ES","og_type":"article","og_title":"Otorgan premio Sol de Justicia al Maestro Benjam\u00edn Sol\u00eds Men\u00e9ndez - La Prensa Cristiana","og_description":"El pasado lunes 17 de julio, se llev\u00f3 a cabo la gala que busca premiar a aquellas personas o instituciones que han contribuido a que el evangelio de Jesucristo sea expandido. \u201cSol de Justicia\u201d es un reconocimiento que otorga la Universidad Evang\u00e9lica de El Salvador cada a\u00f1o desde el 2004, a aquellas personas o instituciones [&hellip;]","og_url":"https:\/\/laprensacristiana.com\/?p=3051","og_site_name":"La Prensa Cristiana","article_published_time":"2017-07-18T17:39:06+00:00","article_modified_time":"2020-07-02T00:37:25+00:00","og_image":[{"width":2560,"height":1699,"url":"https:\/\/laprensacristiana.com\/wp-content\/uploads\/2017\/07\/IMG_1338-scaled.jpg","type":"image\/jpeg"}],"author":"EDITOR","twitter_card":"summary_large_image","twitter_misc":{"Escrito por":"EDITOR","Tiempo de lectura":"2 minutos"},"schema":{"@context":"https:\/\/schema.org","@graph":[{"@type":"WebPage","@id":"https:\/\/laprensacristiana.com\/?p=3051","url":"https:\/\/laprensacristiana.com\/?p=3051","name":"Otorgan premio Sol de Justicia al Maestro Benjam\u00edn Sol\u00eds Men\u00e9ndez - La Prensa Cristiana","isPartOf":{"@id":"https:\/\/laprensacristiana.com\/#website"},"datePublished":"2017-07-18T17:39:06+00:00","dateModified":"2020-07-02T00:37:25+00:00","author":{"@id":"https:\/\/laprensacristiana.com\/#\/schema\/person\/3e7d82c6bfd6b1fa67010f8f7cd5256e"},"breadcrumb":{"@id":"https:\/\/laprensacristiana.com\/?p=3051#breadcrumb"},"inLanguage":"es","potentialAction":[{"@type":"ReadAction","target":["https:\/\/laprensacristiana.com\/?p=3051"]}]},{"@type":"BreadcrumbList","@id":"https:\/\/laprensacristiana.com\/?p=3051#breadcrumb","itemListElement":[{"@type":"ListItem","position":1,"name":"Portada","item":"https:\/\/laprensacristiana.com\/"},{"@type":"ListItem","position":2,"name":"Otorgan premio Sol de Justicia al Maestro Benjam\u00edn Sol\u00eds Men\u00e9ndez"}]},{"@type":"WebSite","@id":"https:\/\/laprensacristiana.com\/#website","url":"https:\/\/laprensacristiana.com\/","name":"La Prensa Cristiana","description":"Anunciando Las Buenas Nuevas","potentialAction":[{"@type":"SearchAction","target":{"@type":"EntryPoint","urlTemplate":"https:\/\/laprensacristiana.com\/?s={search_term_string}"},"query-input":"required name=search_term_string"}],"inLanguage":"es"},{"@type":"Person","@id":"https:\/\/laprensacristiana.com\/#\/schema\/person\/3e7d82c6bfd6b1fa67010f8f7cd5256e","name":"EDITOR","image":{"@type":"ImageObject","inLanguage":"es","@id":"https:\/\/laprensacristiana.com\/#\/schema\/person\/image\/","url":"https:\/\/secure.gravatar.com\/avatar\/72069dfb6c13772d9e8381e3638666d2?s=96&d=mm&r=g","contentUrl":"https:\/\/secure.gravatar.com\/avatar\/72069dfb6c13772d9e8381e3638666d2?s=96&d=mm&r=g","caption":"EDITOR"},"url":"https:\/\/laprensacristiana.com\/?author=3"}]}},"_links":{"self":[{"href":"https:\/\/laprensacristiana.com\/index.php?rest_route=\/wp\/v2\/posts\/3051"}],"collection":[{"href":"https:\/\/laprensacristiana.com\/index.php?rest_route=\/wp\/v2\/posts"}],"about":[{"href":"https:\/\/laprensacristiana.com\/index.php?rest_route=\/wp\/v2\/types\/post"}],"author":[{"embeddable":true,"href":"https:\/\/laprensacristiana.com\/index.php?rest_route=\/wp\/v2\/users\/3"}],"replies":[{"embeddable":true,"href":"https:\/\/laprensacristiana.com\/index.php?rest_route=%2Fwp%2Fv2%2Fcomments&post=3051"}],"version-history":[{"count":1,"href":"https:\/\/laprensacristiana.com\/index.php?rest_route=\/wp\/v2\/posts\/3051\/revisions"}],"predecessor-version":[{"id":3056,"href":"https:\/\/laprensacristiana.com\/index.php?rest_route=\/wp\/v2\/posts\/3051\/revisions\/3056"}],"wp:featuredmedia":[{"embeddable":true,"href":"https:\/\/laprensacristiana.com\/index.php?rest_route=\/wp\/v2\/media\/3052"}],"wp:attachment":[{"href":"https:\/\/laprensacristiana.com\/index.php?rest_route=%2Fwp%2Fv2%2Fmedia&parent=3051"}],"wp:term":[{"taxonomy":"category","embeddable":true,"href":"https:\/\/laprensacristiana.com\/index.php?rest_route=%2Fwp%2Fv2%2Fcategories&post=3051"},{"taxonomy":"post_tag","embeddable":true,"href":"https:\/\/laprensacristiana.com\/index.php?rest_route=%2Fwp%2Fv2%2Ftags&post=3051"}],"curies":[{"name":"wp","href":"https:\/\/api.w.org\/{rel}","templated":true}]}}